{"id":16857,"date":"2021-05-07T20:14:55","date_gmt":"2021-05-07T20:14:55","guid":{"rendered":"https:\/\/visionciudadana.com.mx\/chio\/2021\/05\/07\/inicia-coepriss-operativo-de-salud-y-seguridad-sanitaria-por-el-dia-de-la-madre\/"},"modified":"2025-06-25T00:16:15","modified_gmt":"2025-06-25T00:16:15","slug":"inicia-coepriss-operativo-de-salud-y-seguridad-sanitaria-por-el-dia-de-la-madre","status":"publish","type":"post","link":"https:\/\/visionciudadana.com.mx\/oficial\/2021\/05\/07\/inicia-coepriss-operativo-de-salud-y-seguridad-sanitaria-por-el-dia-de-la-madre\/","title":{"rendered":"Inicia Coepriss operativo de salud y seguridad sanitaria por el D\u00eda de la Madre"},"content":{"rendered":"<p>&nbsp;<\/p>\n<p><img fetchpriority=\"high\" decoding=\"async\" src=\"images\/coeprisss.jpg\" alt=\"coeprisss\" width=\"638\" height=\"425\" style=\"display: block; margin-left: auto; margin-right: auto;\" \/><\/p>\n<p style=\"text-align: justify;\"><span style=\"font-family: arial, helvetica, sans-serif; font-size: 12pt;\">La Secretar\u00eda de Salud, a trav\u00e9s de la Comisi\u00f3n Estatal para la Protecci\u00f3n contra Riesgos Sanitarios de Sinaloa (Coepriss) y en una coordinaci\u00f3n interinstitucional, inici\u00f3 con motivo del D\u00eda de las Madres el operativo de seguridad y vigilancia sanitaria.<\/span><\/p>\n<p style=\"text-align: justify;\">&nbsp;<\/p>\n<p class=\"x_MsoNormal\" style=\"text-align: justify;\"><span style=\"font-family: arial, helvetica, sans-serif; font-size: 12pt;\">El comisionado Jorge Alan Urbina Vidales inform\u00f3 que el operativo tiene el prop\u00f3sito de vigilar el cumplimiento de las medidas de prevenci\u00f3n y los protocolos sanitarios en establecimientos comerciales en general, tiendas de regalos, florer\u00edas, restaurantes, pasteler\u00edas, panteones y evitar aglomeraciones en locales y en la v\u00eda p\u00fablica.<\/span><\/p>\n<p style=\"text-align: justify;\">&nbsp;<\/p>\n<p class=\"x_MsoNormal\" style=\"text-align: justify;\"><span style=\"font-family: arial, helvetica, sans-serif; font-size: 12pt;\">Explic\u00f3 que desde hoy se intensificar\u00e1n las verificaciones a comercios para vigilar que se cumplan con los filtros sanitarios con toma de temperatura, disposici\u00f3n de gel antibacterial, uso obligatorio de cubrebocas, sana distancia y aforo limitado. \u201cAunque Sinaloa estar\u00e1 en sem\u00e1foro verde del 10 al 23 de mayo es importante recordar a la poblaci\u00f3n que en todos los niveles de riesgo epidemiol\u00f3gico se recomienda mantener las medidas de b\u00e1sicas de prevenci\u00f3n\u201d, advirti\u00f3.<\/span><\/p>\n<p style=\"text-align: justify;\">&nbsp;<\/p>\n<p class=\"x_MsoNormal\" style=\"text-align: justify;\"><span style=\"font-family: arial, helvetica, sans-serif; font-size: 12pt;\">Apunt\u00f3 que durante el operativo de seguridad sanitaria se llevar\u00e1n a cabo controles preventivos en todo Sinaloa para vigilar el uso obligatorio del cubrebocas y las acciones que marcan los protocolos sanitarios.<\/span><\/p>\n<p style=\"text-align: justify;\">&nbsp;<\/p>\n<p class=\"x_MsoNormal\" style=\"text-align: justify;\"><span style=\"font-family: arial, helvetica, sans-serif; font-size: 12pt;\">\u201cAfortunadamente el comportamiento de la poblaci\u00f3n ha mejorado y los establecimientos comerciales en Sinaloa est\u00e1n operando con las mejores condiciones sanitarias\u201d, coment\u00f3.<\/span><\/p>\n<p style=\"text-align: justify;\">&nbsp;<\/p>\n<p class=\"x_MsoNormal\" style=\"text-align: justify;\"><span style=\"font-family: arial, helvetica, sans-serif; font-size: 12pt;\">Expuso que la poblaci\u00f3n sinaloense tiene m\u00e1s disposici\u00f3n de cumplir con las disposiciones derivadas de esta emergencia de salud y este factor aunado al cumplimiento de los protocolos sanitarios en comercios ha permitido reducir la estad\u00edstica de contagios. \u201cEs indispensable mantener el uso obligatorio del cubrebocas, las medidas de higiene y sana distancia, aunque se trate de personas vacunadas\u201d, asever\u00f3.<\/span><\/p>\n<p style=\"text-align: justify;\">&nbsp;<\/p>\n<p class=\"x_MsoNormal\" style=\"text-align: justify;\"><span style=\"font-family: arial, helvetica, sans-serif; font-size: 12pt;\">El titular de Coepriss expuso que en este operativo se est\u00e1 trabajando en coordinaci\u00f3n con los organismos empresariales como la C\u00e1mara Nacional de la Industria de Restaurantes y Alimentos Condimentados (Canirac) para garantizar que todos los restaurantes cumplan con los protocolos sanitarios.<\/span><\/p>\n<p style=\"text-align: justify;\">&nbsp;<\/p>\n<p class=\"x_MsoNormal\" style=\"text-align: justify;\"><span style=\"font-family: arial, helvetica, sans-serif; font-size: 12pt;\">\u201cHemos hecho \u00e9nfasis en que la clientela no debe aglomerarse por ning\u00fan motivo al concurrir a un comercio o tratar de realizar una compra, no podemos permitir la concentraci\u00f3n de personas y esto puede ser causa de cierre temporal de un negocio\u201d, advirti\u00f3.<\/span><\/p>\n<p style=\"text-align: justify;\">&nbsp;<\/p>\n<p class=\"x_MsoNormal\" style=\"text-align: justify;\"><span style=\"font-family: arial, helvetica, sans-serif; font-size: 12pt;\">Precis\u00f3 que la Coepriss tambi\u00e9n se ha coordinado con los 18 Ayuntamientos y las \u00e1reas de protecci\u00f3n civil para contemplar un operativo de vigilancia especial en los panteones.<\/span><\/p>\n<p style=\"text-align: justify;\">&nbsp;<\/p>\n<p class=\"x_MsoNormal\" style=\"text-align: justify;\"><span style=\"font-family: arial, helvetica, sans-serif; font-size: 12pt;\">\u201cSabemos que es natural que exista una mayor afluencia de personas en la calle y que es una fecha en la que crece significativamente la venta de los comercios con motivo del D\u00eda de las Madres, pero por ning\u00fan motivo las personas deben aglomerarse y olvidar que es indispensable mantener la sana distancia\u201d, subray\u00f3.<\/span><\/p>\n<p style=\"text-align: justify;\">&nbsp;<\/p>\n<p class=\"x_MsoNormal\" style=\"text-align: justify;\"><span style=\"font-family: arial, helvetica, sans-serif; font-size: 12pt;\">Finalmente concluy\u00f3 que debido al aumento de la temperatura ambiental tambi\u00e9n se realizaran acciones de fomento sanitario en establecimientos con venta de alimentos para constatar el cumplimiento de la normatividad sanitaria y cuidar la salud de la poblaci\u00f3n.<\/span><\/p>\n<p style=\"text-align: justify;\">&nbsp;<\/p>\n<p style=\"text-align: justify;\">&nbsp;<\/p>\n<p style=\"text-align: justify;\">Redacci\u00f3n\/ Visi\u00f3n Ciudadana&nbsp;<\/p>\n","protected":false},"excerpt":{"rendered":"<p>&nbsp; La Secretar\u00eda de Salud, a trav\u00e9s de la Comisi\u00f3n Estatal para la Protecci\u00f3n contra Riesgos Sanitarios de Sinaloa (Coepriss) y en una coordinaci\u00f3n interinstitucional, inici\u00f3 con motivo del D\u00eda de las Madres el operativo de seguridad y vigilancia sanitaria. &nbsp; El comisionado Jorge Alan Urbina Vidales inform\u00f3 que el operativo tiene el prop\u00f3sito de [&hellip;]<\/p>\n","protected":false},"author":1,"featured_media":556,"comment_status":"closed","ping_status":"closed","sticky":false,"template":"","format":"standard","meta":{"footnotes":""},"categories":[24],"tags":[],"ppma_author":[31],"class_list":["post-16857","post","type-post","status-publish","format-standard","has-post-thumbnail","hentry","category-relevantes"],"aioseo_notices":[],"authors":[{"term_id":31,"user_id":1,"is_guest":0,"slug":"ivan3vino","display_name":"Iv\u00e1n Trevi\u00f1o","avatar_url":{"url":"https:\/\/visionciudadana.com.mx\/oficial\/wp-content\/uploads\/2025\/09\/columna-ivan-Trevino.png","url2x":"https:\/\/visionciudadana.com.mx\/oficial\/wp-content\/uploads\/2025\/09\/columna-ivan-Trevino.png"},"0":null,"1":"","2":"","3":"","4":"","5":"","6":"","7":"","8":""}],"_links":{"self":[{"href":"https:\/\/visionciudadana.com.mx\/oficial\/wp-json\/wp\/v2\/posts\/16857","targetHints":{"allow":["GET"]}}],"collection":[{"href":"https:\/\/visionciudadana.com.mx\/oficial\/wp-json\/wp\/v2\/posts"}],"about":[{"href":"https:\/\/visionciudadana.com.mx\/oficial\/wp-json\/wp\/v2\/types\/post"}],"author":[{"embeddable":true,"href":"https:\/\/visionciudadana.com.mx\/oficial\/wp-json\/wp\/v2\/users\/1"}],"replies":[{"embeddable":true,"href":"https:\/\/visionciudadana.com.mx\/oficial\/wp-json\/wp\/v2\/comments?post=16857"}],"version-history":[{"count":1,"href":"https:\/\/visionciudadana.com.mx\/oficial\/wp-json\/wp\/v2\/posts\/16857\/revisions"}],"predecessor-version":[{"id":31062,"href":"https:\/\/visionciudadana.com.mx\/oficial\/wp-json\/wp\/v2\/posts\/16857\/revisions\/31062"}],"wp:featuredmedia":[{"embeddable":true,"href":"https:\/\/visionciudadana.com.mx\/oficial\/wp-json\/wp\/v2\/media\/556"}],"wp:attachment":[{"href":"https:\/\/visionciudadana.com.mx\/oficial\/wp-json\/wp\/v2\/media?parent=16857"}],"wp:term":[{"taxonomy":"category","embeddable":true,"href":"https:\/\/visionciudadana.com.mx\/oficial\/wp-json\/wp\/v2\/categories?post=16857"},{"taxonomy":"post_tag","embeddable":true,"href":"https:\/\/visionciudadana.com.mx\/oficial\/wp-json\/wp\/v2\/tags?post=16857"},{"taxonomy":"author","embeddable":true,"href":"https:\/\/visionciudadana.com.mx\/oficial\/wp-json\/wp\/v2\/ppma_author?post=16857"}],"curies":[{"name":"wp","href":"https:\/\/api.w.org\/{rel}","templated":true}]}}