{"id":16856,"date":"2021-05-07T20:02:57","date_gmt":"2021-05-07T20:02:57","guid":{"rendered":"https:\/\/visionciudadana.com.mx\/chio\/2021\/05\/07\/mario-zamora-firma-pacto-por-la-primera-infancia\/"},"modified":"2025-06-25T00:16:15","modified_gmt":"2025-06-25T00:16:15","slug":"mario-zamora-firma-pacto-por-la-primera-infancia","status":"publish","type":"post","link":"https:\/\/visionciudadana.com.mx\/oficial\/2021\/05\/07\/mario-zamora-firma-pacto-por-la-primera-infancia\/","title":{"rendered":"Mario Zamora firma Pacto por la Primera Infancia"},"content":{"rendered":"<p>&nbsp;<\/p>\n<p><img fetchpriority=\"high\" decoding=\"async\" src=\"images\/vision_3.jpg\" alt=\"vision 3\" width=\"443\" height=\"295\" style=\"display: block; margin-left: auto; margin-right: auto;\" \/><\/p>\n<p>&nbsp;<\/p>\n<p class=\"x_gmail-MsoNoSpacing\">Mario Zamora Gast\u00e9lum, candidato a la gubernatura de la alianza \u201cVa por Sinaloa\u201d, firm\u00f3 esta ma\u00f1ana el Pacto por la Primera Infancia, donde se comprometi\u00f3 a poner en su gobierno las herramientas para construir en el presente el mejor futuro para los 258 mil 572 ni\u00f1as y ni\u00f1os de Sinaloa.<\/p>\n<p class=\"x_gmail-MsoNoSpacing\">Al firmar la iniciativa del colectivo Pacto por la Primera Infancia, que agrupa a 449 instituciones, instancias acad\u00e9micas, organismos, organizaciones de la sociedad civil y fundaciones empresariales, Mario Zamora Gast\u00e9lum, explic\u00f3 que en los primeros a\u00f1os de la ni\u00f1ez est\u00e1n las bases de su futuro, por ello, reiter\u00f3 que su gobierno regresar\u00e1 el programa de Estancias Infantiles, y crear\u00e1 un sistema de becas para que ninguna ni\u00f1a y ni\u00f1o se queden sin estudiar por falta de dinero.<\/p>\n<p class=\"x_gmail-MsoNoSpacing\">Explic\u00f3 que tambi\u00e9n retomar\u00e1 el programa de Escuelas de Tiempo completo que elimin\u00f3 el Gobierno Federal, y crear\u00e1 un Centro de Atenci\u00f3n al Talento, para destacar a las ni\u00f1as y ni\u00f1os que tiene una condici\u00f3n especial.<\/p>\n<p class=\"x_gmail-MsoNoSpacing\">\u201cPor eso me he comprometido a firmar este pacto, en cumplirlo y en apoyarlo, una vez que seamos gobierno\u201d, dijo.<\/p>\n<p class=\"x_gmail-MsoNoSpacing\">En ese marco, el abanderado del PRI-PRD-PAN, reproch\u00f3 la intenci\u00f3n del partido de Morena, de desaparecer el Sistema de Protecci\u00f3n Integral de las Ni\u00f1as, Ni\u00f1os y Adolescentes (SIPINNA).<\/p>\n<p class=\"x_gmail-MsoNoSpacing\">\u201cD\u00f3nde est\u00e1 la congruencia en el decir y en el hacer, lo importante no es venir a tomarse la fotito, \u00fanicamente por el momento electoral, lo que habla por nosotros mismos es la congruencia y son los hechos\u201d, subray\u00f3.<\/p>\n<p class=\"x_gmail-MsoNoSpacing\">En ese marco, Mario Zamora Gast\u00e9lum, critic\u00f3 el actuar del candidato a la gubernatura de este partido, quien tambi\u00e9n asisti\u00f3 a firmar el pacto, pues en su momento vot\u00f3 para que desaparecieran las Estancias Infantiles, que forman parte de las metas del colectivo.<\/p>\n<p class=\"x_gmail-MsoNoSpacing\">\u201cYo vengo en total congruencia; con total convencimiento que debemos tener acciones en los hechos, que lleven a darle el apoyo a estas ni\u00f1as y ni\u00f1os\u201d, afirm\u00f3.<\/p>\n<p class=\"x_gmail-MsoNoSpacing\">El pr\u00f3ximo gobernador, Mario Zamora Gast\u00e9lum, reconoci\u00f3 el esfuerzo que hace la sociedad con sus ganas, con su deseo y su energ\u00eda, de organizar y buscar la manera de contribuir en la comunidad que les ha dado oportunidades y le quiere retribuir.<\/p>\n<p class=\"x_gmail-MsoNoSpacing\">\u201cMi compromiso completo con la sociedad civil, con ustedes que ponen y hacen labores que a veces les corresponden al gobierno, de la mano, unidos, vamos construir juntos el mejor Sinaloa que todos&nbsp; anhelamos y queremos\u201d, concluy\u00f3.<\/p>\n<p class=\"x_gmail-MsoNoSpacing\">Las metas del colectivo son: disminuir la pobreza, desnutrici\u00f3n cr\u00f3nica, anemia, detener el sobrepeso y obesidad; incrementar la lactancia; que ni\u00f1as y ni\u00f1os reciban sus vacunas; detectar la discapacidad; incrementar la cobertura de educaci\u00f3n y salud; incrementar el desarrollo infantil adecuado; que los menores participen en programas de desarrollo infantil, y de pr\u00e1cticas de crianza; lograr el registro oportuno de los ni\u00f1os; y erradicar la violencia.<\/p>\n<p class=\"x_gmail-MsoNoSpacing\"><b>PROPUESTAS DE MARIO ZAMORA PARA LA INFANCIA SINALOENSE<\/b><\/p>\n<p class=\"x_gmail-MsoNoSpacing\">&gt;&gt;Protecci\u00f3n a la Salud de la Primera Infancia<\/p>\n<p class=\"x_gmail-MsoNoSpacing\">\u2022 Fortaleceremos los programas de promoci\u00f3n a la lactancia materna; la cobertura de vacunaci\u00f3n; la detecci\u00f3n oportuna de discapacidad, desnutrici\u00f3n y sobrepeso, para su atenci\u00f3n oportuna.<\/p>\n<p class=\"x_gmail-MsoNoSpacing\">&gt;&gt;Red de Estancias Infantiles<\/p>\n<p class=\"x_gmail-MsoNoSpacing\">\u2022 En Sinaloa hab\u00eda 350 estancias infantiles en las que se atend\u00eda diariamente a 13,500 ni\u00f1as y ni\u00f1os, s\u00f3lo quedan 120.<\/p>\n<p class=\"x_gmail-MsoNoSpacing\">\u2022 Reactivaremos la operaci\u00f3n de estancias infantiles en los 18 municipios, en el \u00e1rea urbana y rural. Siempre a favor de los derechos de la primera infancia y de las mujeres trabajadoras de Sinaloa.<\/p>\n<p class=\"x_gmail-MsoNoSpacing\">&gt;&gt;Ninguna Ni\u00f1a o Ni\u00f1o Fuera de la Escuela<\/p>\n<p class=\"x_gmail-MsoNoSpacing\">\u2022 Se ofrecer\u00e1n apoyos educativos a ni\u00f1as y ni\u00f1os de Educaci\u00f3n B\u00e1sica de escasos recursos.<\/p>\n<p class=\"x_gmail-MsoNoSpacing\">&gt;&gt;Programa Escuelas de Tiempo Completo en Sinaloa<\/p>\n<p class=\"x_gmail-MsoNoSpacing\">\u2022 Mantendremos en operaci\u00f3n el Programa de Escuelas de Tiempo Completo. Una alimentaci\u00f3n balanceada con suficientes nutrientes para el desarrollo f\u00edsico e intelectual ser\u00e1 asegurada.<\/p>\n<p class=\"x_gmail-MsoNoSpacing\">&gt;&gt;Creaci\u00f3n de Centro de Atenci\u00f3n al Talento<\/p>\n<p class=\"x_gmail-MsoNoSpacing\">\u2022 Las ni\u00f1as y ni\u00f1os superdotados sinaloenses, encontrar\u00e1n un espacio para su atenci\u00f3n y vinculaci\u00f3n con organismos internacionales, para la detecci\u00f3n e implementaci\u00f3n de modelos de atenci\u00f3n para el talento<\/p>\n<p class=\"x_gmail-MsoNoSpacing\">&#8211;00&#8211;<\/p>\n<p class=\"x_gmail-MsoNoSpacing\"><b><i>_*Que no te confundan ni te enga\u00f1en<\/i><\/b><i>.* Los programas sociales como el apoyo a adultos mayores, salud y becas para la educaci\u00f3n son un derecho constitucional que Mario Zamora vot\u00f3 en el Senado, nadie se los puede quitar. En su gobierno ser\u00e1n fortalecidos pero adem\u00e1s se rescatar\u00e1n los programas de estancias infantiles para ayudar a las mam\u00e1s trabajadoras, se luchar\u00e1 para recuperar los apoyos al campo, el empleo temporal, los comedores comunitarios, los refugios para proteger a mujeres v\u00edctimas de violencia y los programas en beneficio de la pesca._<\/i><\/p>\n<p>&nbsp;<\/p>\n<p>&nbsp;<\/p>\n<p>Redacci\u00f3n\/ Visi\u00f3n Ciudadana&nbsp;<\/p>\n","protected":false},"excerpt":{"rendered":"<p>&nbsp; &nbsp; Mario Zamora Gast\u00e9lum, candidato a la gubernatura de la alianza \u201cVa por Sinaloa\u201d, firm\u00f3 esta ma\u00f1ana el Pacto por la Primera Infancia, donde se comprometi\u00f3 a poner en su gobierno las herramientas para construir en el presente el mejor futuro para los 258 mil 572 ni\u00f1as y ni\u00f1os de Sinaloa. Al firmar la [&hellip;]<\/p>\n","protected":false},"author":1,"featured_media":554,"comment_status":"closed","ping_status":"closed","sticky":false,"template":"","format":"standard","meta":{"footnotes":""},"categories":[24],"tags":[],"ppma_author":[31],"class_list":["post-16856","post","type-post","status-publish","format-standard","has-post-thumbnail","hentry","category-relevantes"],"aioseo_notices":[],"authors":[{"term_id":31,"user_id":1,"is_guest":0,"slug":"ivan3vino","display_name":"Iv\u00e1n Trevi\u00f1o","avatar_url":{"url":"https:\/\/visionciudadana.com.mx\/oficial\/wp-content\/uploads\/2025\/09\/columna-ivan-Trevino.png","url2x":"https:\/\/visionciudadana.com.mx\/oficial\/wp-content\/uploads\/2025\/09\/columna-ivan-Trevino.png"},"0":null,"1":"","2":"","3":"","4":"","5":"","6":"","7":"","8":""}],"_links":{"self":[{"href":"https:\/\/visionciudadana.com.mx\/oficial\/wp-json\/wp\/v2\/posts\/16856","targetHints":{"allow":["GET"]}}],"collection":[{"href":"https:\/\/visionciudadana.com.mx\/oficial\/wp-json\/wp\/v2\/posts"}],"about":[{"href":"https:\/\/visionciudadana.com.mx\/oficial\/wp-json\/wp\/v2\/types\/post"}],"author":[{"embeddable":true,"href":"https:\/\/visionciudadana.com.mx\/oficial\/wp-json\/wp\/v2\/users\/1"}],"replies":[{"embeddable":true,"href":"https:\/\/visionciudadana.com.mx\/oficial\/wp-json\/wp\/v2\/comments?post=16856"}],"version-history":[{"count":1,"href":"https:\/\/visionciudadana.com.mx\/oficial\/wp-json\/wp\/v2\/posts\/16856\/revisions"}],"predecessor-version":[{"id":31063,"href":"https:\/\/visionciudadana.com.mx\/oficial\/wp-json\/wp\/v2\/posts\/16856\/revisions\/31063"}],"wp:featuredmedia":[{"embeddable":true,"href":"https:\/\/visionciudadana.com.mx\/oficial\/wp-json\/wp\/v2\/media\/554"}],"wp:attachment":[{"href":"https:\/\/visionciudadana.com.mx\/oficial\/wp-json\/wp\/v2\/media?parent=16856"}],"wp:term":[{"taxonomy":"category","embeddable":true,"href":"https:\/\/visionciudadana.com.mx\/oficial\/wp-json\/wp\/v2\/categories?post=16856"},{"taxonomy":"post_tag","embeddable":true,"href":"https:\/\/visionciudadana.com.mx\/oficial\/wp-json\/wp\/v2\/tags?post=16856"},{"taxonomy":"author","embeddable":true,"href":"https:\/\/visionciudadana.com.mx\/oficial\/wp-json\/wp\/v2\/ppma_author?post=16856"}],"curies":[{"name":"wp","href":"https:\/\/api.w.org\/{rel}","templated":true}]}}