{"id":16855,"date":"2021-05-07T19:45:19","date_gmt":"2021-05-07T19:45:19","guid":{"rendered":"https:\/\/visionciudadana.com.mx\/chio\/2021\/05\/07\/trabajadores-del-ayuntamiento-demuestran-su-apoyo-a-estrada-ferreiro\/"},"modified":"2025-06-25T00:16:15","modified_gmt":"2025-06-25T00:16:15","slug":"trabajadores-del-ayuntamiento-demuestran-su-apoyo-a-estrada-ferreiro","status":"publish","type":"post","link":"https:\/\/visionciudadana.com.mx\/oficial\/2021\/05\/07\/trabajadores-del-ayuntamiento-demuestran-su-apoyo-a-estrada-ferreiro\/","title":{"rendered":"Trabajadores del Ayuntamiento demuestran su apoyo a Estrada Ferreiro"},"content":{"rendered":"<p>&nbsp;<\/p>\n<p><img fetchpriority=\"high\" decoding=\"async\" src=\"images\/vision_2.jpeg\" alt=\"vision 2\" width=\"560\" height=\"373\" style=\"display: block; margin-left: auto; margin-right: auto;\" \/><\/p>\n<p style=\"text-align: justify;\"><span style=\"font-family: arial, helvetica, sans-serif; font-size: 12pt;\">Las condiciones laborales de empleados municipales han mejorado sustancialmente y se seguir\u00e1n dignificando al llegar el nuevo periodo de la administraci\u00f3n, asegur\u00f3 el Lic. Jes\u00fas Estrada Ferreiro, candidato a presidente municipal de Culiac\u00e1n, quien dijo que esto ha sido posible contra todo pron\u00f3stico y se ha beneficiado tanto a personal sindicalizado como eventual que percib\u00eda muy bajos salarios.<\/span><\/p>\n<div style=\"text-align: justify;\"><span style=\"font-family: arial, helvetica, sans-serif; font-size: 12pt;\"><\/span><\/div>\n<div style=\"text-align: justify;\"><span style=\"font-family: arial, helvetica, sans-serif; font-size: 12pt;\"><\/span><\/div>\n<div style=\"text-align: justify;\"><span style=\"font-family: arial, helvetica, sans-serif; font-size: 12pt;\">En reuni\u00f3n con trabajadores sindicalizados del Ayuntamiento indic\u00f3 que esto ha sido posible gracias a la optimizaci\u00f3n de recursos ejercida en su administraci\u00f3n y es por ello que se ha cumplido con el pago de aguinaldos prima vacacional y prestaciones de ley, no se ha faltado nunca con ninguna de ellas aun y en medio de la pandemia por COVID-19.<\/span><\/div>\n<div style=\"text-align: justify;\"><span style=\"font-family: arial, helvetica, sans-serif; font-size: 12pt;\"><\/span><\/div>\n<div style=\"text-align: justify;\"><span style=\"font-family: arial, helvetica, sans-serif; font-size: 12pt;\"><\/span><\/div>\n<div style=\"text-align: justify;\"><span style=\"font-family: arial, helvetica, sans-serif; font-size: 12pt;\">Asegur\u00f3 que seguir\u00e1 trabajando para beneficiar a los m\u00e1s desfavorecidos y eliminar privilegios indebidos como veh\u00edculos para personal comisionado que no se presentaba a trabajar, adem\u00e1s de gasolina.<\/span><\/div>\n<div style=\"text-align: justify;\"><span style=\"font-family: arial, helvetica, sans-serif; font-size: 12pt;\"><\/span><\/div>\n<div style=\"text-align: justify;\"><span style=\"font-family: arial, helvetica, sans-serif; font-size: 12pt;\"><\/span><\/div>\n<div style=\"text-align: justify;\"><span style=\"font-family: arial, helvetica, sans-serif; font-size: 12pt;\">Asimismo, reiter\u00f3 que al frente de la administraci\u00f3n municipal se cumpli\u00f3 con el aumento de sueldo escalonado para quienes menos ingreso salarial percib\u00edan, mientras que a m\u00e1s de mil 300 empleados eventuales que ganaban en algunos casos 2 mil pesos a la quincena, se les aument\u00f3 al doble su sueldo, esto adem\u00e1s de brindarles seguridad social a quienes padecen enfermedades de gravedad o sus familiares.<\/span><\/div>\n<div style=\"text-align: justify;\"><span style=\"font-family: arial, helvetica, sans-serif; font-size: 12pt;\"><\/span><\/div>\n<div style=\"text-align: justify;\"><span style=\"font-family: arial, helvetica, sans-serif; font-size: 12pt;\"><\/span><\/div>\n<div style=\"text-align: justify;\"><span style=\"font-family: arial, helvetica, sans-serif; font-size: 12pt;\">\u00abYo les ofrezco que llegado el momento de la nueva administraci\u00f3n, el nuevo periodo administrativo, vamos a modificar muchas cosas para mejorar las condiciones de trabajo y tambi\u00e9n las condiciones econ\u00f3micas de todos los trabajadores, sobre todo los eventuales y sindicalizados que ganen menos\u00bb, precis\u00f3.<\/span><\/div>\n<div style=\"text-align: justify;\"><span style=\"font-family: arial, helvetica, sans-serif; font-size: 12pt;\"><\/span><\/div>\n<div style=\"text-align: justify;\"><span style=\"font-family: arial, helvetica, sans-serif; font-size: 12pt;\"><\/span><\/div>\n<div style=\"text-align: justify;\"><span style=\"font-family: arial, helvetica, sans-serif; font-size: 12pt;\">Estrada Ferreiro dej\u00f3 en claro que ning\u00fan trabajador est\u00e1 obligado a votar por \u00e9l para que cumpla con sus compromisos de campa\u00f1a ya que lo que predomina es la democracia.<\/span><\/div>\n<div style=\"text-align: justify;\"><span style=\"font-family: arial, helvetica, sans-serif; font-size: 12pt;\"><\/span><\/div>\n<div style=\"text-align: justify;\"><span style=\"font-family: arial, helvetica, sans-serif; font-size: 12pt;\"><\/span><\/div>\n<div style=\"text-align: justify;\"><span style=\"font-family: arial, helvetica, sans-serif; font-size: 12pt;\">\u00abEso es un ofrecimiento que les hago sin compromiso, porque a pesar de que est\u00e1n aqu\u00ed yo entiendo que vienen a apoyarme, no quiero asumir que es un apoyo a ciegas, no tienen obligaci\u00f3n de votar por mi, as\u00ed como lo oyen, esa es la democracia\u00bb, expres\u00f3.<\/span><\/div>\n<div style=\"text-align: justify;\"><span style=\"font-family: arial, helvetica, sans-serif; font-size: 12pt;\"><\/span><\/div>\n<div style=\"text-align: justify;\"><span style=\"font-family: arial, helvetica, sans-serif; font-size: 12pt;\"><\/span><\/div>\n<div style=\"text-align: justify;\"><span style=\"font-family: arial, helvetica, sans-serif; font-size: 12pt;\">El inter\u00e9s del pueblo est\u00e1 por encima del inter\u00e9s de un grupo de personas, finaliz\u00f3 el candidato quien agradeci\u00f3 las muestras de apoyo de los empleados que le brindaron su respaldo en esta contienda electoral para ocupar nuevamente el cargo de presidente municipal de Culiac\u00e1n.<\/span><\/div>\n<div>&nbsp;<\/div>\n<div>&nbsp;<\/div>\n<div>Redacci\u00f3n\/ Visi\u00f3n Ciudadana&nbsp;<\/div>\n","protected":false},"excerpt":{"rendered":"<p>&nbsp; Las condiciones laborales de empleados municipales han mejorado sustancialmente y se seguir\u00e1n dignificando al llegar el nuevo periodo de la administraci\u00f3n, asegur\u00f3 el Lic. Jes\u00fas Estrada Ferreiro, candidato a presidente municipal de Culiac\u00e1n, quien dijo que esto ha sido posible contra todo pron\u00f3stico y se ha beneficiado tanto a personal sindicalizado como eventual que [&hellip;]<\/p>\n","protected":false},"author":1,"featured_media":552,"comment_status":"closed","ping_status":"closed","sticky":false,"template":"","format":"standard","meta":{"footnotes":""},"categories":[24],"tags":[],"ppma_author":[31],"class_list":["post-16855","post","type-post","status-publish","format-standard","has-post-thumbnail","hentry","category-relevantes"],"aioseo_notices":[],"authors":[{"term_id":31,"user_id":1,"is_guest":0,"slug":"ivan3vino","display_name":"Iv\u00e1n Trevi\u00f1o","avatar_url":{"url":"https:\/\/visionciudadana.com.mx\/oficial\/wp-content\/uploads\/2025\/09\/columna-ivan-Trevino.png","url2x":"https:\/\/visionciudadana.com.mx\/oficial\/wp-content\/uploads\/2025\/09\/columna-ivan-Trevino.png"},"0":null,"1":"","2":"","3":"","4":"","5":"","6":"","7":"","8":""}],"_links":{"self":[{"href":"https:\/\/visionciudadana.com.mx\/oficial\/wp-json\/wp\/v2\/posts\/16855","targetHints":{"allow":["GET"]}}],"collection":[{"href":"https:\/\/visionciudadana.com.mx\/oficial\/wp-json\/wp\/v2\/posts"}],"about":[{"href":"https:\/\/visionciudadana.com.mx\/oficial\/wp-json\/wp\/v2\/types\/post"}],"author":[{"embeddable":true,"href":"https:\/\/visionciudadana.com.mx\/oficial\/wp-json\/wp\/v2\/users\/1"}],"replies":[{"embeddable":true,"href":"https:\/\/visionciudadana.com.mx\/oficial\/wp-json\/wp\/v2\/comments?post=16855"}],"version-history":[{"count":1,"href":"https:\/\/visionciudadana.com.mx\/oficial\/wp-json\/wp\/v2\/posts\/16855\/revisions"}],"predecessor-version":[{"id":31064,"href":"https:\/\/visionciudadana.com.mx\/oficial\/wp-json\/wp\/v2\/posts\/16855\/revisions\/31064"}],"wp:featuredmedia":[{"embeddable":true,"href":"https:\/\/visionciudadana.com.mx\/oficial\/wp-json\/wp\/v2\/media\/552"}],"wp:attachment":[{"href":"https:\/\/visionciudadana.com.mx\/oficial\/wp-json\/wp\/v2\/media?parent=16855"}],"wp:term":[{"taxonomy":"category","embeddable":true,"href":"https:\/\/visionciudadana.com.mx\/oficial\/wp-json\/wp\/v2\/categories?post=16855"},{"taxonomy":"post_tag","embeddable":true,"href":"https:\/\/visionciudadana.com.mx\/oficial\/wp-json\/wp\/v2\/tags?post=16855"},{"taxonomy":"author","embeddable":true,"href":"https:\/\/visionciudadana.com.mx\/oficial\/wp-json\/wp\/v2\/ppma_author?post=16855"}],"curies":[{"name":"wp","href":"https:\/\/api.w.org\/{rel}","templated":true}]}}