{"id":16848,"date":"2021-05-06T18:38:08","date_gmt":"2021-05-06T18:38:08","guid":{"rendered":"https:\/\/visionciudadana.com.mx\/chio\/2021\/05\/06\/rios-navegables-seran-detonante-economico-y-turistico-para-culiacan\/"},"modified":"2025-06-25T00:16:15","modified_gmt":"2025-06-25T00:16:15","slug":"rios-navegables-seran-detonante-economico-y-turistico-para-culiacan","status":"publish","type":"post","link":"https:\/\/visionciudadana.com.mx\/oficial\/2021\/05\/06\/rios-navegables-seran-detonante-economico-y-turistico-para-culiacan\/","title":{"rendered":"R\u00edos navegables ser\u00e1n detonante econ\u00f3mico y tur\u00edstico para Culiac\u00e1n"},"content":{"rendered":"<p>&nbsp;<\/p>\n<p>&nbsp;<\/p>\n<p><img fetchpriority=\"high\" decoding=\"async\" src=\"images\/image0_1.jpeg\" alt=\"image0 1\" width=\"764\" height=\"509\" style=\"display: block; margin-left: auto; margin-right: auto;\" \/><\/p>\n<p style=\"text-align: justify;\"><span style=\"font-family: arial, helvetica, sans-serif; font-size: 12pt;\">El dragado de los r\u00edos Humaya, Tamazula y Culiac\u00e1n para hacerlos navegables, ser\u00e1 una realidad, el presupuesto ya est\u00e1 aprobado y as\u00ed evitaremos inundaciones adem\u00e1s de detonar el turismo, afirm\u00f3 el candidato a alcalde de Culiac\u00e1n Lic. Jes\u00fas Estrada Ferreiro al recordar que este fue un compromiso hecho desde que buscaba llegar a la presidencia del municipio.&nbsp;<\/span><\/p>\n<div style=\"text-align: justify;\"><span style=\"font-family: arial, helvetica, sans-serif; font-size: 12pt;\"><\/span><\/div>\n<div style=\"text-align: justify;\"><span style=\"font-family: arial, helvetica, sans-serif; font-size: 12pt;\">Hoy este compromiso se est\u00e1 cumpliendo, recalc\u00f3, y agreg\u00f3 que se har\u00e1 limpieza y desazolve de estos afluentes, el Humaya y Tamazula 3 kil\u00f3metros aguas arriba de la Presa Derivadora, y el Culiac\u00e1n 6 kil\u00f3metros aguas abajo hasta Bachigualato.&nbsp;<\/span><\/div>\n<div style=\"text-align: justify;\"><span style=\"font-family: arial, helvetica, sans-serif; font-size: 12pt;\"><\/span><\/div>\n<div style=\"text-align: justify;\"><span style=\"font-family: arial, helvetica, sans-serif; font-size: 12pt;\">\u00abEsto permitir\u00e1 que el Humaya y Tamazula sean navegables medianamente, vamos a tener m\u00e1s capacidad de almacenamiento de agua para los mantos fre\u00e1ticos, van a evitarse inundaciones en la ciudad de Culiac\u00e1n, va a mejorar el ambiente, la fauna acu\u00e1tica y la fauna terrestre de esas riberas de los r\u00edos se va a conservar y se va a proteger, va a mejorar la vegetaci\u00f3n\u00bb, precis\u00f3. &nbsp;<\/span><\/div>\n<div style=\"text-align: justify;\"><span style=\"font-family: arial, helvetica, sans-serif; font-size: 12pt;\"><\/span><\/div>\n<div style=\"text-align: justify;\"><span style=\"font-family: arial, helvetica, sans-serif; font-size: 12pt;\">De igual forma, dijo que habr\u00e1 as\u00ed, un desarrollo importante principalmente en el \u00e1rea del r\u00edo Culiac\u00e1n, ya que se van a recuperar m\u00e1s de mil hect\u00e1reas que ser\u00e1n urbanizadas y se comercializar\u00e1n como se hizo con el sector Tres R\u00edos, pero ahora con el debido orden y de manera lotificada.&nbsp;<\/span><\/div>\n<div style=\"text-align: justify;\"><span style=\"font-family: arial, helvetica, sans-serif; font-size: 12pt;\"><\/span><\/div>\n<div style=\"text-align: justify;\"><span style=\"font-family: arial, helvetica, sans-serif; font-size: 12pt;\">Todo ello en concordancia con lo que desde el inicio de su administraci\u00f3n y antes de llegar a ser alcalde, se comprometi\u00f3 a realizar en el sentido de mejorar la urbanizaci\u00f3n y regularla, sin conceder caprichos que luego afectan a la ciudad.&nbsp;<\/span><\/div>\n<div style=\"text-align: justify;\"><span style=\"font-family: arial, helvetica, sans-serif; font-size: 12pt;\"><\/span><\/div>\n<div style=\"text-align: justify;\"><span style=\"font-family: arial, helvetica, sans-serif; font-size: 12pt;\">A su vez, esto repercutir\u00e1 en crecimiento de la econom\u00eda porque habr\u00e1 mayor inversi\u00f3n en el sector restaurantero, hotelero, desarrollos, plazas comerciales, por mencionar algunos.&nbsp;<\/span><\/div>\n<div style=\"text-align: justify;\"><span style=\"font-family: arial, helvetica, sans-serif; font-size: 12pt;\"><\/span><\/div>\n<div style=\"text-align: justify;\"><span style=\"font-family: arial, helvetica, sans-serif; font-size: 12pt;\">Jes\u00fas Estrada Ferreiro, explic\u00f3 que esto forma parte de una primera etapa y la idea es que este dragado llegue hasta el mar a trav\u00e9s del municipio de Navolato para tener un sistema de comunicaci\u00f3n de transporte acu\u00e1tico importante.&nbsp;<\/span><\/div>\n<div style=\"text-align: justify;\"><span style=\"font-family: arial, helvetica, sans-serif; font-size: 12pt;\"><\/span><\/div>\n<div style=\"text-align: justify;\"><span style=\"font-family: arial, helvetica, sans-serif; font-size: 12pt;\">El proyecto dej\u00f3 en claro que ser\u00e1 integral, pues se buscar\u00e1 iluminarlos para darles mayor vida y preservar la riqueza natural con la que cuenta el municipio de Culiac\u00e1n, ciudad con 3 r\u00edos que pasan por el centro de la ciudad.&nbsp;<\/span><\/div>\n<div style=\"text-align: justify;\"><span style=\"font-family: arial, helvetica, sans-serif; font-size: 12pt;\"><\/span><\/div>\n<div style=\"text-align: justify;\"><span style=\"font-family: arial, helvetica, sans-serif; font-size: 12pt;\">Pero adem\u00e1s para el pr\u00f3ximo a\u00f1o, el candidato adelant\u00f3 que se tiene el proyecto de modernizaci\u00f3n de la Presa Derivadora para que cuente con al menos tres desarenadores m\u00e1s que permitan que al abrirlos se desazolve autom\u00e1ticamente el r\u00edo sin necesidad de estarlo limpiando frecuentemente.<\/span><\/div>\n<div>&nbsp;<\/div>\n<div>&nbsp;<\/div>\n<div>&nbsp;<\/div>\n<div>Redacci\u00f3n\/ VISI\u00d3N CIUDADANA&nbsp;<\/div>\n<div style=\"text-align: justify;\"><span style=\"font-family: arial, helvetica, sans-serif; font-size: 12pt;\"><\/span><\/div>\n","protected":false},"excerpt":{"rendered":"<p>&nbsp; &nbsp; El dragado de los r\u00edos Humaya, Tamazula y Culiac\u00e1n para hacerlos navegables, ser\u00e1 una realidad, el presupuesto ya est\u00e1 aprobado y as\u00ed evitaremos inundaciones adem\u00e1s de detonar el turismo, afirm\u00f3 el candidato a alcalde de Culiac\u00e1n Lic. Jes\u00fas Estrada Ferreiro al recordar que este fue un compromiso hecho desde que buscaba llegar a [&hellip;]<\/p>\n","protected":false},"author":1,"featured_media":544,"comment_status":"closed","ping_status":"closed","sticky":false,"template":"","format":"standard","meta":{"footnotes":""},"categories":[24],"tags":[],"ppma_author":[31],"class_list":["post-16848","post","type-post","status-publish","format-standard","has-post-thumbnail","hentry","category-relevantes"],"aioseo_notices":[],"authors":[{"term_id":31,"user_id":1,"is_guest":0,"slug":"ivan3vino","display_name":"Iv\u00e1n Trevi\u00f1o","avatar_url":{"url":"https:\/\/visionciudadana.com.mx\/oficial\/wp-content\/uploads\/2025\/09\/columna-ivan-Trevino.png","url2x":"https:\/\/visionciudadana.com.mx\/oficial\/wp-content\/uploads\/2025\/09\/columna-ivan-Trevino.png"},"0":null,"1":"","2":"","3":"","4":"","5":"","6":"","7":"","8":""}],"_links":{"self":[{"href":"https:\/\/visionciudadana.com.mx\/oficial\/wp-json\/wp\/v2\/posts\/16848","targetHints":{"allow":["GET"]}}],"collection":[{"href":"https:\/\/visionciudadana.com.mx\/oficial\/wp-json\/wp\/v2\/posts"}],"about":[{"href":"https:\/\/visionciudadana.com.mx\/oficial\/wp-json\/wp\/v2\/types\/post"}],"author":[{"embeddable":true,"href":"https:\/\/visionciudadana.com.mx\/oficial\/wp-json\/wp\/v2\/users\/1"}],"replies":[{"embeddable":true,"href":"https:\/\/visionciudadana.com.mx\/oficial\/wp-json\/wp\/v2\/comments?post=16848"}],"version-history":[{"count":1,"href":"https:\/\/visionciudadana.com.mx\/oficial\/wp-json\/wp\/v2\/posts\/16848\/revisions"}],"predecessor-version":[{"id":31065,"href":"https:\/\/visionciudadana.com.mx\/oficial\/wp-json\/wp\/v2\/posts\/16848\/revisions\/31065"}],"wp:featuredmedia":[{"embeddable":true,"href":"https:\/\/visionciudadana.com.mx\/oficial\/wp-json\/wp\/v2\/media\/544"}],"wp:attachment":[{"href":"https:\/\/visionciudadana.com.mx\/oficial\/wp-json\/wp\/v2\/media?parent=16848"}],"wp:term":[{"taxonomy":"category","embeddable":true,"href":"https:\/\/visionciudadana.com.mx\/oficial\/wp-json\/wp\/v2\/categories?post=16848"},{"taxonomy":"post_tag","embeddable":true,"href":"https:\/\/visionciudadana.com.mx\/oficial\/wp-json\/wp\/v2\/tags?post=16848"},{"taxonomy":"author","embeddable":true,"href":"https:\/\/visionciudadana.com.mx\/oficial\/wp-json\/wp\/v2\/ppma_author?post=16848"}],"curies":[{"name":"wp","href":"https:\/\/api.w.org\/{rel}","templated":true}]}}