{"id":16843,"date":"2021-05-04T19:49:36","date_gmt":"2021-05-04T19:49:36","guid":{"rendered":"https:\/\/visionciudadana.com.mx\/chio\/2021\/05\/04\/sinaloa-el-estado-mas-afectado-con-embargo-camaronero-sergio-torres\/"},"modified":"2025-06-25T00:16:15","modified_gmt":"2025-06-25T00:16:15","slug":"sinaloa-el-estado-mas-afectado-con-embargo-camaronero-sergio-torres","status":"publish","type":"post","link":"https:\/\/visionciudadana.com.mx\/oficial\/2021\/05\/04\/sinaloa-el-estado-mas-afectado-con-embargo-camaronero-sergio-torres\/","title":{"rendered":"Sinaloa el estado m\u00e1s afectado con embargo camaronero: Sergio Torres"},"content":{"rendered":"<p><img fetchpriority=\"high\" decoding=\"async\" src=\"images\/2021\/mayo21\/chechis.jpg\" alt=\"chechis\" width=\"780\" height=\"420\" style=\"display: block; margin: 20px auto;\" \/><\/p>\n<div style=\"text-align: justify;\">&nbsp;<\/div>\n<div style=\"text-align: justify;\"><span style=\"font-size: 14pt; font-family: arial, helvetica, sans-serif;\">Los pescadores sinaloenses y sus familias, ser\u00e1n quienes sufran las consecuencias de la ineptitud, tibieza y descuido del gobierno federal y estatal para que Estados Unidos cancelara la comercializaci\u00f3n de camar\u00f3n mexicano a mercados de norteam\u00e9rica.<\/span><\/div>\n<div style=\"text-align: justify;\">&nbsp;<\/div>\n<div style=\"text-align: justify;\"><span style=\"font-size: 14pt; font-family: arial, helvetica, sans-serif;\"><\/span><\/div>\n<div style=\"text-align: justify;\"><span style=\"font-size: 14pt; font-family: arial, helvetica, sans-serif;\">Sergio Torres, candidato de Movimiento Ciudadano al gobierno del estado, y dijo que Sinaloa es el estado m\u00e1s afectado por el embargo camaronero, pues posee m\u00e1s del 50 por ciento de la flota pesquera del pa\u00eds, es l\u00edder nacional en la materia, y es penoso que el gobernador del estado limite su gesti\u00f3n a una tibia llamada a autoridades federales y pedir a los pescadores que tengan fe.<\/span><\/div>\n<div style=\"text-align: justify;\">&nbsp;<\/div>\n<div style=\"text-align: justify;\"><span style=\"font-size: 14pt; font-family: arial, helvetica, sans-serif;\"><\/span><\/div>\n<div style=\"text-align: justify;\"><span style=\"font-size: 14pt; font-family: arial, helvetica, sans-serif;\">De la declaraci\u00f3n del candidato Tocha Moya, que minimiz\u00f3 el problema, bajo el argumento de haber concluido la zafra camaronera, dijo Sergio Torres: \u00abno conoce el tema&nbsp; ni el proceso y tiempos de comercializaci\u00f3n del camar\u00f3n en los mercados de Estados Unidos\u00bb.<\/span><\/div>\n<div style=\"text-align: justify;\">&nbsp;<\/div>\n<div style=\"text-align: justify;\"><span style=\"font-size: 14pt; font-family: arial, helvetica, sans-serif;\"><\/span><\/div>\n<div style=\"text-align: justify;\"><span style=\"font-size: 14pt; font-family: arial, helvetica, sans-serif;\">Y remat\u00f3: como senador, junto con los diputados federales morenistas, eliminaron el presupuesto de 22 de los 23 programas pesqueros, entre ellos el de inspecci\u00f3n y vigilancia, que en parte contribuyen a generar las omisiones que causan el embargo.<\/span><\/div>\n<div style=\"text-align: justify;\">&nbsp;<\/div>\n<div style=\"text-align: justify;\"><span style=\"font-size: 14pt; font-family: arial, helvetica, sans-serif;\"><\/span><\/div>\n<div style=\"text-align: justify;\"><span style=\"font-size: 14pt; font-family: arial, helvetica, sans-serif;\">Es hora que la gente piense, compare y razone adecuadamente su voto, que deje de lado a los partidos que han dado gobernantes in\u00fatiles, ineptos y no defienden las causas ciudadanas, por eso est\u00e1n desatadas la inseguridad, desempleo, la crisis de salud y econ\u00f3mica, el desempleo y la falta de servicios p\u00fablicos en colonias y sindicaturas.<\/span><\/div>\n<div style=\"text-align: justify;\">&nbsp;<\/div>\n<div style=\"text-align: justify;\">&nbsp;<\/div>\n<div style=\"text-align: justify;\">&nbsp;<\/div>\n<div style=\"text-align: justify;\"><span style=\"font-size: 14pt; font-family: arial, helvetica, sans-serif;\">REDACCI\u00d3N\/VISI\u00d3N CIUDADANA.<\/span><\/div>\n<div>&nbsp;<\/div>\n","protected":false},"excerpt":{"rendered":"<p>&nbsp; Los pescadores sinaloenses y sus familias, ser\u00e1n quienes sufran las consecuencias de la ineptitud, tibieza y descuido del gobierno federal y estatal para que Estados Unidos cancelara la comercializaci\u00f3n de camar\u00f3n mexicano a mercados de norteam\u00e9rica. &nbsp; Sergio Torres, candidato de Movimiento Ciudadano al gobierno del estado, y dijo que Sinaloa es el estado [&hellip;]<\/p>\n","protected":false},"author":1,"featured_media":538,"comment_status":"closed","ping_status":"closed","sticky":false,"template":"","format":"standard","meta":{"footnotes":""},"categories":[24],"tags":[],"ppma_author":[31],"class_list":["post-16843","post","type-post","status-publish","format-standard","has-post-thumbnail","hentry","category-relevantes"],"aioseo_notices":[],"authors":[{"term_id":31,"user_id":1,"is_guest":0,"slug":"ivan3vino","display_name":"Iv\u00e1n Trevi\u00f1o","avatar_url":{"url":"https:\/\/visionciudadana.com.mx\/oficial\/wp-content\/uploads\/2025\/09\/columna-ivan-Trevino.png","url2x":"https:\/\/visionciudadana.com.mx\/oficial\/wp-content\/uploads\/2025\/09\/columna-ivan-Trevino.png"},"0":null,"1":"","2":"","3":"","4":"","5":"","6":"","7":"","8":""}],"_links":{"self":[{"href":"https:\/\/visionciudadana.com.mx\/oficial\/wp-json\/wp\/v2\/posts\/16843","targetHints":{"allow":["GET"]}}],"collection":[{"href":"https:\/\/visionciudadana.com.mx\/oficial\/wp-json\/wp\/v2\/posts"}],"about":[{"href":"https:\/\/visionciudadana.com.mx\/oficial\/wp-json\/wp\/v2\/types\/post"}],"author":[{"embeddable":true,"href":"https:\/\/visionciudadana.com.mx\/oficial\/wp-json\/wp\/v2\/users\/1"}],"replies":[{"embeddable":true,"href":"https:\/\/visionciudadana.com.mx\/oficial\/wp-json\/wp\/v2\/comments?post=16843"}],"version-history":[{"count":1,"href":"https:\/\/visionciudadana.com.mx\/oficial\/wp-json\/wp\/v2\/posts\/16843\/revisions"}],"predecessor-version":[{"id":31066,"href":"https:\/\/visionciudadana.com.mx\/oficial\/wp-json\/wp\/v2\/posts\/16843\/revisions\/31066"}],"wp:featuredmedia":[{"embeddable":true,"href":"https:\/\/visionciudadana.com.mx\/oficial\/wp-json\/wp\/v2\/media\/538"}],"wp:attachment":[{"href":"https:\/\/visionciudadana.com.mx\/oficial\/wp-json\/wp\/v2\/media?parent=16843"}],"wp:term":[{"taxonomy":"category","embeddable":true,"href":"https:\/\/visionciudadana.com.mx\/oficial\/wp-json\/wp\/v2\/categories?post=16843"},{"taxonomy":"post_tag","embeddable":true,"href":"https:\/\/visionciudadana.com.mx\/oficial\/wp-json\/wp\/v2\/tags?post=16843"},{"taxonomy":"author","embeddable":true,"href":"https:\/\/visionciudadana.com.mx\/oficial\/wp-json\/wp\/v2\/ppma_author?post=16843"}],"curies":[{"name":"wp","href":"https:\/\/api.w.org\/{rel}","templated":true}]}}