{"id":16841,"date":"2021-05-04T19:28:16","date_gmt":"2021-05-04T19:28:16","guid":{"rendered":"https:\/\/visionciudadana.com.mx\/chio\/2021\/05\/04\/estrada-ferreiro-otorgara-apoyos-directos-sin-intermediarios-ni-condiciones\/"},"modified":"2025-06-25T00:16:16","modified_gmt":"2025-06-25T00:16:16","slug":"estrada-ferreiro-otorgara-apoyos-directos-sin-intermediarios-ni-condiciones","status":"publish","type":"post","link":"https:\/\/visionciudadana.com.mx\/oficial\/2021\/05\/04\/estrada-ferreiro-otorgara-apoyos-directos-sin-intermediarios-ni-condiciones\/","title":{"rendered":"Estrada Ferreiro otorgar\u00e1 apoyos directos, sin intermediarios ni condiciones  \u00a0"},"content":{"rendered":"<p style=\"text-align: justify;\"><span style=\"font-size: 14pt; font-family: arial, helvetica, sans-serif;\"><img fetchpriority=\"high\" decoding=\"async\" src=\"images\/2021\/mayo21\/jef6.jpg\" alt=\"jef6\" width=\"780\" height=\"420\" style=\"display: block; margin: 20px auto;\" \/><br \/><\/span><\/p>\n<div style=\"text-align: justify;\"><span style=\"font-size: 14pt; font-family: arial, helvetica, sans-serif;\">La ayuda a quien de verdad la necesita, se ha entregado desde que llegamos a la administraci\u00f3n municipal, sin necesitar de gestores, sin intermediarios ni condiciones, se ha apoyado de manera directa, asegur\u00f3 el candidato a la alcald\u00eda de Culiac\u00e1n, Lic. Jes\u00fas Estrada Ferreiro.<\/span><\/div>\n<div style=\"text-align: justify;\"><span style=\"font-size: 14pt; font-family: arial, helvetica, sans-serif;\"><\/span><\/div>\n<div style=\"text-align: justify;\"><span style=\"font-size: 14pt; font-family: arial, helvetica, sans-serif;\"><\/span><\/div>\n<div style=\"text-align: justify;\"><span style=\"font-size: 14pt; font-family: arial, helvetica, sans-serif;\">\u00abCualquier persona tiene derecho a pedir lo que justamente le corresponde y el servidor p\u00fablico est\u00e1 obligado a ceder lo que se le pide si tiene derecho, necesitamos acabar con la simulaci\u00f3n, necesitamos acabar con el formulismo, con el burocratismo\u00bb, afirm\u00f3.<\/span><\/div>\n<div style=\"text-align: justify;\"><span style=\"font-size: 14pt; font-family: arial, helvetica, sans-serif;\"><\/span><\/div>\n<div style=\"text-align: justify;\"><span style=\"font-size: 14pt; font-family: arial, helvetica, sans-serif;\"><\/span><\/div>\n<div style=\"text-align: justify;\"><span style=\"font-size: 14pt; font-family: arial, helvetica, sans-serif;\">Estrada Ferreiro dej\u00f3 en claro que ya se acabaron los privilegios indebidos, la mal llamada \u00abgestor\u00eda\u00bb hecha a conveniencia por compadrazgos, pues todos los ciudadanos tienen derecho a ser escuchados y a que se trabaje para su bienestar.<\/span><\/div>\n<div style=\"text-align: justify;\"><span style=\"font-size: 14pt; font-family: arial, helvetica, sans-serif;\"><\/span><\/div>\n<div style=\"text-align: justify;\"><span style=\"font-size: 14pt; font-family: arial, helvetica, sans-serif;\"><\/span><\/div>\n<div style=\"text-align: justify;\"><span style=\"font-size: 14pt; font-family: arial, helvetica, sans-serif;\">\u00abYa se acab\u00f3 el tiempo en que los regidores, los diputados, iban y gestionaban a cambio de un moche, o lo hac\u00edan porque eran amigos o parientes de la persona que lo solicitaba, eso se llama influyentismo y ning\u00fan regidor ning\u00fan diputado debe ser influyente para que a un ciudadano se le respete un derecho\u00bb, asegur\u00f3.<\/span><\/div>\n<div style=\"text-align: justify;\"><span style=\"font-size: 14pt; font-family: arial, helvetica, sans-serif;\"><\/span><\/div>\n<div style=\"text-align: justify;\"><span style=\"font-size: 14pt; font-family: arial, helvetica, sans-serif;\"><\/span><\/div>\n<div style=\"text-align: justify;\"><span style=\"font-size: 14pt; font-family: arial, helvetica, sans-serif;\">Asimismo, el candidato reafirm\u00f3 que la mejor campa\u00f1a que piede hacer un candidato a un cargo pol\u00edtico, es trabajar para el bien de la sociedad, as\u00ed como lo prometen en tiempos de campa\u00f1a.<\/span><\/div>\n<div style=\"text-align: justify;\"><span style=\"font-size: 14pt; font-family: arial, helvetica, sans-serif;\"><\/span><\/div>\n<div style=\"text-align: justify;\"><span style=\"font-size: 14pt; font-family: arial, helvetica, sans-serif;\"><\/span><\/div>\n<div style=\"text-align: justify;\"><span style=\"font-size: 14pt; font-family: arial, helvetica, sans-serif;\">De este modo, indic\u00f3, en Culiac\u00e1n la Cuarta Transformaci\u00f3n avanza, los compromisos que \u00e9l realiz\u00f3 cuando buscaba llegar a la presidencia del municipio, se han cumplido en su gran mayor\u00eda y los que est\u00e1n pendientes se seguir\u00e1 trabajando para concretarlos.<\/span><\/div>\n<div style=\"text-align: justify;\">&nbsp;<\/div>\n<div style=\"text-align: justify;\">&nbsp;<\/div>\n<div style=\"text-align: justify;\">&nbsp;<\/div>\n<div style=\"text-align: justify;\"><span style=\"font-size: 14pt; font-family: arial, helvetica, sans-serif;\">REDACCI\u00d3N\/VISI\u00d3N CIUDADANA.<\/span><\/div>\n","protected":false},"excerpt":{"rendered":"<p>La ayuda a quien de verdad la necesita, se ha entregado desde que llegamos a la administraci\u00f3n municipal, sin necesitar de gestores, sin intermediarios ni condiciones, se ha apoyado de manera directa, asegur\u00f3 el candidato a la alcald\u00eda de Culiac\u00e1n, Lic. Jes\u00fas Estrada Ferreiro. \u00abCualquier persona tiene derecho a pedir lo que justamente le corresponde [&hellip;]<\/p>\n","protected":false},"author":1,"featured_media":534,"comment_status":"closed","ping_status":"closed","sticky":false,"template":"","format":"standard","meta":{"footnotes":""},"categories":[24],"tags":[],"ppma_author":[31],"class_list":["post-16841","post","type-post","status-publish","format-standard","has-post-thumbnail","hentry","category-relevantes"],"aioseo_notices":[],"authors":[{"term_id":31,"user_id":1,"is_guest":0,"slug":"ivan3vino","display_name":"Iv\u00e1n Trevi\u00f1o","avatar_url":{"url":"https:\/\/visionciudadana.com.mx\/oficial\/wp-content\/uploads\/2025\/09\/columna-ivan-Trevino.png","url2x":"https:\/\/visionciudadana.com.mx\/oficial\/wp-content\/uploads\/2025\/09\/columna-ivan-Trevino.png"},"0":null,"1":"","2":"","3":"","4":"","5":"","6":"","7":"","8":""}],"_links":{"self":[{"href":"https:\/\/visionciudadana.com.mx\/oficial\/wp-json\/wp\/v2\/posts\/16841","targetHints":{"allow":["GET"]}}],"collection":[{"href":"https:\/\/visionciudadana.com.mx\/oficial\/wp-json\/wp\/v2\/posts"}],"about":[{"href":"https:\/\/visionciudadana.com.mx\/oficial\/wp-json\/wp\/v2\/types\/post"}],"author":[{"embeddable":true,"href":"https:\/\/visionciudadana.com.mx\/oficial\/wp-json\/wp\/v2\/users\/1"}],"replies":[{"embeddable":true,"href":"https:\/\/visionciudadana.com.mx\/oficial\/wp-json\/wp\/v2\/comments?post=16841"}],"version-history":[{"count":1,"href":"https:\/\/visionciudadana.com.mx\/oficial\/wp-json\/wp\/v2\/posts\/16841\/revisions"}],"predecessor-version":[{"id":31068,"href":"https:\/\/visionciudadana.com.mx\/oficial\/wp-json\/wp\/v2\/posts\/16841\/revisions\/31068"}],"wp:featuredmedia":[{"embeddable":true,"href":"https:\/\/visionciudadana.com.mx\/oficial\/wp-json\/wp\/v2\/posts\/534"}],"wp:attachment":[{"href":"https:\/\/visionciudadana.com.mx\/oficial\/wp-json\/wp\/v2\/media?parent=16841"}],"wp:term":[{"taxonomy":"category","embeddable":true,"href":"https:\/\/visionciudadana.com.mx\/oficial\/wp-json\/wp\/v2\/categories?post=16841"},{"taxonomy":"post_tag","embeddable":true,"href":"https:\/\/visionciudadana.com.mx\/oficial\/wp-json\/wp\/v2\/tags?post=16841"},{"taxonomy":"author","embeddable":true,"href":"https:\/\/visionciudadana.com.mx\/oficial\/wp-json\/wp\/v2\/ppma_author?post=16841"}],"curies":[{"name":"wp","href":"https:\/\/api.w.org\/{rel}","templated":true}]}}