{"id":16839,"date":"2021-05-04T17:33:54","date_gmt":"2021-05-04T17:33:54","guid":{"rendered":"https:\/\/visionciudadana.com.mx\/chio\/2021\/05\/04\/transportistas-van-con-mario-zamora-ven-financiera-estatal-como-una-gran-alternativa\/"},"modified":"2025-06-25T00:16:16","modified_gmt":"2025-06-25T00:16:16","slug":"transportistas-van-con-mario-zamora-ven-financiera-estatal-como-una-gran-alternativa","status":"publish","type":"post","link":"https:\/\/visionciudadana.com.mx\/oficial\/2021\/05\/04\/transportistas-van-con-mario-zamora-ven-financiera-estatal-como-una-gran-alternativa\/","title":{"rendered":"Transportistas van con Mario Zamora; ven Financiera Estatal como una gran alternativa"},"content":{"rendered":"<p style=\"text-align: justify;\"><span style=\"font-size: 14pt; font-family: arial, helvetica, sans-serif;\"><b>&nbsp;<\/b><\/span><\/p>\n<p style=\"text-align: justify;\"><img fetchpriority=\"high\" decoding=\"async\" src=\"images\/2021\/mayo21\/mary-zamora.jpg\" alt=\"mary zamora\" width=\"780\" height=\"420\" style=\"display: block; margin: 20px auto;\" \/><\/p>\n<p class=\"x_gmail-MsoNoSpacing\" style=\"text-align: justify;\"><span style=\"font-size: 14pt; font-family: arial, helvetica, sans-serif;\"> Al considerar que es la mejor opci\u00f3n para gobernar Sinaloa, transportistas que conforman la Federaci\u00f3n de Autotransportistas del Estado de Sinaloa (FAES) y que agrupa a 20 mil trabajadores del volante, se dijeron listos para apoyar a Mario Zamora Gast\u00e9lum, para llevarlo a la victoria el pr\u00f3ximo 6 de junio.<\/span><\/p>\n<p style=\"text-align: justify;\">&nbsp;<\/p>\n<p class=\"x_gmail-MsoNoSpacing\" style=\"text-align: justify;\"><span style=\"font-size: 14pt; font-family: arial, helvetica, sans-serif;\">\u201cYo no tengo ning\u00fan inter\u00e9s de ser gobernador para hacer un mal gobierno\u2026 quiero hacer un gobierno junto con ustedes, el transporte es clave para que le vaya bien a Sinaloa\u201d, subray\u00f3.<\/span><\/p>\n<p style=\"text-align: justify;\">&nbsp;<\/p>\n<p class=\"x_gmail-MsoNoSpacing\" style=\"text-align: justify;\"><span style=\"font-size: 14pt; font-family: arial, helvetica, sans-serif;\">Joel Camacho Gonz\u00e1lez, presidente de la Federaci\u00f3n de Autotransportistas del Estado de Sinaloa, expres\u00f3 que Mario Zamora Gast\u00e9lum, representa la mejor oferta pol\u00edtica, pues cuenta con propuestas para sacar adelante a Sinaloa.<\/span><\/p>\n<p style=\"text-align: justify;\">&nbsp;<\/p>\n<p class=\"x_gmail-MsoNoSpacing\" style=\"text-align: justify;\"><span style=\"font-size: 14pt; font-family: arial, helvetica, sans-serif;\">\u201cYo le aseguro que si usted se compromete con nosotros, nosotros nos comprometemos con usted a llevarlo hasta la silla de la gubernatura\u201d, dijo.<\/span><\/p>\n<p style=\"text-align: justify;\">&nbsp;<\/p>\n<p class=\"x_gmail-MsoNoSpacing\" style=\"text-align: justify;\"><span style=\"font-size: 14pt; font-family: arial, helvetica, sans-serif;\">En ese sentido, afirm\u00f3 que los transportistas respaldan la propuesta de Mario Zamora de crear una Financiera Estatal, pues se\u00f1al\u00f3 que ayudar\u00e1 a reactivar las actividades econ\u00f3micas del estado.<\/span><\/p>\n<p style=\"text-align: justify;\">&nbsp;<\/p>\n<p class=\"x_gmail-MsoNoSpacing\" style=\"text-align: justify;\"><span style=\"font-size: 14pt; font-family: arial, helvetica, sans-serif;\">Por otra parte, Miguel Luna Ley, secretario general del Sindicato Nacional de Autotransporte, expres\u00f3 que \u201ccaballo que alcanza gana, y Mario Zamora ya alcanz\u00f3 y rebas\u00f3 y por tanto ganar\u00e1 la gubernatura\u201d.<\/span><\/p>\n<p style=\"text-align: justify;\">&nbsp;<\/p>\n<p class=\"x_gmail-MsoNoSpacing\" style=\"text-align: justify;\"><span style=\"font-size: 14pt; font-family: arial, helvetica, sans-serif;\">\u201cNosotros podemos decidir esta elecci\u00f3n, y vamos a hacerlo\u2026 Mario ven\u00eda atrasito en las preferencias, ya alcanz\u00f3, ya rebas\u00f3, y por lo tanto va ganar Mario las pr\u00f3ximas elecciones\u201d, pronostic\u00f3.<\/span><\/p>\n<p style=\"text-align: justify;\">&nbsp;<\/p>\n<p class=\"x_gmail-MsoNoSpacing\" style=\"text-align: justify;\"><span style=\"font-size: 14pt; font-family: arial, helvetica, sans-serif;\">En respuesta a los planteamientos de los trabajadores del volante, Mario Zamora Gast\u00e9lum, se comprometi\u00f3 a subsidiar las tarifas de los estudiantes que se trasladan en el transporte urbano, pues actualmente este descuento lo aportan los concesionarios.<\/span><\/p>\n<p style=\"text-align: justify;\">&nbsp;<\/p>\n<p style=\"text-align: justify;\">&nbsp;<\/p>\n<p style=\"text-align: justify;\"><span style=\"font-size: 14pt; font-family: arial, helvetica, sans-serif;\">REDACCI\u00d3N\/VISI\u00d3N CIUDADANA.<\/span><\/p>\n","protected":false},"excerpt":{"rendered":"<p>&nbsp; Al considerar que es la mejor opci\u00f3n para gobernar Sinaloa, transportistas que conforman la Federaci\u00f3n de Autotransportistas del Estado de Sinaloa (FAES) y que agrupa a 20 mil trabajadores del volante, se dijeron listos para apoyar a Mario Zamora Gast\u00e9lum, para llevarlo a la victoria el pr\u00f3ximo 6 de junio. &nbsp; \u201cYo no tengo [&hellip;]<\/p>\n","protected":false},"author":1,"featured_media":530,"comment_status":"closed","ping_status":"closed","sticky":false,"template":"","format":"standard","meta":{"footnotes":""},"categories":[13],"tags":[],"ppma_author":[31],"class_list":["post-16839","post","type-post","status-publish","format-standard","has-post-thumbnail","hentry","category-locales"],"aioseo_notices":[],"authors":[{"term_id":31,"user_id":1,"is_guest":0,"slug":"ivan3vino","display_name":"Iv\u00e1n Trevi\u00f1o","avatar_url":{"url":"https:\/\/visionciudadana.com.mx\/oficial\/wp-content\/uploads\/2025\/09\/columna-ivan-Trevino.png","url2x":"https:\/\/visionciudadana.com.mx\/oficial\/wp-content\/uploads\/2025\/09\/columna-ivan-Trevino.png"},"0":null,"1":"","2":"","3":"","4":"","5":"","6":"","7":"","8":""}],"_links":{"self":[{"href":"https:\/\/visionciudadana.com.mx\/oficial\/wp-json\/wp\/v2\/posts\/16839","targetHints":{"allow":["GET"]}}],"collection":[{"href":"https:\/\/visionciudadana.com.mx\/oficial\/wp-json\/wp\/v2\/posts"}],"about":[{"href":"https:\/\/visionciudadana.com.mx\/oficial\/wp-json\/wp\/v2\/types\/post"}],"author":[{"embeddable":true,"href":"https:\/\/visionciudadana.com.mx\/oficial\/wp-json\/wp\/v2\/users\/1"}],"replies":[{"embeddable":true,"href":"https:\/\/visionciudadana.com.mx\/oficial\/wp-json\/wp\/v2\/comments?post=16839"}],"version-history":[{"count":1,"href":"https:\/\/visionciudadana.com.mx\/oficial\/wp-json\/wp\/v2\/posts\/16839\/revisions"}],"predecessor-version":[{"id":31070,"href":"https:\/\/visionciudadana.com.mx\/oficial\/wp-json\/wp\/v2\/posts\/16839\/revisions\/31070"}],"wp:featuredmedia":[{"embeddable":true,"href":"https:\/\/visionciudadana.com.mx\/oficial\/wp-json\/wp\/v2\/posts\/530"}],"wp:attachment":[{"href":"https:\/\/visionciudadana.com.mx\/oficial\/wp-json\/wp\/v2\/media?parent=16839"}],"wp:term":[{"taxonomy":"category","embeddable":true,"href":"https:\/\/visionciudadana.com.mx\/oficial\/wp-json\/wp\/v2\/categories?post=16839"},{"taxonomy":"post_tag","embeddable":true,"href":"https:\/\/visionciudadana.com.mx\/oficial\/wp-json\/wp\/v2\/tags?post=16839"},{"taxonomy":"author","embeddable":true,"href":"https:\/\/visionciudadana.com.mx\/oficial\/wp-json\/wp\/v2\/ppma_author?post=16839"}],"curies":[{"name":"wp","href":"https:\/\/api.w.org\/{rel}","templated":true}]}}