{"id":16838,"date":"2021-05-04T17:15:49","date_gmt":"2021-05-04T17:15:49","guid":{"rendered":"https:\/\/visionciudadana.com.mx\/chio\/2021\/05\/04\/no-mas-deuda-publica-para-culiacan-faustino-hernandez\/"},"modified":"2025-06-25T00:16:16","modified_gmt":"2025-06-25T00:16:16","slug":"no-mas-deuda-publica-para-culiacan-faustino-hernandez","status":"publish","type":"post","link":"https:\/\/visionciudadana.com.mx\/oficial\/2021\/05\/04\/no-mas-deuda-publica-para-culiacan-faustino-hernandez\/","title":{"rendered":"No m\u00e1s deuda p\u00fablica para Culiac\u00e1n: Faustino Hern\u00e1ndez"},"content":{"rendered":"<p><img fetchpriority=\"high\" decoding=\"async\" src=\"images\/2021\/mayo21\/fausty11.jpg\" alt=\"fausty11\" width=\"780\" height=\"420\" style=\"display: block; margin: 20px auto;\" \/><\/p>\n<p class=\"x_MsoNormal\" align=\"right\">&nbsp;<\/p>\n<p class=\"x_MsoNormal\" style=\"text-align: justify;\"><span style=\"font-size: 14pt; font-family: arial, helvetica, sans-serif;\">En el marco de un gobierno con disciplina financiera,el&nbsp; candidato del PRI, PAN y PRD a la Alcald\u00eda de Culiac\u00e1n, Faustino Hern\u00e1ndez \u00c1lvarez,se comprometi\u00f3 a no contraer m\u00e1s deuda p\u00fablica durante su administraci\u00f3n y suprimir todo gasto innecesario.<\/span><\/p>\n<p style=\"text-align: justify;\">&nbsp;<\/p>\n<p class=\"x_MsoNormal\" style=\"text-align: justify;\"><span style=\"font-size: 14pt; font-family: arial, helvetica, sans-serif;\">Adem\u00e1s, anunci\u00f3 la implementaci\u00f3n de un programa de presupuesto participativo, donde la parte que corresponda al gasto social y lo recaudado por el cobro del impuesto predial r\u00fastico, se definir\u00e1 a trav\u00e9s de la consulta directa con los ciudadanos.<\/span><\/p>\n<p style=\"text-align: justify;\">&nbsp;<\/p>\n<p class=\"x_MsoNormal\" style=\"text-align: justify;\"><span style=\"font-size: 14pt; font-family: arial, helvetica, sans-serif;\">En su ya tradicional conferencia de prensa de los lunes, dio a conocer los principales lineamientos de lo que ser\u00e1 su plan de gobierno y gesti\u00f3n municipal una vez que asuma la presidencia municipal en donde las finanzas p\u00fablicas s\u00f3lidas&nbsp; y sanas, as\u00ed como la modernizaci\u00f3n digital de los servicios y tr\u00e1mites ser\u00e1 una prioridad.<\/span><\/p>\n<p style=\"text-align: justify;\">&nbsp;<\/p>\n<p class=\"x_MsoNormal\" style=\"text-align: justify;\"><span style=\"font-size: 14pt; font-family: arial, helvetica, sans-serif;\">Dentro de este proyecto, Faustino Hern\u00e1ndez, destac\u00f3&nbsp; tambi\u00e9n un combate real a la corrupci\u00f3n en los hechos, y no de palabra, en donde la transparencia y rendici\u00f3n de cuentas ser\u00e1 uno de los ejes fundamentales.<\/span><\/p>\n<p style=\"text-align: justify;\">&nbsp;<\/p>\n<p class=\"x_MsoNormal\" style=\"text-align: justify;\"><span style=\"font-size: 14pt; font-family: arial, helvetica, sans-serif;\">Adem\u00e1s, anunci\u00f3 la implementaci\u00f3n de un C\u00f3digo de \u00c9tica para servidores p\u00fablicos municipales donde se establecer\u00e1n normas generales de comportamiento, integridad, desempe\u00f1o y atenci\u00f3n a los ciudadanos.<\/span><\/p>\n<p style=\"text-align: justify;\">&nbsp;<\/p>\n<p class=\"x_MsoNormal\" style=\"text-align: justify;\"><span style=\"font-size: 14pt; font-family: arial, helvetica, sans-serif;\">De igual manera, el objetivo de encabezar un gobierno de datos abiertos, el candidato del PRI, PAN y PRD anunci\u00f3 que el Ayuntamiento de Culiac\u00e1n cumplir\u00e1 estrictamente con las obligaciones en materia de transparencia y acceso a la informaci\u00f3n p\u00fablica a trav\u00e9s de un portal moderno y accesible a todos los ciudadanos.<\/span><\/p>\n<p style=\"text-align: justify;\">&nbsp;<\/p>\n<p class=\"x_MsoNormal\" style=\"text-align: justify;\"><span style=\"font-size: 14pt; font-family: arial, helvetica, sans-serif;\">\u201cVamos por un gobierno honesto, profesional, innovador, m\u00e1s transparente y m\u00e1s eficiente\u201d, se\u00f1al\u00f3.<\/span><\/p>\n<p style=\"text-align: justify;\">&nbsp;<\/p>\n<p class=\"x_MsoNormal\" style=\"text-align: justify;\"><span style=\"font-size: 14pt; font-family: arial, helvetica, sans-serif;\">El candidato del PRI, PAN y PRD a la Alcald\u00eda de Culiac\u00e1n anunci\u00f3 tambi\u00e9n un gobierno de puertas abiertas durante su administraci\u00f3n, donde se mantenga un di\u00e1logo permanente con la sociedad, y donde las decisiones no se tomen de manera unilateral o autoritaria, sino con base a la participaci\u00f3n ciudadana.<\/span><\/p>\n<p style=\"text-align: justify;\">&nbsp;<\/p>\n<p class=\"x_MsoNormal\" style=\"text-align: justify;\"><span style=\"font-size: 14pt; font-family: arial, helvetica, sans-serif;\">Parte importante de este objetivo, dijo, ser\u00e1n las jornadas itinerantes de servicios municipales en sindicaturas y colonias populares, as\u00ed como la apertura de espacios de an\u00e1lisis y discusi\u00f3n para que la sociedad participe en las decisiones sobre el desarrollo municipal.<\/span><\/p>\n<p style=\"text-align: justify;\">&nbsp;<\/p>\n<p class=\"x_MsoNormal\" style=\"text-align: justify;\"><span style=\"font-size: 14pt; font-family: arial, helvetica, sans-serif;\">\u201cLo digo con toda claridad: con Faustino Hern\u00e1ndez se acabar\u00e1n la cerraz\u00f3n, la intolerancia, los caprichos y las ocurrencias en el gobierno municipal\u201d, manifest\u00f3.<\/span><\/p>\n<p style=\"text-align: justify;\">&nbsp;<\/p>\n<p class=\"x_MsoNormal\" style=\"text-align: justify;\"><span style=\"font-size: 14pt; font-family: arial, helvetica, sans-serif;\">Como parte importante tambi\u00e9n de su plan de gobierno y gesti\u00f3n p\u00fablica, el candidato del PRI, PAN y PRD a la Alcald\u00eda de la capital del estado dio a conocer un ambicioso programa de innovaci\u00f3n gubernamental, donde se busca&nbsp; mejorar la atenci\u00f3n a los ciudadanos, eliminando el burocratismo, y simplificando y digitalizando tr\u00e1mites.<\/span><\/p>\n<p style=\"text-align: justify;\">&nbsp;<\/p>\n<p class=\"x_MsoNormal\" style=\"text-align: justify;\"><span style=\"font-size: 14pt; font-family: arial, helvetica, sans-serif;\">Para los trabajadores sindicalizados, Faustino Hern\u00e1ndez \u00c1lvarez anunci\u00f3 una nueva relaci\u00f3n de di\u00e1logo y entendimiento con el STASAC,&nbsp; a fin de mejorar las condiciones de vida y de trabajo de los empleados municipales, pero tambi\u00e9n para implementar&nbsp; juntos un amplio programa de capacitaci\u00f3n que sirva para eficientar la atenci\u00f3n a los ciudadanos y elevar los resultados que brinda&nbsp; el gobierno municipal.<\/span><\/p>\n<p style=\"text-align: justify;\">&nbsp;<\/p>\n<p class=\"x_MsoNormal\" style=\"text-align: justify;\"><span style=\"font-size: 14pt; font-family: arial, helvetica, sans-serif;\">Por otra parte, a un mes de campa\u00f1a, el candidato del PRI, PAN y PRD a la Alcald\u00eda de Culiac\u00e1n manifest\u00f3 su benepl\u00e1cito por el crecimiento vertiginoso del n\u00famero de ciudadanos que se est\u00e1 sumando a un proyecto que rescatar\u00e1 a Culiac\u00e1n del abandono y olvido en que se encuentra.<\/span><\/p>\n<p style=\"text-align: justify;\">&nbsp;<\/p>\n<p class=\"x_MsoNormal\" style=\"text-align: justify;\"><span style=\"font-size: 14pt; font-family: arial, helvetica, sans-serif;\">\u201cCon todo respeto para mis compa\u00f1eras y compa\u00f1eros candidatos, pero quiero dejar en claro que en el caso de Culiac\u00e1n ya se advierte que la disputa real por la presidencia municipal es entre dos alternativas: nosotros y el candidato oficialista que busca la reelecci\u00f3n.<\/span><\/p>\n<p style=\"text-align: justify;\">&nbsp;<\/p>\n<p class=\"x_MsoNormal\" style=\"text-align: justify;\"><span style=\"font-size: 14pt; font-family: arial, helvetica, sans-serif;\">\u201cY subrayo que se trata de dos alternativas: MORENA y sus aliados representan la continuidad de lo mismo, de un mal gobierno, y nosotros representamos el cambio con responsabilidad y certidumbre por un mejor Culiac\u00e1n. Y no tengo la menor duda, que les vamos a ganar, con trabajo y buenas propuestas\u201d, dijo.<\/span><\/p>\n<p style=\"text-align: justify;\">&nbsp;<\/p>\n<p style=\"text-align: justify;\">&nbsp;<\/p>\n<p style=\"text-align: justify;\"><span style=\"font-size: 14pt; font-family: arial, helvetica, sans-serif;\">REDACCI\u00d3N\/VISI\u00d3N CIUDADANA.<\/span><\/p>\n","protected":false},"excerpt":{"rendered":"<p>&nbsp; En el marco de un gobierno con disciplina financiera,el&nbsp; candidato del PRI, PAN y PRD a la Alcald\u00eda de Culiac\u00e1n, Faustino Hern\u00e1ndez \u00c1lvarez,se comprometi\u00f3 a no contraer m\u00e1s deuda p\u00fablica durante su administraci\u00f3n y suprimir todo gasto innecesario. &nbsp; Adem\u00e1s, anunci\u00f3 la implementaci\u00f3n de un programa de presupuesto participativo, donde la parte que corresponda [&hellip;]<\/p>\n","protected":false},"author":1,"featured_media":528,"comment_status":"closed","ping_status":"closed","sticky":false,"template":"","format":"standard","meta":{"footnotes":""},"categories":[13],"tags":[],"ppma_author":[31],"class_list":["post-16838","post","type-post","status-publish","format-standard","has-post-thumbnail","hentry","category-locales"],"aioseo_notices":[],"authors":[{"term_id":31,"user_id":1,"is_guest":0,"slug":"ivan3vino","display_name":"Iv\u00e1n Trevi\u00f1o","avatar_url":{"url":"https:\/\/visionciudadana.com.mx\/oficial\/wp-content\/uploads\/2025\/09\/columna-ivan-Trevino.png","url2x":"https:\/\/visionciudadana.com.mx\/oficial\/wp-content\/uploads\/2025\/09\/columna-ivan-Trevino.png"},"0":null,"1":"","2":"","3":"","4":"","5":"","6":"","7":"","8":""}],"_links":{"self":[{"href":"https:\/\/visionciudadana.com.mx\/oficial\/wp-json\/wp\/v2\/posts\/16838","targetHints":{"allow":["GET"]}}],"collection":[{"href":"https:\/\/visionciudadana.com.mx\/oficial\/wp-json\/wp\/v2\/posts"}],"about":[{"href":"https:\/\/visionciudadana.com.mx\/oficial\/wp-json\/wp\/v2\/types\/post"}],"author":[{"embeddable":true,"href":"https:\/\/visionciudadana.com.mx\/oficial\/wp-json\/wp\/v2\/users\/1"}],"replies":[{"embeddable":true,"href":"https:\/\/visionciudadana.com.mx\/oficial\/wp-json\/wp\/v2\/comments?post=16838"}],"version-history":[{"count":1,"href":"https:\/\/visionciudadana.com.mx\/oficial\/wp-json\/wp\/v2\/posts\/16838\/revisions"}],"predecessor-version":[{"id":31071,"href":"https:\/\/visionciudadana.com.mx\/oficial\/wp-json\/wp\/v2\/posts\/16838\/revisions\/31071"}],"wp:featuredmedia":[{"embeddable":true,"href":"https:\/\/visionciudadana.com.mx\/oficial\/wp-json\/wp\/v2\/posts\/528"}],"wp:attachment":[{"href":"https:\/\/visionciudadana.com.mx\/oficial\/wp-json\/wp\/v2\/media?parent=16838"}],"wp:term":[{"taxonomy":"category","embeddable":true,"href":"https:\/\/visionciudadana.com.mx\/oficial\/wp-json\/wp\/v2\/categories?post=16838"},{"taxonomy":"post_tag","embeddable":true,"href":"https:\/\/visionciudadana.com.mx\/oficial\/wp-json\/wp\/v2\/tags?post=16838"},{"taxonomy":"author","embeddable":true,"href":"https:\/\/visionciudadana.com.mx\/oficial\/wp-json\/wp\/v2\/ppma_author?post=16838"}],"curies":[{"name":"wp","href":"https:\/\/api.w.org\/{rel}","templated":true}]}}