{"id":16837,"date":"2021-05-04T17:09:38","date_gmt":"2021-05-04T17:09:38","guid":{"rendered":"https:\/\/visionciudadana.com.mx\/chio\/2021\/05\/04\/cesar-quevedo-presenta-su-3de3-en-la-plataforma-de-coparmex\/"},"modified":"2025-06-25T00:16:16","modified_gmt":"2025-06-25T00:16:16","slug":"cesar-quevedo-presenta-su-3de3-en-la-plataforma-de-coparmex","status":"publish","type":"post","link":"https:\/\/visionciudadana.com.mx\/oficial\/2021\/05\/04\/cesar-quevedo-presenta-su-3de3-en-la-plataforma-de-coparmex\/","title":{"rendered":"C\u00e9sar Quevedo presenta su #3de3 en la plataforma de Coparmex"},"content":{"rendered":"<p style=\"text-align: justify;\"><span style=\"font-size: 14pt; font-family: arial, helvetica, sans-serif;\"><b>&nbsp;<\/b><\/span><\/p>\n<p style=\"text-align: justify;\"><img fetchpriority=\"high\" decoding=\"async\" src=\"images\/2021\/mayo21\/csar_quevdo.jpeg\" alt=\"csar quevdo\" width=\"1280\" height=\"958\" style=\"display: block; margin: 20px auto;\" \/><\/p>\n<p dir=\"ltr\" style=\"text-align: justify;\"><span style=\"font-size: 14pt; font-family: arial, helvetica, sans-serif;\">C\u00e9sar Quevedo Inzunza, quien participa en la contienda por la presidencia municipal de Navolato por el Partido Acci\u00f3n Nacional, present\u00f3 su declaraci\u00f3n 3 de 3, la cual subi\u00f3 a la plataforma que en d\u00edas pasados activ\u00f3 Coparmex Sinaloa.&nbsp;<\/span><\/p>\n<p style=\"text-align: justify;\">&nbsp;<\/p>\n<p dir=\"ltr\" style=\"text-align: justify;\"><span style=\"font-size: 14pt; font-family: arial, helvetica, sans-serif;\">El aspirante blanquiazul manifest\u00f3 que todos los candidatos deben ser transparentes y demostrar de esta manera que su inter\u00e9s es servir y no servirse, por lo que los invit\u00f3 a presentar su 3 de 3 a la sociedad para que esta pueda evaluar de manera real a cada opci\u00f3n pol\u00edtica.<\/span><\/p>\n<p style=\"text-align: justify;\">&nbsp;<\/p>\n<p dir=\"ltr\" style=\"text-align: justify;\"><span style=\"font-size: 14pt; font-family: arial, helvetica, sans-serif;\">En sus declaraciones de bienes, de intereses y fiscal, el candidato del PAN detall\u00f3 los bienes que posee y el valor de adquisici\u00f3n conforme a escritura p\u00fablica, detalles del puesto anterior y los ingresos de este, as\u00ed como los otros empleos que ha tenido.<\/span><\/p>\n<p style=\"text-align: justify;\">&nbsp;<\/p>\n<p dir=\"ltr\" style=\"text-align: justify;\"><span style=\"font-size: 14pt; font-family: arial, helvetica, sans-serif;\">\u201cDecid\u00ed registrar mi 3 de 3, para que la ciudadan\u00eda se d\u00e9 cuenta, qu\u00e9 es lo que el candidato a Presidente Municipal de Navolato tiene, si tiene alg\u00fan conflicto de inter\u00e9s, la declaraci\u00f3n patrimonial, la declaraci\u00f3n de intereses y la declaraci\u00f3n fiscal, ojal\u00e1 que los electores conozcan esta informaci\u00f3n de todos los que aspiramos la alcald\u00eda previo a los comicios del 6 de junio\u201d,advirti\u00f3.&nbsp;<\/span><\/p>\n<p style=\"text-align: justify;\">&nbsp;<\/p>\n<p dir=\"ltr\" style=\"text-align: justify;\"><span style=\"font-size: 14pt; font-family: arial, helvetica, sans-serif;\">El candidato tambi\u00e9n present\u00f3 para la declaraci\u00f3n fiscal un oficio del SAT con opini\u00f3n de cumplimiento de obligaciones fiscales en sentido positivo, mientras que en la declaraci\u00f3n de intereses detall\u00f3 que no tiene participaci\u00f3n en empresas ni instituciones, no recibe apoyos, no cuenta con representaciones o representados, no tiene clientes, no cuenta con beneficios privados ni fideicomisos.&nbsp;<\/span><\/p>\n<p style=\"text-align: justify;\">&nbsp;<\/p>\n<p dir=\"ltr\" style=\"text-align: justify;\"><span style=\"font-size: 14pt; font-family: arial, helvetica, sans-serif;\">Adicional a su 3 de 3, C\u00e9sar Quevedo present\u00f3 una carta donde declara bajo protesta de decir verdad que no ha sido condenado o sancionado por violencia familiar o dom\u00e9stica o cualquier agresi\u00f3n de g\u00e9nero en el \u00e1mbito p\u00fablico o privado; ni por delitos sexuales, contra la intimidad sexual o libertad corporal, tampoco como deudor alimentario moroso.&nbsp;<\/span><\/p>\n<p style=\"text-align: justify;\">&nbsp;<\/p>\n<p style=\"text-align: justify;\">&nbsp;<\/p>\n<p style=\"text-align: justify;\"><span style=\"font-size: 14pt; font-family: arial, helvetica, sans-serif;\">REDACCI\u00d3N\/VISI\u00d3N CIUDADANA.<\/span><\/p>\n","protected":false},"excerpt":{"rendered":"<p>&nbsp; C\u00e9sar Quevedo Inzunza, quien participa en la contienda por la presidencia municipal de Navolato por el Partido Acci\u00f3n Nacional, present\u00f3 su declaraci\u00f3n 3 de 3, la cual subi\u00f3 a la plataforma que en d\u00edas pasados activ\u00f3 Coparmex Sinaloa.&nbsp; &nbsp; El aspirante blanquiazul manifest\u00f3 que todos los candidatos deben ser transparentes y demostrar de esta [&hellip;]<\/p>\n","protected":false},"author":1,"featured_media":526,"comment_status":"closed","ping_status":"closed","sticky":false,"template":"","format":"standard","meta":{"footnotes":""},"categories":[13],"tags":[],"ppma_author":[31],"class_list":["post-16837","post","type-post","status-publish","format-standard","has-post-thumbnail","hentry","category-locales"],"aioseo_notices":[],"authors":[{"term_id":31,"user_id":1,"is_guest":0,"slug":"ivan3vino","display_name":"Iv\u00e1n Trevi\u00f1o","avatar_url":{"url":"https:\/\/visionciudadana.com.mx\/oficial\/wp-content\/uploads\/2025\/09\/columna-ivan-Trevino.png","url2x":"https:\/\/visionciudadana.com.mx\/oficial\/wp-content\/uploads\/2025\/09\/columna-ivan-Trevino.png"},"0":null,"1":"","2":"","3":"","4":"","5":"","6":"","7":"","8":""}],"_links":{"self":[{"href":"https:\/\/visionciudadana.com.mx\/oficial\/wp-json\/wp\/v2\/posts\/16837","targetHints":{"allow":["GET"]}}],"collection":[{"href":"https:\/\/visionciudadana.com.mx\/oficial\/wp-json\/wp\/v2\/posts"}],"about":[{"href":"https:\/\/visionciudadana.com.mx\/oficial\/wp-json\/wp\/v2\/types\/post"}],"author":[{"embeddable":true,"href":"https:\/\/visionciudadana.com.mx\/oficial\/wp-json\/wp\/v2\/users\/1"}],"replies":[{"embeddable":true,"href":"https:\/\/visionciudadana.com.mx\/oficial\/wp-json\/wp\/v2\/comments?post=16837"}],"version-history":[{"count":1,"href":"https:\/\/visionciudadana.com.mx\/oficial\/wp-json\/wp\/v2\/posts\/16837\/revisions"}],"predecessor-version":[{"id":31072,"href":"https:\/\/visionciudadana.com.mx\/oficial\/wp-json\/wp\/v2\/posts\/16837\/revisions\/31072"}],"wp:featuredmedia":[{"embeddable":true,"href":"https:\/\/visionciudadana.com.mx\/oficial\/wp-json\/wp\/v2\/posts\/526"}],"wp:attachment":[{"href":"https:\/\/visionciudadana.com.mx\/oficial\/wp-json\/wp\/v2\/media?parent=16837"}],"wp:term":[{"taxonomy":"category","embeddable":true,"href":"https:\/\/visionciudadana.com.mx\/oficial\/wp-json\/wp\/v2\/categories?post=16837"},{"taxonomy":"post_tag","embeddable":true,"href":"https:\/\/visionciudadana.com.mx\/oficial\/wp-json\/wp\/v2\/tags?post=16837"},{"taxonomy":"author","embeddable":true,"href":"https:\/\/visionciudadana.com.mx\/oficial\/wp-json\/wp\/v2\/ppma_author?post=16837"}],"curies":[{"name":"wp","href":"https:\/\/api.w.org\/{rel}","templated":true}]}}