{"id":16835,"date":"2021-05-04T16:43:23","date_gmt":"2021-05-04T16:43:23","guid":{"rendered":"https:\/\/visionciudadana.com.mx\/chio\/2021\/05\/04\/no-al-maltrato-animal-faustino-hernandez\/"},"modified":"2025-06-25T00:16:16","modified_gmt":"2025-06-25T00:16:16","slug":"no-al-maltrato-animal-faustino-hernandez","status":"publish","type":"post","link":"https:\/\/visionciudadana.com.mx\/oficial\/2021\/05\/04\/no-al-maltrato-animal-faustino-hernandez\/","title":{"rendered":"No al maltrato animal: Faustino Hern\u00e1ndez"},"content":{"rendered":"<p><img fetchpriority=\"high\" decoding=\"async\" src=\"images\/2021\/mayo21\/fh-no-animal.jpg\" alt=\"fh no animal\" width=\"720\" height=\"480\" style=\"display: block; margin: 20px auto;\" \/><\/p>\n<p style=\"text-align: justify;\"><span style=\"font-size: 14pt; font-family: arial, helvetica, sans-serif;\">En cumplimiento de su compromiso de encabezar un gobierno con sentido humano,&nbsp;&nbsp; Faustino Hern\u00e1ndez \u00c1lvarez se convirti\u00f3 en el primer candidato de Sinaloa, en asumir frente a las asociaciones protectores&nbsp; de animales el compromiso de enarbolar la bandera del no maltrato y de la adopci\u00f3n con responsabilidad.<\/span><\/p>\n<p>&nbsp;<\/p>\n<p style=\"text-align: justify;\"><span style=\"font-size: 14pt; font-family: arial, helvetica, sans-serif;\">Incluso, durante esta reuni\u00f3n,&nbsp; el candidato del PRI, PAN y PRD&nbsp; a la Alcald\u00eda de Culiac\u00e1n firm\u00f3 un documento en donde se comprometi\u00f3 a realizar una serie de acciones encaminadas a proteger a este sector tan vulnerable una vez que inicie su administraci\u00f3n municipal.&nbsp;<\/span><\/p>\n<p>&nbsp;<\/p>\n<p style=\"text-align: justify;\"><span style=\"font-size: 14pt; font-family: arial, helvetica, sans-serif;\">\u201cQuiero gobernar con sentido humano. Soy humilde, honesto, transparente, y la humildad se debe reflejar en todos los aspectos: un gobierno cercano a la gente, cercano a los animales, pero sobre todo, con mucho coraz\u00f3n. Soy un hombre convencido de que no debemos maltratar a nuestros animales\u201d. Manifest\u00f3.&nbsp;&nbsp;<\/span><\/p>\n<p>&nbsp;<\/p>\n<p style=\"text-align: justify;\"><span style=\"font-size: 14pt; font-family: arial, helvetica, sans-serif;\">Durante un encuentro con diferentes colectivos de protecci\u00f3n a los animales, Rebeca Uriarte, Presidenta de la Fundaci\u00f3n Laika, record\u00f3 que Faustino Hern\u00e1ndez, como diputado integrante del grupo parlamentario del PRI fue uno de los diputados locales que m\u00e1s impuls\u00f3 la Ley de Protecci\u00f3n a los Animales en Sinaloa.<\/span><\/p>\n<p>&nbsp;<\/p>\n<p style=\"text-align: justify;\"><span style=\"font-size: 14pt; font-family: arial, helvetica, sans-serif;\">En el marco del encuentro de la Adopci\u00f3n, que cada domingo realizan los diferentes colectivos protectores de animales, Faustino Hern\u00e1ndez \u00c1lvarez anunci\u00f3 que la adopci\u00f3n de animales con responsabilidad ser\u00e1 tambi\u00e9n otros de los temas a impulsar durante su administraci\u00f3n municipal, como una medida para fortalecer la cultura del cuidado y protecci\u00f3n.<\/span><\/p>\n<p>&nbsp;<\/p>\n<p style=\"text-align: justify;\"><span style=\"font-size: 14pt; font-family: arial, helvetica, sans-serif;\">De igual manera, se comprometi\u00f3 a cumplir con un viejo sue\u00f1o de estas asociaciones protectores, como es la&nbsp; construcci\u00f3n de un crematorio especial para animales, as\u00ed como impulsar&nbsp; las campa\u00f1as permanentes de esterilizaci\u00f3n gratuita para perros y gatos.<\/span><\/p>\n<p>&nbsp;<\/p>\n<p style=\"text-align: justify;\"><span style=\"font-size: 14pt; font-family: arial, helvetica, sans-serif;\">\u00abVine a sumarme a este proyecto incluyente de no al maltrato de los animales, y adopt\u00e9 un perrito llamado Toby;&nbsp; lo hice con coraz\u00f3n y con convicci\u00f3n porque soy un hombre apasionado del no maltrato a los animales, pero sobre todo me gustan los animales\u201d, manifest\u00f3.<\/span><\/p>\n<p>&nbsp;<\/p>\n<p style=\"text-align: justify;\"><span style=\"font-size: 14pt; font-family: arial, helvetica, sans-serif;\">Ante esta serie de compromisos p\u00fablicos, la presidenta de la Fundaci\u00f3n Laika, Rebeca Uriarte,&nbsp; agradeci\u00f3 a Faustino Hern\u00e1ndez \u00c1lvarez ser el primer candidato que viene a manifestar p\u00fablicamente su apoyo a esta noble causa, y a comprometerse a asumir, una vez que gane las elecciones, la causa de la protecci\u00f3n y cuidado de los animales.<\/span><\/p>\n<p>&nbsp;<\/p>\n<p style=\"text-align: justify;\"><span style=\"font-size: 14pt; font-family: arial, helvetica, sans-serif;\">Destac\u00f3 que conoce desde hace tiempo a Faustino Hern\u00e1ndez \u00c1lvarez y sabe que su amor por los animales es genuino, por lo que sabe que ser\u00e1 un Presidente Municipal que realmente encabece la bandera de las asociaciones protectores de animales.<\/span><\/p>\n<p>&nbsp;<\/p>\n<p style=\"text-align: justify;\"><span style=\"font-size: 14pt; font-family: arial, helvetica, sans-serif;\">\u201cEs bonito, es un aliciente para nosotros saber que contamos, en su momento, con autoridades que nos respalden, porque si siquiera estamos pidiendo presupuesto, un apoyo econ\u00f3mico, pedimos que nos den las herramientas para seguir haciendo la labor,<\/span><\/p>\n<p>&nbsp;<\/p>\n<p style=\"text-align: justify;\"><span style=\"font-size: 14pt; font-family: arial, helvetica, sans-serif;\">&nbsp;\u201cNo es nom\u00e1s el rescate ni rehabilitaci\u00f3n de animales que es una reconstrucci\u00f3n del tejido social, desde la sensibilizaci\u00f3n, conciencia, valores, trabajo en equipo y, sobre todo, no violencia\u201d, dijo. \u201cSabemos que llegando \u00e9l vamos a tener a un aliado en el Ayuntamiento\u201d.<\/span><\/p>\n<p>&nbsp;<\/p>\n<p>&nbsp;<\/p>\n<p style=\"text-align: justify;\"><span style=\"font-size: 14pt; font-family: arial, helvetica, sans-serif;\">REDACCION\/VISIONCIUDADANA<\/span><\/p>\n","protected":false},"excerpt":{"rendered":"<p>En cumplimiento de su compromiso de encabezar un gobierno con sentido humano,&nbsp;&nbsp; Faustino Hern\u00e1ndez \u00c1lvarez se convirti\u00f3 en el primer candidato de Sinaloa, en asumir frente a las asociaciones protectores&nbsp; de animales el compromiso de enarbolar la bandera del no maltrato y de la adopci\u00f3n con responsabilidad. &nbsp; Incluso, durante esta reuni\u00f3n,&nbsp; el candidato del [&hellip;]<\/p>\n","protected":false},"author":1,"featured_media":522,"comment_status":"closed","ping_status":"closed","sticky":false,"template":"","format":"standard","meta":{"footnotes":""},"categories":[24],"tags":[],"ppma_author":[31],"class_list":["post-16835","post","type-post","status-publish","format-standard","has-post-thumbnail","hentry","category-relevantes"],"aioseo_notices":[],"authors":[{"term_id":31,"user_id":1,"is_guest":0,"slug":"ivan3vino","display_name":"Iv\u00e1n Trevi\u00f1o","avatar_url":{"url":"https:\/\/visionciudadana.com.mx\/oficial\/wp-content\/uploads\/2025\/09\/columna-ivan-Trevino.png","url2x":"https:\/\/visionciudadana.com.mx\/oficial\/wp-content\/uploads\/2025\/09\/columna-ivan-Trevino.png"},"0":null,"1":"","2":"","3":"","4":"","5":"","6":"","7":"","8":""}],"_links":{"self":[{"href":"https:\/\/visionciudadana.com.mx\/oficial\/wp-json\/wp\/v2\/posts\/16835","targetHints":{"allow":["GET"]}}],"collection":[{"href":"https:\/\/visionciudadana.com.mx\/oficial\/wp-json\/wp\/v2\/posts"}],"about":[{"href":"https:\/\/visionciudadana.com.mx\/oficial\/wp-json\/wp\/v2\/types\/post"}],"author":[{"embeddable":true,"href":"https:\/\/visionciudadana.com.mx\/oficial\/wp-json\/wp\/v2\/users\/1"}],"replies":[{"embeddable":true,"href":"https:\/\/visionciudadana.com.mx\/oficial\/wp-json\/wp\/v2\/comments?post=16835"}],"version-history":[{"count":1,"href":"https:\/\/visionciudadana.com.mx\/oficial\/wp-json\/wp\/v2\/posts\/16835\/revisions"}],"predecessor-version":[{"id":31074,"href":"https:\/\/visionciudadana.com.mx\/oficial\/wp-json\/wp\/v2\/posts\/16835\/revisions\/31074"}],"wp:featuredmedia":[{"embeddable":true,"href":"https:\/\/visionciudadana.com.mx\/oficial\/wp-json\/wp\/v2\/posts\/522"}],"wp:attachment":[{"href":"https:\/\/visionciudadana.com.mx\/oficial\/wp-json\/wp\/v2\/media?parent=16835"}],"wp:term":[{"taxonomy":"category","embeddable":true,"href":"https:\/\/visionciudadana.com.mx\/oficial\/wp-json\/wp\/v2\/categories?post=16835"},{"taxonomy":"post_tag","embeddable":true,"href":"https:\/\/visionciudadana.com.mx\/oficial\/wp-json\/wp\/v2\/tags?post=16835"},{"taxonomy":"author","embeddable":true,"href":"https:\/\/visionciudadana.com.mx\/oficial\/wp-json\/wp\/v2\/ppma_author?post=16835"}],"curies":[{"name":"wp","href":"https:\/\/api.w.org\/{rel}","templated":true}]}}