{"id":16829,"date":"2021-05-04T02:59:23","date_gmt":"2021-05-04T02:59:23","guid":{"rendered":"https:\/\/visionciudadana.com.mx\/chio\/2021\/05\/04\/culiacan-tendra-mejores-obras-con-el-apoyo-de-la-ciudadania-estrada-ferreiro\/"},"modified":"2025-06-25T00:16:17","modified_gmt":"2025-06-25T00:16:17","slug":"culiacan-tendra-mejores-obras-con-el-apoyo-de-la-ciudadania-estrada-ferreiro","status":"publish","type":"post","link":"https:\/\/visionciudadana.com.mx\/oficial\/2021\/05\/04\/culiacan-tendra-mejores-obras-con-el-apoyo-de-la-ciudadania-estrada-ferreiro\/","title":{"rendered":"Culiac\u00e1n tendr\u00e1 mejores obras con el apoyo de la ciudadan\u00eda: Estrada Ferreiro"},"content":{"rendered":"<div>&nbsp;<img fetchpriority=\"high\" decoding=\"async\" src=\"images\/2021\/mayo21\/jef-5.jpg\" alt=\"jef 5\" width=\"720\" height=\"480\" style=\"display: block; margin: 20px auto;\" \/><\/div>\n<div>&nbsp;<\/div>\n<div>&nbsp;<\/div>\n<div style=\"text-align: justify;\"><span style=\"font-size: 14pt; font-family: arial, helvetica, sans-serif;\">En Culiac\u00e1n todav\u00eda faltan obras por realizar para beneficio de todos los culiacanenses asegur\u00f3 el Lic. Jes\u00fas Estrada Ferreiro, es por ello que con el apoyo de la ciudadan\u00eda durante el segundo periodo del Gobierno Municipal se podr\u00e1n aterrizar para transformar a todo el municipio.<\/span><\/div>\n<div style=\"text-align: justify;\"><span style=\"font-size: 14pt; font-family: arial, helvetica, sans-serif;\"><\/span><\/div>\n<div style=\"text-align: justify;\"><span style=\"font-size: 14pt; font-family: arial, helvetica, sans-serif;\"><\/span><\/div>\n<div>&nbsp;<\/div>\n<div style=\"text-align: justify;\"><span style=\"font-size: 14pt; font-family: arial, helvetica, sans-serif;\">Son obras como la pavimentaci\u00f3n de calles que la gente desea que se materialicen en sus colonias, pero debido a los malos manejos de administraciones municipales en el pasado,no lograron materializarse, detall\u00f3 el candidato por la alianza MORENA-PAS.<\/span><\/div>\n<div style=\"text-align: justify;\"><span style=\"font-size: 14pt; font-family: arial, helvetica, sans-serif;\"><\/span><\/div>\n<div style=\"text-align: justify;\"><span style=\"font-size: 14pt; font-family: arial, helvetica, sans-serif;\"><\/span><\/div>\n<div>&nbsp;<\/div>\n<div style=\"text-align: justify;\"><span style=\"font-size: 14pt; font-family: arial, helvetica, sans-serif;\">\u201cYa iniciamos la transformaci\u00f3n de Culiac\u00e1n, vamos a continuarla para que el Dr. Rocha Moya la concluya para todo el estado de Sinaloa, vamos a luchar y trabajar para que los diputados cumplan cabalmente con sus funciones de legisladores y no anden de gestores en cualquier parte. Una legislaci\u00f3n que permita el bienestar de la gente\u201d<\/span><\/div>\n<div style=\"text-align: justify;\"><span style=\"font-size: 14pt; font-family: arial, helvetica, sans-serif;\"><\/span><\/div>\n<div style=\"text-align: justify;\"><span style=\"font-size: 14pt; font-family: arial, helvetica, sans-serif;\"><\/span><\/div>\n<div>&nbsp;<\/div>\n<div style=\"text-align: justify;\"><span style=\"font-size: 14pt; font-family: arial, helvetica, sans-serif;\">Estrada Ferreiro explic\u00f3 que se tiene una gran fortaleza gracias al trabajo que se ha realizado en la administraci\u00f3n y a la coalici\u00f3n con el PAS que dirige el maestro H\u00e9ctor Melesio Cu\u00e9n Ojeda.<\/span><\/div>\n<div style=\"text-align: justify;\"><span style=\"font-size: 14pt; font-family: arial, helvetica, sans-serif;\"><\/span><\/div>\n<div style=\"text-align: justify;\"><span style=\"font-size: 14pt; font-family: arial, helvetica, sans-serif;\"><\/span><\/div>\n<div>&nbsp;<\/div>\n<div style=\"text-align: justify;\"><span style=\"font-size: 14pt; font-family: arial, helvetica, sans-serif;\">Finalmente pidi\u00f3 el apoyo para que este 6 de junio, el pueblo le brinde el apoyo para continuar el proyecto de Gobierno al frente de Culiac\u00e1n, el voto para todos los candidatos a diputados locales y federales, de Morena y del candidato a la gubernatura Rub\u00e9n Rocha Moya.<\/span><\/div>\n<div style=\"text-align: justify;\">&nbsp;<\/div>\n<div style=\"text-align: justify;\">&nbsp;<\/div>\n<div style=\"text-align: justify;\">&nbsp;<\/div>\n<div style=\"text-align: justify;\"><span style=\"font-size: 14pt; font-family: arial, helvetica, sans-serif;\">REDACCI\u00d3N\/VISI\u00d3N CIUDADANA.<\/span><\/div>\n","protected":false},"excerpt":{"rendered":"<p>&nbsp; &nbsp; &nbsp; En Culiac\u00e1n todav\u00eda faltan obras por realizar para beneficio de todos los culiacanenses asegur\u00f3 el Lic. Jes\u00fas Estrada Ferreiro, es por ello que con el apoyo de la ciudadan\u00eda durante el segundo periodo del Gobierno Municipal se podr\u00e1n aterrizar para transformar a todo el municipio. &nbsp; Son obras como la pavimentaci\u00f3n de [&hellip;]<\/p>\n","protected":false},"author":1,"featured_media":514,"comment_status":"closed","ping_status":"closed","sticky":false,"template":"","format":"standard","meta":{"footnotes":""},"categories":[24],"tags":[],"ppma_author":[31],"class_list":["post-16829","post","type-post","status-publish","format-standard","has-post-thumbnail","hentry","category-relevantes"],"aioseo_notices":[],"authors":[{"term_id":31,"user_id":1,"is_guest":0,"slug":"ivan3vino","display_name":"Iv\u00e1n Trevi\u00f1o","avatar_url":{"url":"https:\/\/visionciudadana.com.mx\/oficial\/wp-content\/uploads\/2025\/09\/columna-ivan-Trevino.png","url2x":"https:\/\/visionciudadana.com.mx\/oficial\/wp-content\/uploads\/2025\/09\/columna-ivan-Trevino.png"},"0":null,"1":"","2":"","3":"","4":"","5":"","6":"","7":"","8":""}],"_links":{"self":[{"href":"https:\/\/visionciudadana.com.mx\/oficial\/wp-json\/wp\/v2\/posts\/16829","targetHints":{"allow":["GET"]}}],"collection":[{"href":"https:\/\/visionciudadana.com.mx\/oficial\/wp-json\/wp\/v2\/posts"}],"about":[{"href":"https:\/\/visionciudadana.com.mx\/oficial\/wp-json\/wp\/v2\/types\/post"}],"author":[{"embeddable":true,"href":"https:\/\/visionciudadana.com.mx\/oficial\/wp-json\/wp\/v2\/users\/1"}],"replies":[{"embeddable":true,"href":"https:\/\/visionciudadana.com.mx\/oficial\/wp-json\/wp\/v2\/comments?post=16829"}],"version-history":[{"count":1,"href":"https:\/\/visionciudadana.com.mx\/oficial\/wp-json\/wp\/v2\/posts\/16829\/revisions"}],"predecessor-version":[{"id":31076,"href":"https:\/\/visionciudadana.com.mx\/oficial\/wp-json\/wp\/v2\/posts\/16829\/revisions\/31076"}],"wp:featuredmedia":[{"embeddable":true,"href":"https:\/\/visionciudadana.com.mx\/oficial\/wp-json\/wp\/v2\/posts\/514"}],"wp:attachment":[{"href":"https:\/\/visionciudadana.com.mx\/oficial\/wp-json\/wp\/v2\/media?parent=16829"}],"wp:term":[{"taxonomy":"category","embeddable":true,"href":"https:\/\/visionciudadana.com.mx\/oficial\/wp-json\/wp\/v2\/categories?post=16829"},{"taxonomy":"post_tag","embeddable":true,"href":"https:\/\/visionciudadana.com.mx\/oficial\/wp-json\/wp\/v2\/tags?post=16829"},{"taxonomy":"author","embeddable":true,"href":"https:\/\/visionciudadana.com.mx\/oficial\/wp-json\/wp\/v2\/ppma_author?post=16829"}],"curies":[{"name":"wp","href":"https:\/\/api.w.org\/{rel}","templated":true}]}}