{"id":16827,"date":"2021-05-03T22:11:55","date_gmt":"2021-05-03T22:11:55","guid":{"rendered":"https:\/\/visionciudadana.com.mx\/chio\/2021\/05\/03\/el-embargo-al-camaron-en-usa-es-por-ineptitud-de-conapesca-sergio-torres\/"},"modified":"2025-06-25T00:16:17","modified_gmt":"2025-06-25T00:16:17","slug":"el-embargo-al-camaron-en-usa-es-por-ineptitud-de-conapesca-sergio-torres","status":"publish","type":"post","link":"https:\/\/visionciudadana.com.mx\/oficial\/2021\/05\/03\/el-embargo-al-camaron-en-usa-es-por-ineptitud-de-conapesca-sergio-torres\/","title":{"rendered":"El embargo al camar\u00f3n en USA es por ineptitud de Conapesca: Sergio Torres"},"content":{"rendered":"<p>&nbsp;<\/p>\n<p>&nbsp;<img fetchpriority=\"high\" decoding=\"async\" src=\"images\/2021\/mayo21\/conapesca.jpg\" alt=\"conapesca\" width=\"780\" height=\"420\" style=\"display: block; margin: 20px auto;\" \/><\/p>\n<div style=\"text-align: justify;\"><span style=\"font-size: 14pt; font-family: arial, helvetica, sans-serif;\">Ante habitantes de colonias populares y tambi\u00e9n con alba\u00f1iles que celebraban su d\u00eda, Sergio Torres expres\u00f3 que su gobierno construir\u00e1 un Sinaloa igualitario, donde toda la gente gane, no solo unos cuantos.<\/span><\/div>\n<div style=\"text-align: justify;\">&nbsp;<\/div>\n<div style=\"text-align: justify;\"><span style=\"font-size: 14pt; font-family: arial, helvetica, sans-serif;\"><\/span><\/div>\n<div style=\"text-align: justify;\"><span style=\"font-size: 14pt; font-family: arial, helvetica, sans-serif;\">El candidato de Movimiento Ciudadano al gobierno del estado, dijo que hay que terminar con la costumbre de que llega un nuevo gobernador con su \u00abequipito\u00bb y s\u00f3lo a ellos les vaya bien, y a la gran mayor\u00eda, les vaya mal.<\/span><\/div>\n<div style=\"text-align: justify;\">&nbsp;<\/div>\n<div style=\"text-align: justify;\"><span style=\"font-size: 14pt; font-family: arial, helvetica, sans-serif;\"><\/span><\/div>\n<div style=\"text-align: justify;\"><span style=\"font-size: 14pt; font-family: arial, helvetica, sans-serif;\">Acompa\u00f1ado por Ely Montoya, candidata a la presidencia municipal de Culiac\u00e1n, agradeci\u00f3 que cada d\u00eda se suma m\u00e1s gente al proyecto naranja, \u00abporque saben que voy con todo, si no, pa&#8217;que\u00bb y ratific\u00f3 que trabaja con seriedad y responsabilidad, que ganar\u00e1 la gubernatura de Sinaloa, \u00abporque el presente y futuro de Sinaloa y su gente no es un juego\u00bb.<\/span><\/div>\n<div style=\"text-align: justify;\">&nbsp;<\/div>\n<div style=\"text-align: justify;\"><span style=\"font-size: 14pt; font-family: arial, helvetica, sans-serif;\"><\/span><\/div>\n<div style=\"text-align: justify;\"><span style=\"font-size: 14pt; font-family: arial, helvetica, sans-serif;\">Llam\u00f3 a la ciudadan\u00eda a votar el pr\u00f3ximo 06 de junio, por quien deseen, dijo, pero con la responsabilidad de tomar una decisi\u00f3n muy importante: elegir un gobernado eficiente; diputados federales y estatales que defiendan en verdad los intereses de la gente, as\u00ed como gobernantes municipales que puedan y quieran resolver las carencias de servicios p\u00fablicos que afectan a colonias y sindicaturas.<\/span><\/div>\n<div style=\"text-align: justify;\">&nbsp;<\/div>\n<div style=\"text-align: justify;\"><span style=\"font-size: 14pt; font-family: arial, helvetica, sans-serif;\"><\/span><\/div>\n<div style=\"text-align: justify;\"><span style=\"font-size: 14pt; font-family: arial, helvetica, sans-serif;\">Finalmente, lanz\u00f3 un reiterado llamado a los tres \u00f3rdenes de gobierno para atender el problema de la sequ\u00eda en Sinaloa, que ya es un peligro para la gente y actividades del campo; as\u00ed como atender el embargo del camar\u00f3n por parte de Estados Unidos, lo que calific\u00f3 como un \u00abgolpe mortal\u00bb para el sector pesquero, especialmente el sinaloense, l\u00edder en los mercados nacionales e internacionales.<\/span><\/div>\n<div>&nbsp;<\/div>\n<div style=\"text-align: justify;\">&nbsp;<\/div>\n<div style=\"text-align: justify;\">&nbsp;<\/div>\n<div style=\"text-align: justify;\"><span style=\"font-size: 14pt; font-family: arial, helvetica, sans-serif;\">REDACCI\u00d3N\/VISI\u00d3N CIUDADANA.<\/span><\/div>\n","protected":false},"excerpt":{"rendered":"<p>&nbsp; &nbsp; Ante habitantes de colonias populares y tambi\u00e9n con alba\u00f1iles que celebraban su d\u00eda, Sergio Torres expres\u00f3 que su gobierno construir\u00e1 un Sinaloa igualitario, donde toda la gente gane, no solo unos cuantos. &nbsp; El candidato de Movimiento Ciudadano al gobierno del estado, dijo que hay que terminar con la costumbre de que llega [&hellip;]<\/p>\n","protected":false},"author":1,"featured_media":510,"comment_status":"closed","ping_status":"closed","sticky":false,"template":"","format":"standard","meta":{"footnotes":""},"categories":[24],"tags":[],"ppma_author":[31],"class_list":["post-16827","post","type-post","status-publish","format-standard","has-post-thumbnail","hentry","category-relevantes"],"aioseo_notices":[],"authors":[{"term_id":31,"user_id":1,"is_guest":0,"slug":"ivan3vino","display_name":"Iv\u00e1n Trevi\u00f1o","avatar_url":{"url":"https:\/\/visionciudadana.com.mx\/oficial\/wp-content\/uploads\/2025\/09\/columna-ivan-Trevino.png","url2x":"https:\/\/visionciudadana.com.mx\/oficial\/wp-content\/uploads\/2025\/09\/columna-ivan-Trevino.png"},"0":null,"1":"","2":"","3":"","4":"","5":"","6":"","7":"","8":""}],"_links":{"self":[{"href":"https:\/\/visionciudadana.com.mx\/oficial\/wp-json\/wp\/v2\/posts\/16827","targetHints":{"allow":["GET"]}}],"collection":[{"href":"https:\/\/visionciudadana.com.mx\/oficial\/wp-json\/wp\/v2\/posts"}],"about":[{"href":"https:\/\/visionciudadana.com.mx\/oficial\/wp-json\/wp\/v2\/types\/post"}],"author":[{"embeddable":true,"href":"https:\/\/visionciudadana.com.mx\/oficial\/wp-json\/wp\/v2\/users\/1"}],"replies":[{"embeddable":true,"href":"https:\/\/visionciudadana.com.mx\/oficial\/wp-json\/wp\/v2\/comments?post=16827"}],"version-history":[{"count":1,"href":"https:\/\/visionciudadana.com.mx\/oficial\/wp-json\/wp\/v2\/posts\/16827\/revisions"}],"predecessor-version":[{"id":31078,"href":"https:\/\/visionciudadana.com.mx\/oficial\/wp-json\/wp\/v2\/posts\/16827\/revisions\/31078"}],"wp:featuredmedia":[{"embeddable":true,"href":"https:\/\/visionciudadana.com.mx\/oficial\/wp-json\/wp\/v2\/posts\/510"}],"wp:attachment":[{"href":"https:\/\/visionciudadana.com.mx\/oficial\/wp-json\/wp\/v2\/media?parent=16827"}],"wp:term":[{"taxonomy":"category","embeddable":true,"href":"https:\/\/visionciudadana.com.mx\/oficial\/wp-json\/wp\/v2\/categories?post=16827"},{"taxonomy":"post_tag","embeddable":true,"href":"https:\/\/visionciudadana.com.mx\/oficial\/wp-json\/wp\/v2\/tags?post=16827"},{"taxonomy":"author","embeddable":true,"href":"https:\/\/visionciudadana.com.mx\/oficial\/wp-json\/wp\/v2\/ppma_author?post=16827"}],"curies":[{"name":"wp","href":"https:\/\/api.w.org\/{rel}","templated":true}]}}