{"id":16821,"date":"2021-04-30T23:45:45","date_gmt":"2021-04-30T23:45:45","guid":{"rendered":"https:\/\/visionciudadana.com.mx\/chio\/2021\/04\/30\/los-sinaloenses-nos-ven-como-una-opcion-real-para-la-gubernatura-sergio-torres\/"},"modified":"2025-06-25T00:16:17","modified_gmt":"2025-06-25T00:16:17","slug":"los-sinaloenses-nos-ven-como-una-opcion-real-para-la-gubernatura-sergio-torres","status":"publish","type":"post","link":"https:\/\/visionciudadana.com.mx\/oficial\/2021\/04\/30\/los-sinaloenses-nos-ven-como-una-opcion-real-para-la-gubernatura-sergio-torres\/","title":{"rendered":"Los sinaloenses nos ven como una opci\u00f3n real para la gubernatura: Sergio Torres"},"content":{"rendered":"<p>&nbsp;<img decoding=\"async\" src=\"images\/abril21\/sergio9.jpg\" alt=\"sergio9\" style=\"display: block; margin: 20px auto;\" \/><\/p>\n<div>&nbsp;<\/div>\n<div style=\"text-align: justify;\"><span style=\"font-size: 14pt; font-family: arial, helvetica, sans-serif;\">Escasez de recursos para dar de comer a sus familias, el pago de servicios p\u00fablicos encarecidos durante la pandemia, falta de empleo y la preocupaci\u00f3n por la educaci\u00f3n de sus hijos e hijas, son algunas de las demandas que comerciantes, empleados, clientes y transe\u00fantes de la zona centro de esta capital externaron al candidato Sergio Torres.&nbsp;<\/span><\/div>\n<div style=\"text-align: justify;\">&nbsp;<\/div>\n<div style=\"text-align: justify;\"><span style=\"font-size: 14pt; font-family: arial, helvetica, sans-serif;\"><\/span><\/div>\n<div style=\"text-align: justify;\"><span style=\"font-size: 14pt; font-family: arial, helvetica, sans-serif;\">El abanderado de Movimiento Ciudadano al gobierno de Sinaloa, acompa\u00f1ado de la candidata a presidenta municipal, Ely Montoya, recorrieron la zona comercial del primer cuadro de la ciudad, en di\u00e1logo directo que ha dado como caracter\u00edstica a su campa\u00f1a Sergio Torres, sin derroches econ\u00f3micos y sin arriesgar a la gente en tiempos de pandemia.<\/span><\/div>\n<div style=\"text-align: justify;\">&nbsp;<\/div>\n<div style=\"text-align: justify;\"><span style=\"font-size: 14pt; font-family: arial, helvetica, sans-serif;\"><\/span><\/div>\n<div style=\"text-align: justify;\"><span style=\"font-size: 14pt; font-family: arial, helvetica, sans-serif;\">Madres y padres de familia le pidieron ser un gobernador que atienda los problemas de las familias, que genere empleos, porque de esto depende que tengan recursos para sus necesidades, que sea el ejecutivo que \u00abse plante\u00bb ante el gobierno federal para que bajen lis costos de energ\u00eda el\u00e9ctrica, gas, gasolina y agua potable.<\/span><\/div>\n<div style=\"text-align: justify;\"><span style=\"font-size: 14pt; font-family: arial, helvetica, sans-serif;\"><\/span><\/div>\n<div style=\"text-align: justify;\">&nbsp;<\/div>\n<div style=\"text-align: justify;\"><span style=\"font-size: 14pt; font-family: arial, helvetica, sans-serif;\">El candidato se\u00f1al\u00f3 que habr\u00e1 de tener una relaci\u00f3n de respeto y trabajo con el presidente de la Rep\u00fablica, pero no de sumisi\u00f3n, que exigir\u00e1 regrese la federaci\u00f3n los 5 mil millones de presupuesto que arrebataron al estado, para destinarlo a programas de apoyo e incentivos de peque\u00f1os comerciantes y empresarios, as\u00ed como a agricultores,&nbsp; ganaderos y pescadores, para reactivar la econom\u00eda estatal.<\/span><\/div>\n<div style=\"text-align: justify;\">&nbsp;<\/div>\n<div style=\"text-align: justify;\"><span style=\"font-size: 14pt; font-family: arial, helvetica, sans-serif;\"><\/span><\/div>\n<div style=\"text-align: justify;\"><span style=\"font-size: 14pt; font-family: arial, helvetica, sans-serif;\">Dijo que otro de los sectores en que habr\u00e1 de poner atenci\u00f3n especial su gobierno es el educativo, pues en estos momentos de pandemia hay estudiantes de la zona serrana, poblados y colonias vulnerables que no han tenido clases por m\u00e1s de un a\u00f1o, por falta de internet, por no tener computadora o ambas razones.<\/span><\/div>\n<div style=\"text-align: justify;\">&nbsp;<\/div>\n<div style=\"text-align: justify;\">&nbsp;<\/div>\n<div style=\"text-align: justify;\"><span style=\"font-size: 14pt; font-family: arial, helvetica, sans-serif;\">REDACCI\u00d3N\/VISI\u00d3N CIUDADANA.<\/span><\/div>\n","protected":false},"excerpt":{"rendered":"<p>&nbsp; &nbsp; Escasez de recursos para dar de comer a sus familias, el pago de servicios p\u00fablicos encarecidos durante la pandemia, falta de empleo y la preocupaci\u00f3n por la educaci\u00f3n de sus hijos e hijas, son algunas de las demandas que comerciantes, empleados, clientes y transe\u00fantes de la zona centro de esta capital externaron al [&hellip;]<\/p>\n","protected":false},"author":1,"featured_media":503,"comment_status":"closed","ping_status":"closed","sticky":false,"template":"","format":"standard","meta":{"footnotes":""},"categories":[24],"tags":[],"ppma_author":[31],"class_list":["post-16821","post","type-post","status-publish","format-standard","has-post-thumbnail","hentry","category-relevantes"],"aioseo_notices":[],"authors":[{"term_id":31,"user_id":1,"is_guest":0,"slug":"ivan3vino","display_name":"Iv\u00e1n Trevi\u00f1o","avatar_url":{"url":"https:\/\/visionciudadana.com.mx\/oficial\/wp-content\/uploads\/2025\/09\/columna-ivan-Trevino.png","url2x":"https:\/\/visionciudadana.com.mx\/oficial\/wp-content\/uploads\/2025\/09\/columna-ivan-Trevino.png"},"0":null,"1":"","2":"","3":"","4":"","5":"","6":"","7":"","8":""}],"_links":{"self":[{"href":"https:\/\/visionciudadana.com.mx\/oficial\/wp-json\/wp\/v2\/posts\/16821","targetHints":{"allow":["GET"]}}],"collection":[{"href":"https:\/\/visionciudadana.com.mx\/oficial\/wp-json\/wp\/v2\/posts"}],"about":[{"href":"https:\/\/visionciudadana.com.mx\/oficial\/wp-json\/wp\/v2\/types\/post"}],"author":[{"embeddable":true,"href":"https:\/\/visionciudadana.com.mx\/oficial\/wp-json\/wp\/v2\/users\/1"}],"replies":[{"embeddable":true,"href":"https:\/\/visionciudadana.com.mx\/oficial\/wp-json\/wp\/v2\/comments?post=16821"}],"version-history":[{"count":1,"href":"https:\/\/visionciudadana.com.mx\/oficial\/wp-json\/wp\/v2\/posts\/16821\/revisions"}],"predecessor-version":[{"id":31079,"href":"https:\/\/visionciudadana.com.mx\/oficial\/wp-json\/wp\/v2\/posts\/16821\/revisions\/31079"}],"wp:featuredmedia":[{"embeddable":true,"href":"https:\/\/visionciudadana.com.mx\/oficial\/wp-json\/wp\/v2\/posts\/503"}],"wp:attachment":[{"href":"https:\/\/visionciudadana.com.mx\/oficial\/wp-json\/wp\/v2\/media?parent=16821"}],"wp:term":[{"taxonomy":"category","embeddable":true,"href":"https:\/\/visionciudadana.com.mx\/oficial\/wp-json\/wp\/v2\/categories?post=16821"},{"taxonomy":"post_tag","embeddable":true,"href":"https:\/\/visionciudadana.com.mx\/oficial\/wp-json\/wp\/v2\/tags?post=16821"},{"taxonomy":"author","embeddable":true,"href":"https:\/\/visionciudadana.com.mx\/oficial\/wp-json\/wp\/v2\/ppma_author?post=16821"}],"curies":[{"name":"wp","href":"https:\/\/api.w.org\/{rel}","templated":true}]}}