{"id":16820,"date":"2021-04-30T23:40:20","date_gmt":"2021-04-30T23:40:20","guid":{"rendered":"https:\/\/visionciudadana.com.mx\/chio\/2021\/04\/30\/el-combate-a-la-corrupcion-alienta-la-modernizacion-del-estado-rocha-moya-a-empresarios\/"},"modified":"2025-06-25T00:16:17","modified_gmt":"2025-06-25T00:16:17","slug":"el-combate-a-la-corrupcion-alienta-la-modernizacion-del-estado-rocha-moya-a-empresarios","status":"publish","type":"post","link":"https:\/\/visionciudadana.com.mx\/oficial\/2021\/04\/30\/el-combate-a-la-corrupcion-alienta-la-modernizacion-del-estado-rocha-moya-a-empresarios\/","title":{"rendered":"El combate a la corrupci\u00f3n alienta la modernizaci\u00f3n del Estado: Rocha Moya a empresarios  \u00a0"},"content":{"rendered":"<div>&nbsp;<\/div>\n<div><img decoding=\"async\" src=\"images\/abril21\/rocha_moya5.jpg\" alt=\"rocha moya5\" style=\"display: block; margin: 20px auto;\" \/><\/div>\n<div>&nbsp;<\/div>\n<div style=\"text-align: justify;\"><span style=\"font-size: 14pt; font-family: arial, helvetica, sans-serif;\">Durante&nbsp; reuni\u00f3n con empresarios esta ma\u00f1ana en Culiac\u00e1n, el candidato de la alianza Morena-PAS a la gubernatura, Rub\u00e9n Rocha Moya, reiter\u00f3 que&nbsp; su administraci\u00f3n se distinguir\u00e1 por combatir la corrupci\u00f3n y ser austera, sin embargo, ello no se contrapone con la modernizaci\u00f3n del Estado, porque se eficientar\u00e1 la capacidad administrativa.&nbsp;<\/span><\/div>\n<div style=\"text-align: justify;\">&nbsp;<\/div>\n<div style=\"text-align: justify;\"><span style=\"font-size: 14pt; font-family: arial, helvetica, sans-serif;\"><\/span><\/div>\n<div style=\"text-align: justify;\"><span style=\"font-size: 14pt; font-family: arial, helvetica, sans-serif;\">\u201cEl combate a la corrupci\u00f3n, en el tema de la austeridad no la vamos a contraponer con la modernizaci\u00f3n, necesitamos avanzar eso, solo vamos a evitar despilfarro; los gastos superfluos y excesivos. \u00bb reiter\u00f3 qui\u00e9n el 1 de noviembre encabezar\u00e1 el gobierno del estado.&nbsp;<\/span><\/div>\n<div style=\"text-align: justify;\">&nbsp;<\/div>\n<div style=\"text-align: justify;\"><span style=\"font-size: 14pt; font-family: arial, helvetica, sans-serif;\"><\/span><\/div>\n<div style=\"text-align: justify;\"><span style=\"font-size: 14pt; font-family: arial, helvetica, sans-serif;\">Agreg\u00f3 que una vez que se instale la cuarta transformaci\u00f3n en Sinaloa habr\u00e1 ahorros en la administraci\u00f3n p\u00fablica, es decir, la austeridad se aplicar\u00e1 en algunos temas como contratos y proveedores.&nbsp;<\/span><\/div>\n<div style=\"text-align: justify;\">&nbsp;<\/div>\n<div style=\"text-align: justify;\"><span style=\"font-size: 14pt; font-family: arial, helvetica, sans-serif;\"><\/span><\/div>\n<div style=\"text-align: justify;\"><span style=\"font-size: 14pt; font-family: arial, helvetica, sans-serif;\">\u201cNo tengo la menor duda que se va&nbsp; ahorrar dinero de la austeridad sin dejar infuncional al&nbsp; Gobierno, debe ser funcional el Gobierno, no porque restrinjas o digas estoy ahorrando no, una austeridad posible desde el tema de los contratos y de la proveedur\u00eda. Ayer habl\u00e9 con los de obra p\u00fablica, ingenieros y arquitectos, les digo: ustedes saben que se le pide \u00abmoches\u00bb a constructores de obra p\u00fablica pero tambi\u00e9n a otros proveedores, y encima pasan meses y meses y no les pagan. Y para que les paguen, en muchisimas ocasiones tambi\u00e9n les piden \u00abmoche\u00bb,&nbsp; \u00abpero eso ya se acab\u00f3\u00bb .&nbsp;<\/span><\/div>\n<div style=\"text-align: justify;\">&nbsp;<\/div>\n<div style=\"text-align: justify;\"><span style=\"font-size: 14pt; font-family: arial, helvetica, sans-serif;\"><\/span><\/div>\n<div style=\"text-align: justify;\"><span style=\"font-size: 14pt; font-family: arial, helvetica, sans-serif;\">Rub\u00e9n Rocha Moya coment\u00f3 que el gobierno que emane de los partidos de MORENA y PAS no ser\u00e1 inflexible, ya que les interesa vivir en la democracia y donde se respete el Estado de Derecho.&nbsp;&nbsp;<\/span><\/div>\n<div style=\"text-align: justify;\"><span style=\"font-size: 14pt; font-family: arial, helvetica, sans-serif;\"><\/span><\/div>\n<div style=\"text-align: justify;\">&nbsp;<\/div>\n<div style=\"text-align: justify;\">&nbsp;<\/div>\n<div style=\"text-align: justify;\"><span style=\"font-size: 14pt; font-family: arial, helvetica, sans-serif;\">Por otra parte, el pr\u00f3ximo gobernador del estado dijo que en cada regi\u00f3n de nuestra entidad tienen contemplado llevar a cabo proyectos que detonen el desarrollo econ\u00f3mico de sus zonas, por ejemplo: en el sur la construcci\u00f3n de la Presa Santa Mar\u00eda y en el norte el corredor Los Mochis- Topolobampo, as\u00ed como el proyecto R\u00edo Sinaloa.<\/span><\/div>\n<div style=\"text-align: justify;\">&nbsp;<\/div>\n<div style=\"text-align: justify;\"><span style=\"font-size: 14pt; font-family: arial, helvetica, sans-serif;\"><\/span><\/div>\n<div style=\"text-align: justify;\"><span style=\"font-size: 14pt; font-family: arial, helvetica, sans-serif;\">\u201cEn Ahome necesitamos revitalizar el corredor Los Mochis Topolobampo, en Guasave hay que reactivar el proyecto R\u00edo Sinaloa, es un proyecto que est\u00e1 ah\u00ed y que puede detonar. A ver todos esos proyectos qu\u00e9 tienes que hacer gestor\u00eda, si ganas el proyecto generas una serie de obras secundarias importantes, son proyectos detonadores, vamos a trabajar en eso\u201d.<\/span><\/div>\n<div style=\"text-align: justify;\">&nbsp;<\/div>\n<div style=\"text-align: justify;\"><span style=\"font-size: 14pt; font-family: arial, helvetica, sans-serif;\"><\/span><\/div>\n<div style=\"text-align: justify;\"><span style=\"font-size: 14pt; font-family: arial, helvetica, sans-serif;\">El abanderado de los partidos de MORENA y PAS coment\u00f3 que es necesario impulsar proyectos que ayuden a impulsar al sector tur\u00edstico como la pesca y espect\u00e1culos deportivos en los municipios que tengan la infraestructura para llevar a cabo estos eventos, los cuales atraen visitantes de otras partes del pa\u00eds y el mundo. Adem\u00e1s, dijo que no se descuidar\u00e1 el puerto de Mazatl\u00e1n ni la capital del estado, por lo que se tiene contemplado mejorar sus conexiones mar\u00edtimas y terrestres.<\/span><\/div>\n<div style=\"text-align: justify;\">&nbsp;<\/div>\n<div style=\"text-align: justify;\">&nbsp;<\/div>\n<div style=\"text-align: justify;\"><span style=\"font-size: 14pt; font-family: arial, helvetica, sans-serif;\">REDACCI\u00d3N\/VISI\u00d3N CIUDADANA.<\/span><\/div>\n","protected":false},"excerpt":{"rendered":"<p>&nbsp; &nbsp; Durante&nbsp; reuni\u00f3n con empresarios esta ma\u00f1ana en Culiac\u00e1n, el candidato de la alianza Morena-PAS a la gubernatura, Rub\u00e9n Rocha Moya, reiter\u00f3 que&nbsp; su administraci\u00f3n se distinguir\u00e1 por combatir la corrupci\u00f3n y ser austera, sin embargo, ello no se contrapone con la modernizaci\u00f3n del Estado, porque se eficientar\u00e1 la capacidad administrativa.&nbsp; &nbsp; \u201cEl combate [&hellip;]<\/p>\n","protected":false},"author":1,"featured_media":501,"comment_status":"closed","ping_status":"closed","sticky":false,"template":"","format":"standard","meta":{"footnotes":""},"categories":[24],"tags":[],"ppma_author":[31],"class_list":["post-16820","post","type-post","status-publish","format-standard","has-post-thumbnail","hentry","category-relevantes"],"aioseo_notices":[],"authors":[{"term_id":31,"user_id":1,"is_guest":0,"slug":"ivan3vino","display_name":"Iv\u00e1n Trevi\u00f1o","avatar_url":{"url":"https:\/\/visionciudadana.com.mx\/oficial\/wp-content\/uploads\/2025\/09\/columna-ivan-Trevino.png","url2x":"https:\/\/visionciudadana.com.mx\/oficial\/wp-content\/uploads\/2025\/09\/columna-ivan-Trevino.png"},"0":null,"1":"","2":"","3":"","4":"","5":"","6":"","7":"","8":""}],"_links":{"self":[{"href":"https:\/\/visionciudadana.com.mx\/oficial\/wp-json\/wp\/v2\/posts\/16820","targetHints":{"allow":["GET"]}}],"collection":[{"href":"https:\/\/visionciudadana.com.mx\/oficial\/wp-json\/wp\/v2\/posts"}],"about":[{"href":"https:\/\/visionciudadana.com.mx\/oficial\/wp-json\/wp\/v2\/types\/post"}],"author":[{"embeddable":true,"href":"https:\/\/visionciudadana.com.mx\/oficial\/wp-json\/wp\/v2\/users\/1"}],"replies":[{"embeddable":true,"href":"https:\/\/visionciudadana.com.mx\/oficial\/wp-json\/wp\/v2\/comments?post=16820"}],"version-history":[{"count":1,"href":"https:\/\/visionciudadana.com.mx\/oficial\/wp-json\/wp\/v2\/posts\/16820\/revisions"}],"predecessor-version":[{"id":31080,"href":"https:\/\/visionciudadana.com.mx\/oficial\/wp-json\/wp\/v2\/posts\/16820\/revisions\/31080"}],"wp:featuredmedia":[{"embeddable":true,"href":"https:\/\/visionciudadana.com.mx\/oficial\/wp-json\/wp\/v2\/posts\/501"}],"wp:attachment":[{"href":"https:\/\/visionciudadana.com.mx\/oficial\/wp-json\/wp\/v2\/media?parent=16820"}],"wp:term":[{"taxonomy":"category","embeddable":true,"href":"https:\/\/visionciudadana.com.mx\/oficial\/wp-json\/wp\/v2\/categories?post=16820"},{"taxonomy":"post_tag","embeddable":true,"href":"https:\/\/visionciudadana.com.mx\/oficial\/wp-json\/wp\/v2\/tags?post=16820"},{"taxonomy":"author","embeddable":true,"href":"https:\/\/visionciudadana.com.mx\/oficial\/wp-json\/wp\/v2\/ppma_author?post=16820"}],"curies":[{"name":"wp","href":"https:\/\/api.w.org\/{rel}","templated":true}]}}