{"id":16814,"date":"2021-04-30T03:00:09","date_gmt":"2021-04-30T03:00:09","guid":{"rendered":"https:\/\/visionciudadana.com.mx\/chio\/2021\/04\/30\/por-difamacion-interpone-faustino-hernandez-alvarez-denuncia-ante-la-fiscalia\/"},"modified":"2025-06-25T00:16:18","modified_gmt":"2025-06-25T00:16:18","slug":"por-difamacion-interpone-faustino-hernandez-alvarez-denuncia-ante-la-fiscalia","status":"publish","type":"post","link":"https:\/\/visionciudadana.com.mx\/oficial\/2021\/04\/30\/por-difamacion-interpone-faustino-hernandez-alvarez-denuncia-ante-la-fiscalia\/","title":{"rendered":"Por difamaci\u00f3n, interpone Faustino Hern\u00e1ndez \u00c1lvarez denuncia ante la Fiscal\u00eda"},"content":{"rendered":"<p style=\"text-align: justify;\"><img fetchpriority=\"high\" decoding=\"async\" src=\"images\/abril21\/denuncia-fausty.jpg\" alt=\"denuncia fausty\" width=\"780\" height=\"420\" style=\"display: block; margin: 20px auto;\" \/><\/p>\n<p class=\"x_MsoNormal\" style=\"text-align: justify;\"><span style=\"font-size: 14pt; font-family: arial, helvetica, sans-serif;\">Ante las \u201cFake News\u201d que han circulado en algunas redes sociales, donde se intenta da\u00f1ar su imagen, honorabilidad, y reputaci\u00f3n, el candidato del PRI, PAN y PRD a la Alcald\u00eda de Culiac\u00e1n, Faustino Hern\u00e1ndez \u00c1lvarez, present\u00f3 denuncia ante la Fiscal\u00eda General del Estado por el delito Contra la Paz y la Seguridad de las Personas.<\/span><\/p>\n<p style=\"text-align: justify;\">&nbsp;<\/p>\n<p class=\"x_MsoNormal\" style=\"text-align: justify;\"><span style=\"font-size: 14pt; font-family: arial, helvetica, sans-serif;\">Estos medios digitales, en los cuales se publican im\u00e1genes y noticias falsas en su contra, abusando del perfil p\u00fablico con fines supuestamente comerciales o period\u00edsticos sobre temas sociales, elecciones o pol\u00edtica, son News One, Noticiero Digital CLN, WM News.&nbsp;<\/span><\/p>\n<p style=\"text-align: justify;\">&nbsp;<\/p>\n<p class=\"x_MsoNormal\" style=\"text-align: justify;\"><span style=\"font-size: 14pt; font-family: arial, helvetica, sans-serif;\">Sobre esta denuncia, Faustino Hern\u00e1ndez \u00c1lvarez lament\u00f3 que, aprovechando el anonimato que facilitan las plataformas digitales, personajes con intereses oscuros, est\u00e9n promoviendo campa\u00f1as de odio fincada en difamaciones, que solamente enrarecen el clima pol\u00edtico.<\/span><\/p>\n<p style=\"text-align: justify;\">&nbsp;<\/p>\n<p class=\"x_MsoNormal\" style=\"text-align: justify;\"><span style=\"font-size: 14pt; font-family: arial, helvetica, sans-serif;\">Manifest\u00f3 que recurre ante esta instancia estatal de ser necesario, y pr\u00f3ximamente lo har\u00e1 tambi\u00e9n en la federal, porque tiene confianza en que estas instituciones dar\u00e1n con los responsables de esta \u201cguerra sucia\u201d y har\u00e1n que paguen por los il\u00edcitos que han cometido.<\/span><\/p>\n<p style=\"text-align: justify;\">&nbsp;<\/p>\n<p class=\"x_MsoNormal\" style=\"text-align: justify;\"><span style=\"font-size: 14pt; font-family: arial, helvetica, sans-serif;\">Se\u00f1al\u00f3 que valorar\u00e1 la posibilidad tambi\u00e9n de recurrir a la Guardia Nacional para pedir apoyo en las investigaciones, dado que esta dependencia cuenta con una Polic\u00eda Cibern\u00e9tica.<\/span><\/p>\n<p style=\"text-align: justify;\">&nbsp;<\/p>\n<p class=\"x_MsoNormal\" style=\"text-align: justify;\"><span style=\"font-size: 14pt; font-family: arial, helvetica, sans-serif;\">El candidato del PRI, PAN y PRD, aclar\u00f3 que su campa\u00f1a pol\u00edtica se basa en propuestas y no en la difamaci\u00f3n, como lo est\u00e1n haciendo algunos contrincantes pol\u00edticos que no encuentran en su oferta pol\u00edtica los elementos suficientes para ganarse la simpat\u00eda y apoyo de la ciudadan\u00eda.<\/span><\/p>\n<p style=\"text-align: justify;\">&nbsp;<\/p>\n<p class=\"x_MsoNormal\" style=\"text-align: justify;\"><span style=\"font-size: 14pt; font-family: arial, helvetica, sans-serif;\">Faustino Hern\u00e1ndez, coment\u00f3 que seguir\u00e1 realizando sus propuestas de cara a la ciudadan\u00eda, sin nada que esconder, porque la honestidad, transparencia y respeto siempre han sido sus lineamientos en su transitar por la vida p\u00fablica del estado, donde ha ocupado diversos cargos p\u00fablicos y de elecci\u00f3n popular.<\/span><\/p>\n<p style=\"text-align: justify;\">&nbsp;<\/p>\n<p class=\"x_MsoNormal\" style=\"text-align: justify;\"><span style=\"font-size: 14pt; font-family: arial, helvetica, sans-serif;\">La denuncia se interpuso con base en el art\u00edculo, 173 del C\u00f3digo Penal del Estado que establece que al que amenace a otro con causarle da\u00f1o en alguno de sus bienes jur\u00eddicos o en los de un tercero con quien el ofendido tenga v\u00ednculos de amor, amistad, parentesco, gratitud o cualquier otro, se le impondr\u00e1 prisi\u00f3n de tres meses a dos a\u00f1os o de ciento ochenta a trescientos sesenta d\u00edas multa.<\/span><\/p>\n<p style=\"text-align: justify;\">&nbsp;<\/p>\n<p class=\"x_MsoNormal\" style=\"text-align: justify;\"><span style=\"font-size: 14pt; font-family: arial, helvetica, sans-serif;\">Fue interpuesta por el Lic. Francisco Javier Ramos Lugo, representante ante el consejo municipal del IEES del candidato a presidente municipal de Culiac\u00e1n, ante la Fiscal\u00eda Especializada para la Atenci\u00f3n a Delitos Electorales de la FGE en Sinaloa.<\/span><\/p>\n<p style=\"text-align: justify;\">&nbsp;<\/p>\n<p style=\"text-align: justify;\">&nbsp;<\/p>\n<p style=\"text-align: justify;\"><span style=\"font-size: 14pt; font-family: arial, helvetica, sans-serif;\">REDACCI\u00d3N\/VISI\u00d3N CIUDADANA.<\/span><\/p>\n","protected":false},"excerpt":{"rendered":"<p>Ante las \u201cFake News\u201d que han circulado en algunas redes sociales, donde se intenta da\u00f1ar su imagen, honorabilidad, y reputaci\u00f3n, el candidato del PRI, PAN y PRD a la Alcald\u00eda de Culiac\u00e1n, Faustino Hern\u00e1ndez \u00c1lvarez, present\u00f3 denuncia ante la Fiscal\u00eda General del Estado por el delito Contra la Paz y la Seguridad de las Personas. [&hellip;]<\/p>\n","protected":false},"author":1,"featured_media":493,"comment_status":"closed","ping_status":"closed","sticky":false,"template":"","format":"standard","meta":{"footnotes":""},"categories":[24],"tags":[],"ppma_author":[31],"class_list":["post-16814","post","type-post","status-publish","format-standard","has-post-thumbnail","hentry","category-relevantes"],"aioseo_notices":[],"authors":[{"term_id":31,"user_id":1,"is_guest":0,"slug":"ivan3vino","display_name":"Iv\u00e1n Trevi\u00f1o","avatar_url":{"url":"https:\/\/visionciudadana.com.mx\/oficial\/wp-content\/uploads\/2025\/09\/columna-ivan-Trevino.png","url2x":"https:\/\/visionciudadana.com.mx\/oficial\/wp-content\/uploads\/2025\/09\/columna-ivan-Trevino.png"},"0":null,"1":"","2":"","3":"","4":"","5":"","6":"","7":"","8":""}],"_links":{"self":[{"href":"https:\/\/visionciudadana.com.mx\/oficial\/wp-json\/wp\/v2\/posts\/16814","targetHints":{"allow":["GET"]}}],"collection":[{"href":"https:\/\/visionciudadana.com.mx\/oficial\/wp-json\/wp\/v2\/posts"}],"about":[{"href":"https:\/\/visionciudadana.com.mx\/oficial\/wp-json\/wp\/v2\/types\/post"}],"author":[{"embeddable":true,"href":"https:\/\/visionciudadana.com.mx\/oficial\/wp-json\/wp\/v2\/users\/1"}],"replies":[{"embeddable":true,"href":"https:\/\/visionciudadana.com.mx\/oficial\/wp-json\/wp\/v2\/comments?post=16814"}],"version-history":[{"count":1,"href":"https:\/\/visionciudadana.com.mx\/oficial\/wp-json\/wp\/v2\/posts\/16814\/revisions"}],"predecessor-version":[{"id":31082,"href":"https:\/\/visionciudadana.com.mx\/oficial\/wp-json\/wp\/v2\/posts\/16814\/revisions\/31082"}],"wp:featuredmedia":[{"embeddable":true,"href":"https:\/\/visionciudadana.com.mx\/oficial\/wp-json\/wp\/v2\/posts\/493"}],"wp:attachment":[{"href":"https:\/\/visionciudadana.com.mx\/oficial\/wp-json\/wp\/v2\/media?parent=16814"}],"wp:term":[{"taxonomy":"category","embeddable":true,"href":"https:\/\/visionciudadana.com.mx\/oficial\/wp-json\/wp\/v2\/categories?post=16814"},{"taxonomy":"post_tag","embeddable":true,"href":"https:\/\/visionciudadana.com.mx\/oficial\/wp-json\/wp\/v2\/tags?post=16814"},{"taxonomy":"author","embeddable":true,"href":"https:\/\/visionciudadana.com.mx\/oficial\/wp-json\/wp\/v2\/ppma_author?post=16814"}],"curies":[{"name":"wp","href":"https:\/\/api.w.org\/{rel}","templated":true}]}}