{"id":16813,"date":"2021-04-30T02:54:48","date_gmt":"2021-04-30T02:54:48","guid":{"rendered":"https:\/\/visionciudadana.com.mx\/chio\/2021\/04\/30\/otorga-la-uas-el-doctorado-honoris-causa-al-escritor-elmer-mendoza\/"},"modified":"2025-06-25T00:16:18","modified_gmt":"2025-06-25T00:16:18","slug":"otorga-la-uas-el-doctorado-honoris-causa-al-escritor-elmer-mendoza","status":"publish","type":"post","link":"https:\/\/visionciudadana.com.mx\/oficial\/2021\/04\/30\/otorga-la-uas-el-doctorado-honoris-causa-al-escritor-elmer-mendoza\/","title":{"rendered":"Otorga la UAS el Doctorado Honoris Causa al escritor \u00c9lmer Mendoza"},"content":{"rendered":"<p>&nbsp;<\/p>\n<p><img decoding=\"async\" src=\"images\/abril21\/honoris_causa_elmers.PNG\" alt=\"honoris causa elmers\" style=\"display: block; margin: 20px auto;\" \/><\/p>\n<p class=\"x_MsoNormal\" style=\"text-align: justify;\" align=\"right\"><span style=\"font-size: 14pt; font-family: arial, helvetica, sans-serif;\">La Universidad Aut\u00f3noma de Sinaloa (UAS) otorg\u00f3 el m\u00e1ximo grado de distinci\u00f3n: el Doctorado Honoris Causa, al reconocido escritor sinaloense \u00c9lmer Mendoza Valenzuela, cuyas aportaciones a la literatura y solidez de su trayectoria fueron factores determinantes para ser galardonado por la M\u00e1xima Casa de Estudios sinaloense.<\/span><\/p>\n<p style=\"text-align: justify;\">&nbsp;<\/p>\n<p class=\"x_MsoNormal\" style=\"text-align: justify;\"><span style=\"font-size: 14pt; font-family: arial, helvetica, sans-serif;\">En Sesi\u00f3n Solemne Virtual del H. Consejo Universitario, el Rector y presidente del Consejo, doctor Juan Eulogio Guerra Liera, coloc\u00f3 la capa, la medalla, el escudo de la Universidad y el birrete para investir a \u00c9lmer Mendoza con el m\u00e1ximo grado de reconocimiento que otorga esta instituci\u00f3n educativa.<\/span><\/p>\n<p style=\"text-align: justify;\">&nbsp;<\/p>\n<p class=\"x_MsoNormal\" style=\"text-align: justify;\"><span style=\"font-size: 14pt; font-family: arial, helvetica, sans-serif;\">\u201cHoy que nuestra M\u00e1xima Casa de Estudios le confiere su m\u00e1s alta distinci\u00f3n, quiero felicitar muy amplia y sinceramente a \u00c9lmer Mendoza, felicidades por tu fruct\u00edfera trayectoria, la cual no se califica por la cantidad de cuentos, obras de teatro, columnas o novelas publicadas, sino por el impacto de cada una de ellas, por su vigencia en la literatura contempor\u00e1nea, por su arraigo en el gusto de los lectores y por hacer patente realidades culturales como la identidad que se expresa en un habla n\u00edtida y honesta, como n\u00edtido y honesto es el car\u00e1cter de los sinaloenses\u201d, expres\u00f3 el Rector.<\/span><\/p>\n<p style=\"text-align: justify;\">&nbsp;<\/p>\n<p style=\"text-align: justify;\"><span style=\"font-size: 14pt; font-family: arial, helvetica, sans-serif;\">El Rector calific\u00f3 este evento de especial por lo que significa para la Universidad reconocer a un excelente sinaloense y porque, derivado de la pandemia, es la primera vez que se otorga en una ceremonia virtual.<\/span><\/p>\n<p style=\"text-align: justify;\">&nbsp;<\/p>\n<p class=\"x_MsoNormal\" style=\"text-align: justify;\"><span style=\"font-size: 14pt; font-family: arial, helvetica, sans-serif;\">\u201cLas y los universitarios celebramos el estar reunidos esta ma\u00f1ana para homenajear a un referente en el \u00e1mbito de la literatura, a un escritor universitario y sinaloense que se ha consolidado como una de las plumas m\u00e1s reconocidas de nuestro pa\u00eds y de nuestra lengua, celebramos que un exponente del vigoroso esp\u00edritu Rosalino reciba hoy el m\u00e1ximo galard\u00f3n que otorga nuestra m\u00e1s que centenaria casa de estudios y que, al hacerlo, reivindiquemos juntos el trascendental papel de la cultura y la educaci\u00f3n\u201d, dijo Guerra Liera.<\/span><\/p>\n<p style=\"text-align: justify;\">&nbsp;<\/p>\n<p class=\"x_MsoNormal\" style=\"text-align: justify;\"><span style=\"font-size: 14pt; font-family: arial, helvetica, sans-serif;\">Expuso que en medio de la pandemia actual las sociedades y las comunidades universitarias tienen un potente faro que las gu\u00eda y las orienta y esa luz es la cultura.<\/span><\/p>\n<p style=\"text-align: justify;\">&nbsp;<\/p>\n<p class=\"x_MsoNormal\" style=\"text-align: justify;\"><span style=\"font-size: 14pt; font-family: arial, helvetica, sans-serif;\">\u00c9lmer Mendoza decidi\u00f3 ser escritor hace 44 a\u00f1os, dej\u00f3 la electricidad por las letras, se llev\u00f3 a su terru\u00f1o en sus historias y en su estilo para regal\u00e1rselo a M\u00e9xico y al mundo, se form\u00f3 en las aulas, en los libros, en las tertulias, donde aprendi\u00f3 de estructura, t\u00e9cnica, ritmo y trama, se form\u00f3 en el campo y en la calle, ese ambiente natural que le prest\u00f3 el modo de hablar, que le transmiti\u00f3 un lenguaje aut\u00e9ntico, mismo que convirti\u00f3 en uno de los sellos de su narrativa.<\/span><\/p>\n<p style=\"text-align: justify;\">&nbsp;<\/p>\n<p class=\"x_MsoNormal\" style=\"text-align: justify;\"><span style=\"font-size: 14pt; font-family: arial, helvetica, sans-serif;\">En los \u00faltimos 70 a\u00f1os la UAS ha entregado el Doctorado Honoris Causa a 38 hombres y mujeres de ciencia, la pol\u00edtica, las artes pl\u00e1sticas, de la medicina y luchadores sociales, todos de una gran estatura moral, hoy se suma \u00c9lmer Mendoza a esta relaci\u00f3n en la que aparecen nombres de grandes escritores mexicanos como Carlos Fuentes, Elena Poniatowska, Jos\u00e9 Emilio Pacheco, Carlos Monsiv\u00e1is, as\u00ed como la cuentista sinaloense In\u00e9s Arredondo y el poeta, sinaloense tambi\u00e9n, Jaime Labastida.<\/span><\/p>\n<p style=\"text-align: justify;\">&nbsp;<\/p>\n<p class=\"x_MsoNormal\" style=\"text-align: justify;\"><span style=\"font-size: 14pt; font-family: arial, helvetica, sans-serif;\">\u201cEstimado \u00c9lmer, adem\u00e1s de felicitarte por tus logros y reconocer la excelencia de tu trabajo, quiero tambi\u00e9n agradecerte el favor de tu amistad; gracias por estar siempre al pie del ca\u00f1\u00f3n con la labor cultural y editorial de la Universidad, donde t\u00fa y don Jaime Labastida son los principales referentes que esta m\u00e1xima casa de estudios tiene. Gracias por formar a numerosas generaciones de j\u00f3venes en la redacci\u00f3n, en la narrativa y en el estudio de la literatura\u201d, puntualiz\u00f3 el Rector.<\/span><\/p>\n<p style=\"text-align: justify;\">&nbsp;<\/p>\n<p class=\"x_MsoNormal\" style=\"text-align: justify;\"><span style=\"font-size: 14pt; font-family: arial, helvetica, sans-serif;\">Por su parte el galardonado y desde hoy Doctor Honoris Causa de la Universidad Aut\u00f3noma de Sinaloa, \u00c9lmer Mendoza Valenzuela, agradeci\u00f3 esta \u201cinesperada distinci\u00f3n\u201d a la comunidad universitaria y de manera especial a su familia: esposa, hijos y nietos, por su apoyo y ser fuente de inspiraci\u00f3n.<\/span><\/p>\n<p style=\"text-align: justify;\">&nbsp;<\/p>\n<p class=\"x_MsoNormal\" style=\"text-align: justify;\"><span style=\"font-size: 14pt; font-family: arial, helvetica, sans-serif;\">En su discurso, el autor de la obra \u201cUn asesino solitario\u201d y \u201cEl amante de Janis Joplin\u201d habl\u00f3 de su afici\u00f3n por la lectura desde ni\u00f1o pero que fue hasta sus 28 a\u00f1os que decidi\u00f3 ser escritor y se propuso ser de los buenos; relat\u00f3 sus inicios y c\u00f3mo fue perfeccionando su narrativa hasta llegar a un estilo propio, para lo cual se estableci\u00f3 tres elementos: el tema, el ritmo narrativo y el lenguaje.<\/span><\/p>\n<p style=\"text-align: justify;\">&nbsp;<\/p>\n<p class=\"x_MsoNormal\" style=\"text-align: justify;\"><span style=\"font-size: 14pt; font-family: arial, helvetica, sans-serif;\">Cont\u00f3 c\u00f3mo en cada novela que escrib\u00eda intentaba mejorar, y se propuso hacer que sus novelas \u201csonaran\u201d, escribir con un lenguaje que le saliera del coraz\u00f3n, con el lenguaje culichi, \u201cel lenguaje del norte de M\u00e9xico\u201d como trascendi\u00f3 en las diversas partes del mundo que conocen su obra.<\/span><\/p>\n<p style=\"text-align: justify;\">&nbsp;<\/p>\n<p class=\"x_MsoNormal\" style=\"text-align: justify;\"><span style=\"font-size: 14pt; font-family: arial, helvetica, sans-serif;\">\u201cFue algo fascinante, cada p\u00e1gina que escrib\u00eda era un ejercicio en el que pod\u00eda expresar una parte importante de lo que soy y que me define cono miembro de un pueblo, una \u00e9poca (\u2026) a partir de ah\u00ed fue definir una est\u00e9tica sustentada en el lugar de origen, en la ciudad donde nac\u00ed con muchas de sus caracter\u00edsticas (\u2026) el lenguaje como el sost\u00e9n del arte de narrar se convirti\u00f3 en uno de los pilares de mi creaci\u00f3n\u201d, revel\u00f3 el reci\u00e9n galardonado con el Premio a la Trayectoria del Festival de Literatura Tenerife, Espa\u00f1a.<\/span><\/p>\n<p style=\"text-align: justify;\">&nbsp;<\/p>\n<p class=\"x_MsoNormal\" style=\"text-align: justify;\"><span style=\"font-size: 14pt; font-family: arial, helvetica, sans-serif;\">\u201cGracias a estos elementos tan sencillos he logrado que mi narrativa tenga una trascendencia; cuando me convert\u00ed en escritor me propuse poner a Culiac\u00e1n en el mapa de la cultura universal y es muy posible que lo haya logrado, he abierto una puerta por donde la generaci\u00f3n siguiente puede entrar y llegar a\u00fan m\u00e1s lejos que yo\u201d, enfatiz\u00f3 el tambi\u00e9n Premio de Novela Tusquets 2007.<\/span><\/p>\n<p style=\"text-align: justify;\">&nbsp;<\/p>\n<p class=\"x_MsoNormal\" style=\"text-align: justify;\"><span style=\"font-size: 14pt; font-family: arial, helvetica, sans-serif;\">\u00c9lmer Mendoza, ganador del Premio Nacional de Literatura Jos\u00e9 Fuentes Mares 2002 confes\u00f3 haberse planteado en su vida literaria tener metas elevadas y no tener complejos de inferioridad ante creadores de otras latitudes.<\/span><\/p>\n<p style=\"text-align: justify;\">&nbsp;<\/p>\n<p class=\"x_MsoNormal\" style=\"text-align: justify;\"><span style=\"font-size: 14pt; font-family: arial, helvetica, sans-serif;\">\u201cDurante a\u00f1os he tratado de tener m\u00e1s metas que logros, con la idea de mantenerme vivo en plena actividad y emprendiendo como si fuera joven, quiz\u00e1s por eso siempre sonr\u00edo con alegr\u00eda, en el terreno acad\u00e9mico ser profesor en la UAS es una aut\u00e9ntica aventura (\u2026) siempre he tratado de convencer a mis alumnos de que aspiren a la grandeza, los animo a que abandonen su zona de confort y que tambi\u00e9n apuesten todo\u201d, comparti\u00f3 el Miembro Correspondiente de la Academia Mexicana de la Lengua desde 2011.<\/span><\/p>\n<p style=\"text-align: justify;\">&nbsp;<\/p>\n<p class=\"x_MsoNormal\" style=\"text-align: justify;\"><span style=\"font-size: 14pt; font-family: arial, helvetica, sans-serif;\">La obra narrativa de \u00c9lmer Mendoza es un parteaguas en la tradici\u00f3n literaria de M\u00e9xico, particularmente en la historia de la novela negra escrita en espa\u00f1ol con 12 novelas publicadas, entre ellas El efecto Tequila, C\u00f3braselo Caro, Balas de Plata, La prueba de \u00e1cido, Nombre de perro, El misterio de la orqu\u00eddea calavera, Besar al detective, Asesinato en el Parque Sinaloa, No todos los besos son iguales, y Hasta la cuarta pregunta.<\/span><\/p>\n<p style=\"text-align: justify;\">&nbsp;<\/p>\n<p class=\"x_MsoNormal\" style=\"text-align: justify;\"><span style=\"font-size: 14pt; font-family: arial, helvetica, sans-serif;\">Su obra representa uno de los cortos narrativos en castellano de mayor impacto internacional ya que algunas de sus novelas han sido traducidas al alem\u00e1n, franc\u00e9s, portugu\u00e9s, italiano, ruso y griego.<\/span><\/p>\n<p style=\"text-align: justify;\">&nbsp;<\/p>\n<p style=\"text-align: justify;\">&nbsp;<\/p>\n<p style=\"text-align: justify;\"><span style=\"font-size: 14pt; font-family: arial, helvetica, sans-serif;\">REDACCI\u00d3N\/VISI\u00d3N CIUDADANA.<\/span><\/p>\n<div style=\"text-align: justify;\"><span style=\"font-size: 14pt; font-family: arial, helvetica, sans-serif;\"><\/span><\/div>\n","protected":false},"excerpt":{"rendered":"<p>&nbsp; La Universidad Aut\u00f3noma de Sinaloa (UAS) otorg\u00f3 el m\u00e1ximo grado de distinci\u00f3n: el Doctorado Honoris Causa, al reconocido escritor sinaloense \u00c9lmer Mendoza Valenzuela, cuyas aportaciones a la literatura y solidez de su trayectoria fueron factores determinantes para ser galardonado por la M\u00e1xima Casa de Estudios sinaloense. &nbsp; En Sesi\u00f3n Solemne Virtual del H. Consejo [&hellip;]<\/p>\n","protected":false},"author":1,"featured_media":491,"comment_status":"closed","ping_status":"closed","sticky":false,"template":"","format":"standard","meta":{"footnotes":""},"categories":[24],"tags":[],"ppma_author":[31],"class_list":["post-16813","post","type-post","status-publish","format-standard","has-post-thumbnail","hentry","category-relevantes"],"aioseo_notices":[],"authors":[{"term_id":31,"user_id":1,"is_guest":0,"slug":"ivan3vino","display_name":"Iv\u00e1n Trevi\u00f1o","avatar_url":{"url":"https:\/\/visionciudadana.com.mx\/oficial\/wp-content\/uploads\/2025\/09\/columna-ivan-Trevino.png","url2x":"https:\/\/visionciudadana.com.mx\/oficial\/wp-content\/uploads\/2025\/09\/columna-ivan-Trevino.png"},"0":null,"1":"","2":"","3":"","4":"","5":"","6":"","7":"","8":""}],"_links":{"self":[{"href":"https:\/\/visionciudadana.com.mx\/oficial\/wp-json\/wp\/v2\/posts\/16813","targetHints":{"allow":["GET"]}}],"collection":[{"href":"https:\/\/visionciudadana.com.mx\/oficial\/wp-json\/wp\/v2\/posts"}],"about":[{"href":"https:\/\/visionciudadana.com.mx\/oficial\/wp-json\/wp\/v2\/types\/post"}],"author":[{"embeddable":true,"href":"https:\/\/visionciudadana.com.mx\/oficial\/wp-json\/wp\/v2\/users\/1"}],"replies":[{"embeddable":true,"href":"https:\/\/visionciudadana.com.mx\/oficial\/wp-json\/wp\/v2\/comments?post=16813"}],"version-history":[{"count":1,"href":"https:\/\/visionciudadana.com.mx\/oficial\/wp-json\/wp\/v2\/posts\/16813\/revisions"}],"predecessor-version":[{"id":31083,"href":"https:\/\/visionciudadana.com.mx\/oficial\/wp-json\/wp\/v2\/posts\/16813\/revisions\/31083"}],"wp:featuredmedia":[{"embeddable":true,"href":"https:\/\/visionciudadana.com.mx\/oficial\/wp-json\/wp\/v2\/posts\/491"}],"wp:attachment":[{"href":"https:\/\/visionciudadana.com.mx\/oficial\/wp-json\/wp\/v2\/media?parent=16813"}],"wp:term":[{"taxonomy":"category","embeddable":true,"href":"https:\/\/visionciudadana.com.mx\/oficial\/wp-json\/wp\/v2\/categories?post=16813"},{"taxonomy":"post_tag","embeddable":true,"href":"https:\/\/visionciudadana.com.mx\/oficial\/wp-json\/wp\/v2\/tags?post=16813"},{"taxonomy":"author","embeddable":true,"href":"https:\/\/visionciudadana.com.mx\/oficial\/wp-json\/wp\/v2\/ppma_author?post=16813"}],"curies":[{"name":"wp","href":"https:\/\/api.w.org\/{rel}","templated":true}]}}