{"id":16812,"date":"2021-04-30T02:41:56","date_gmt":"2021-04-30T02:41:56","guid":{"rendered":"https:\/\/visionciudadana.com.mx\/chio\/2021\/04\/30\/compartir-fotos-o-videos-intimos-sera-delito-carlos-castanos\/"},"modified":"2025-06-25T00:16:18","modified_gmt":"2025-06-25T00:16:18","slug":"compartir-fotos-o-videos-intimos-sera-delito-carlos-castanos","status":"publish","type":"post","link":"https:\/\/visionciudadana.com.mx\/oficial\/2021\/04\/30\/compartir-fotos-o-videos-intimos-sera-delito-carlos-castanos\/","title":{"rendered":"\u201dCompartir fotos o videos \u00edntimos ser\u00e1 delito: Carlos Casta\u00f1os\u201d"},"content":{"rendered":"<p style=\"text-align: justify;\"><img decoding=\"async\" src=\"images\/abril21\/carlosca.PNG\" alt=\"carlosca\" style=\"display: block; margin: 20px auto;\" \/><\/p>\n<div style=\"text-align: justify;\">&nbsp;<\/div>\n<div style=\"text-align: justify;\"><span style=\"font-size: 14pt; font-family: arial, helvetica, sans-serif;\">Este jueves el Grupo Parlamentario del Partido Acci\u00f3n Nacional apoy\u00f3 con su voto a favor, la aprobaci\u00f3n del dictamen que ampl\u00eda en el C\u00f3digo Penal Federal y en la Ley de Acceso a las Mujeres a una Vida Libre de Violencia el concepto de violencia digital y lo establece como un tipo penal con la correspondiente sanci\u00f3n, dijo el Diputado Sinaloense, Carlos Casta\u00f1os Valenzuela.<\/span><\/div>\n<div style=\"text-align: justify;\">&nbsp;<\/div>\n<div style=\"text-align: justify;\"><span style=\"font-size: 14pt; font-family: arial, helvetica, sans-serif;\"><\/span><\/div>\n<div style=\"text-align: justify;\"><span style=\"font-size: 14pt; font-family: arial, helvetica, sans-serif;\">\u201cEsta lucha de muchos hoy se ha reconocido que lo virtual es real, que esos ataques, que esa violencia ejercida a trav\u00e9s de medios electr\u00f3nicos o a trav\u00e9s del Internet constituyen actos de violencia que degradan, que lastiman, que afectan la dignidad de las mujeres y que, por lo tanto, deben erradicarse\u201d, expres\u00f3 el diputado panista.<\/span><\/div>\n<div style=\"text-align: justify;\">&nbsp;<\/div>\n<div style=\"text-align: justify;\"><span style=\"font-size: 14pt; font-family: arial, helvetica, sans-serif;\"><\/span><\/div>\n<div style=\"text-align: justify;\"><span style=\"font-size: 14pt; font-family: arial, helvetica, sans-serif;\">La Ley Ol\u00edmpia es un tema que es fundamental atenderlo, porque de acuerdo con cifras del INEGI, el 41% de las mujeres que han sufrido ciberacoso, han sufrido de personas cercanas y en el desarrollo de estas herramientas tecnol\u00f3gicas, esta figura crece y lastima, atenta contra las mujeres y much\u00edsimas veces terminan lamentablemente en la p\u00e9rdida de su vida, justamente por las consecuencias que esto tiene para las mujeres.<\/span><\/div>\n<div style=\"text-align: justify;\">&nbsp;<\/div>\n<div style=\"text-align: justify;\"><span style=\"font-size: 14pt; font-family: arial, helvetica, sans-serif;\"><\/span><\/div>\n<div style=\"text-align: justify;\"><span style=\"font-size: 14pt; font-family: arial, helvetica, sans-serif;\">Acci\u00f3n Nacional considera que las reformas incluidas en el dictamen, representan un avance legislativo importante, ya que son la base de un andamiaje jur\u00eddico que sin lugar a dudas brindar\u00e1 protecci\u00f3n a las mujeres y a las ni\u00f1as.<\/span><\/div>\n<div style=\"text-align: justify;\">&nbsp;<\/div>\n<div style=\"text-align: justify;\"><span style=\"font-size: 14pt; font-family: arial, helvetica, sans-serif;\"><\/span><\/div>\n<div style=\"text-align: justify;\"><span style=\"font-size: 14pt; font-family: arial, helvetica, sans-serif;\">\u201cLa violencia digital causa da\u00f1os a la dignidad a la integridad y no podemos dejar que se quede impune, ya que esa una extensi\u00f3n de la violencia f\u00edsica y psicol\u00f3gica, que incluye la distribuci\u00f3n de material personal, \u00edntimo sin autorizaci\u00f3n\u201d, expres\u00f3 Carlos Casta\u00f1os Valenzuela.<\/span><\/div>\n<div style=\"text-align: justify;\">&nbsp;<\/div>\n<div style=\"text-align: justify;\"><span style=\"font-size: 14pt; font-family: arial, helvetica, sans-serif;\"><\/span><\/div>\n<div style=\"text-align: justify;\"><span style=\"font-size: 14pt; font-family: arial, helvetica, sans-serif;\">El dictamen que fue aprobado por 446 votos a favor en lo general y en lo particular los art\u00edculos no reservados del dictamen y fue enviado al Ejecutivo Federal, propone:<\/span><\/div>\n<div style=\"text-align: justify;\">&nbsp;<\/div>\n<div style=\"text-align: justify;\"><span style=\"font-size: 14pt; font-family: arial, helvetica, sans-serif;\">1. Definir la violencia digital, como toda acci\u00f3n dolosa realizada mediante el uso de tecnolog\u00edas de la informaci\u00f3n y la comunicaci\u00f3n, por la que se exponga, distribuya, difunda, exhiba, transmita, comercialice, oferte, intercambie o comparta im\u00e1genes, audios o videos reales o simulados de contenido \u00edntimo sexual de una persona sin su consentimiento, sin su aprobaci\u00f3n o sin su autorizaci\u00f3n y que le cause da\u00f1o psicol\u00f3gico, emocional, en cualquier \u00e1mbito de su vida privada o en su imagen propia;<\/span><\/div>\n<div style=\"text-align: justify;\">&nbsp;<\/div>\n<div style=\"text-align: justify;\">&nbsp;<\/div>\n<div style=\"text-align: justify;\"><span style=\"font-size: 14pt; font-family: arial, helvetica, sans-serif;\">2. Definir la violencia medi\u00e1tica, como todo acto a trav\u00e9s de cualquier medio de comunicaci\u00f3n, que de manera directa o indirecta promueva estereotipos sexistas, haga apolog\u00eda de la violencia contra las mujeres y las ni\u00f1as, produzca o permita la producci\u00f3n y difusi\u00f3n de discurso de odio sexista, discriminaci\u00f3n de g\u00e9nero o desigualdad entre mujeres y hombres, que cause da\u00f1o a las mujeres y ni\u00f1as de tipo psicol\u00f3gico, sexual, f\u00edsico, econ\u00f3mico, patrimonial o feminicida.<\/span><\/div>\n<div style=\"text-align: justify;\">&nbsp;<\/div>\n<div style=\"text-align: justify;\">&nbsp;<\/div>\n<div style=\"text-align: justify;\"><span style=\"font-size: 14pt; font-family: arial, helvetica, sans-serif;\">3. Determinar que tanta violencia digital ser\u00e1 sancionada en t\u00e9rminos del C\u00f3digo Penal Federal.<\/span><\/div>\n<div style=\"text-align: justify;\">&nbsp;<\/div>\n<div style=\"text-align: justify;\">&nbsp;<\/div>\n<div style=\"text-align: justify;\"><span style=\"font-size: 14pt; font-family: arial, helvetica, sans-serif;\">4. Establecer que comete el delito de violaci\u00f3n a la intimidad sexual, aquella persona que divulgue, comparta, distribuya o publique im\u00e1genes, videos o audios de contenido \u00edntimo sexual de una persona que tenga la mayor\u00eda de edad, sin su consentimiento, su aprobaci\u00f3n o su autorizaci\u00f3n; as\u00ed como quien video grabe, audio grabe, fotograf\u00ede, imprima o elabore, im\u00e1genes, audios o videos con contenido \u00edntimo sexual de una persona sin su consentimiento, sin su aprobaci\u00f3n, o sin su autorizaci\u00f3n. Conductas que se sancionar\u00e1n con una pena de tres a seis a\u00f1os de prisi\u00f3n y una multa de quinientos a mil Unidades de Medida y Actualizaci\u00f3n.<\/span><\/div>\n<div style=\"text-align: justify;\">&nbsp;<\/div>\n<div style=\"text-align: justify;\">&nbsp;<\/div>\n<div style=\"text-align: justify;\"><span style=\"font-size: 14pt; font-family: arial, helvetica, sans-serif;\">Las disposiciones transitorias establecen un plazo de 180 d\u00edas para que los congresos locales realicen las adecuaciones.<\/span><\/div>\n<div style=\"text-align: justify;\">&nbsp;<\/div>\n<div style=\"text-align: justify;\">&nbsp;<\/div>\n<div style=\"text-align: justify;\">&nbsp;<\/div>\n<div style=\"text-align: justify;\"><span style=\"font-size: 14pt; font-family: arial, helvetica, sans-serif;\">REDACCI\u00d3N\/VISI\u00d3N CIUDADANA.<\/span><\/div>\n","protected":false},"excerpt":{"rendered":"<p>&nbsp; Este jueves el Grupo Parlamentario del Partido Acci\u00f3n Nacional apoy\u00f3 con su voto a favor, la aprobaci\u00f3n del dictamen que ampl\u00eda en el C\u00f3digo Penal Federal y en la Ley de Acceso a las Mujeres a una Vida Libre de Violencia el concepto de violencia digital y lo establece como un tipo penal con [&hellip;]<\/p>\n","protected":false},"author":1,"featured_media":489,"comment_status":"closed","ping_status":"closed","sticky":false,"template":"","format":"standard","meta":{"footnotes":""},"categories":[24],"tags":[],"ppma_author":[31],"class_list":["post-16812","post","type-post","status-publish","format-standard","has-post-thumbnail","hentry","category-relevantes"],"aioseo_notices":[],"authors":[{"term_id":31,"user_id":1,"is_guest":0,"slug":"ivan3vino","display_name":"Iv\u00e1n Trevi\u00f1o","avatar_url":{"url":"https:\/\/visionciudadana.com.mx\/oficial\/wp-content\/uploads\/2025\/09\/columna-ivan-Trevino.png","url2x":"https:\/\/visionciudadana.com.mx\/oficial\/wp-content\/uploads\/2025\/09\/columna-ivan-Trevino.png"},"0":null,"1":"","2":"","3":"","4":"","5":"","6":"","7":"","8":""}],"_links":{"self":[{"href":"https:\/\/visionciudadana.com.mx\/oficial\/wp-json\/wp\/v2\/posts\/16812","targetHints":{"allow":["GET"]}}],"collection":[{"href":"https:\/\/visionciudadana.com.mx\/oficial\/wp-json\/wp\/v2\/posts"}],"about":[{"href":"https:\/\/visionciudadana.com.mx\/oficial\/wp-json\/wp\/v2\/types\/post"}],"author":[{"embeddable":true,"href":"https:\/\/visionciudadana.com.mx\/oficial\/wp-json\/wp\/v2\/users\/1"}],"replies":[{"embeddable":true,"href":"https:\/\/visionciudadana.com.mx\/oficial\/wp-json\/wp\/v2\/comments?post=16812"}],"version-history":[{"count":1,"href":"https:\/\/visionciudadana.com.mx\/oficial\/wp-json\/wp\/v2\/posts\/16812\/revisions"}],"predecessor-version":[{"id":31084,"href":"https:\/\/visionciudadana.com.mx\/oficial\/wp-json\/wp\/v2\/posts\/16812\/revisions\/31084"}],"wp:featuredmedia":[{"embeddable":true,"href":"https:\/\/visionciudadana.com.mx\/oficial\/wp-json\/wp\/v2\/posts\/489"}],"wp:attachment":[{"href":"https:\/\/visionciudadana.com.mx\/oficial\/wp-json\/wp\/v2\/media?parent=16812"}],"wp:term":[{"taxonomy":"category","embeddable":true,"href":"https:\/\/visionciudadana.com.mx\/oficial\/wp-json\/wp\/v2\/categories?post=16812"},{"taxonomy":"post_tag","embeddable":true,"href":"https:\/\/visionciudadana.com.mx\/oficial\/wp-json\/wp\/v2\/tags?post=16812"},{"taxonomy":"author","embeddable":true,"href":"https:\/\/visionciudadana.com.mx\/oficial\/wp-json\/wp\/v2\/ppma_author?post=16812"}],"curies":[{"name":"wp","href":"https:\/\/api.w.org\/{rel}","templated":true}]}}