{"id":16811,"date":"2021-04-30T02:32:58","date_gmt":"2021-04-30T02:32:58","guid":{"rendered":"https:\/\/visionciudadana.com.mx\/chio\/2021\/04\/30\/haran-homenaje-postumo-a-audomar-ahumada-quintero\/"},"modified":"2025-06-25T00:16:18","modified_gmt":"2025-06-25T00:16:18","slug":"haran-homenaje-postumo-a-audomar-ahumada-quintero","status":"publish","type":"post","link":"https:\/\/visionciudadana.com.mx\/oficial\/2021\/04\/30\/haran-homenaje-postumo-a-audomar-ahumada-quintero\/","title":{"rendered":"Har\u00e1n homenaje p\u00f3stumo a Audomar Ahumada Quintero"},"content":{"rendered":"<p>&nbsp;<\/p>\n<p><img fetchpriority=\"high\" decoding=\"async\" src=\"images\/abril21\/homenaje_postumo.PNG\" alt=\"homenaje postumo\" width=\"738\" height=\"441\" style=\"display: block; margin: 20px auto;\" \/><\/p>\n<div style=\"text-align: justify;\"><span style=\"font-size: 14pt; font-family: arial, helvetica, sans-serif;\">El PRD Sinaloa, en el marco de la conmemoraci\u00f3n del 32 aniversario de su fundaci\u00f3n, rendir\u00e1 homenaje al fallecido l\u00edder de izquierda y quien fuera presidente estatal de ese partido hasta su deceso, Audomar Ahumada Quintero, con una carrera pedestre que ya es tradicional, pero este a\u00f1o llevar\u00e1 su nombre, y al terminar la premiaci\u00f3n de la competencia deportiva se develar\u00e1 una placa con la cual el auditorio principal llevar\u00e1 el nombre de quien ocup\u00f3 diversos cargos en la administraci\u00f3n p\u00fablica como legislador en dos ocasiones, Rector de la Universidad Aut\u00f3noma de Sinaloa, asesor en el Senado de la Rep\u00fablica, Director del Icatsin, entre otros.<\/span><\/div>\n<div style=\"text-align: justify;\">&nbsp;<\/div>\n<div style=\"text-align: justify;\">&nbsp;<\/div>\n<div style=\"text-align: justify;\"><span style=\"font-size: 14pt; font-family: arial, helvetica, sans-serif;\">Marco Aurelio V\u00e1squez L\u00f3pez, delegado nacional del PRD en Sinaloa y presidente estatal en la entidad, quien encabeza este homenaje, se\u00f1al\u00f3 que el banderazo de salida para la carrera pedestre de 5 kil\u00f3metros ser\u00e1 a las 7:30 horas del 5 de mayo en la colonia la campi\u00f1a de Culiac\u00e1n, con meta en las instalaciones del PRD estatal, en \u00c1ngel Flores y Andrade.<\/span><\/div>\n<div style=\"text-align: justify;\">&nbsp;<\/div>\n<div style=\"text-align: justify;\">&nbsp;<\/div>\n<div style=\"text-align: justify;\">&nbsp;<\/div>\n<div style=\"text-align: justify;\"><span style=\"font-size: 14pt; font-family: arial, helvetica, sans-serif;\">REDACCI\u00d3N\/VISI\u00d3N CIUDADANA.<\/span><\/div>\n<div>&nbsp;<\/div>\n<div>&nbsp;<\/div>\n<div>&nbsp;<\/div>\n","protected":false},"excerpt":{"rendered":"<p>&nbsp; El PRD Sinaloa, en el marco de la conmemoraci\u00f3n del 32 aniversario de su fundaci\u00f3n, rendir\u00e1 homenaje al fallecido l\u00edder de izquierda y quien fuera presidente estatal de ese partido hasta su deceso, Audomar Ahumada Quintero, con una carrera pedestre que ya es tradicional, pero este a\u00f1o llevar\u00e1 su nombre, y al terminar la [&hellip;]<\/p>\n","protected":false},"author":1,"featured_media":487,"comment_status":"closed","ping_status":"closed","sticky":false,"template":"","format":"standard","meta":{"footnotes":""},"categories":[13],"tags":[],"ppma_author":[31],"class_list":["post-16811","post","type-post","status-publish","format-standard","has-post-thumbnail","hentry","category-locales"],"aioseo_notices":[],"authors":[{"term_id":31,"user_id":1,"is_guest":0,"slug":"ivan3vino","display_name":"Iv\u00e1n Trevi\u00f1o","avatar_url":{"url":"https:\/\/visionciudadana.com.mx\/oficial\/wp-content\/uploads\/2025\/09\/columna-ivan-Trevino.png","url2x":"https:\/\/visionciudadana.com.mx\/oficial\/wp-content\/uploads\/2025\/09\/columna-ivan-Trevino.png"},"0":null,"1":"","2":"","3":"","4":"","5":"","6":"","7":"","8":""}],"_links":{"self":[{"href":"https:\/\/visionciudadana.com.mx\/oficial\/wp-json\/wp\/v2\/posts\/16811","targetHints":{"allow":["GET"]}}],"collection":[{"href":"https:\/\/visionciudadana.com.mx\/oficial\/wp-json\/wp\/v2\/posts"}],"about":[{"href":"https:\/\/visionciudadana.com.mx\/oficial\/wp-json\/wp\/v2\/types\/post"}],"author":[{"embeddable":true,"href":"https:\/\/visionciudadana.com.mx\/oficial\/wp-json\/wp\/v2\/users\/1"}],"replies":[{"embeddable":true,"href":"https:\/\/visionciudadana.com.mx\/oficial\/wp-json\/wp\/v2\/comments?post=16811"}],"version-history":[{"count":1,"href":"https:\/\/visionciudadana.com.mx\/oficial\/wp-json\/wp\/v2\/posts\/16811\/revisions"}],"predecessor-version":[{"id":31085,"href":"https:\/\/visionciudadana.com.mx\/oficial\/wp-json\/wp\/v2\/posts\/16811\/revisions\/31085"}],"wp:featuredmedia":[{"embeddable":true,"href":"https:\/\/visionciudadana.com.mx\/oficial\/wp-json\/wp\/v2\/posts\/487"}],"wp:attachment":[{"href":"https:\/\/visionciudadana.com.mx\/oficial\/wp-json\/wp\/v2\/media?parent=16811"}],"wp:term":[{"taxonomy":"category","embeddable":true,"href":"https:\/\/visionciudadana.com.mx\/oficial\/wp-json\/wp\/v2\/categories?post=16811"},{"taxonomy":"post_tag","embeddable":true,"href":"https:\/\/visionciudadana.com.mx\/oficial\/wp-json\/wp\/v2\/tags?post=16811"},{"taxonomy":"author","embeddable":true,"href":"https:\/\/visionciudadana.com.mx\/oficial\/wp-json\/wp\/v2\/ppma_author?post=16811"}],"curies":[{"name":"wp","href":"https:\/\/api.w.org\/{rel}","templated":true}]}}