{"id":16810,"date":"2021-04-30T02:26:07","date_gmt":"2021-04-30T02:26:07","guid":{"rendered":"https:\/\/visionciudadana.com.mx\/chio\/2021\/04\/30\/alerta-coepriss-por-nivel-extremo-de-radiacion-ultravioleta-en-sinaloa\/"},"modified":"2025-06-25T00:16:18","modified_gmt":"2025-06-25T00:16:18","slug":"alerta-coepriss-por-nivel-extremo-de-radiacion-ultravioleta-en-sinaloa","status":"publish","type":"post","link":"https:\/\/visionciudadana.com.mx\/oficial\/2021\/04\/30\/alerta-coepriss-por-nivel-extremo-de-radiacion-ultravioleta-en-sinaloa\/","title":{"rendered":"Alerta Coepriss por nivel extremo de radiaci\u00f3n ultravioleta en Sinaloa"},"content":{"rendered":"<p style=\"text-align: justify;\"><span style=\"font-size: 14pt; font-family: arial, helvetica, sans-serif;\"><\/span><\/p>\n<div style=\"text-align: justify;\"><span style=\"font-size: 14pt; font-family: arial, helvetica, sans-serif;\">&nbsp;<img fetchpriority=\"high\" decoding=\"async\" src=\"images\/abril21\/rayos_UV.jpg\" alt=\"rayos UV\" width=\"1280\" height=\"854\" style=\"display: block; margin: 20px auto;\" \/><\/span><\/div>\n<div style=\"text-align: justify;\"><span style=\"font-size: 14pt; font-family: arial, helvetica, sans-serif;\"><\/span><span style=\"font-size: 14pt; font-family: arial, helvetica, sans-serif;\">La Secretar\u00eda de Salud, a trav\u00e9s de la Comisi\u00f3n Estatal para la Protecci\u00f3n contra Riesgos Sanitarios de Sinaloa (COEPRISS), alerta que el \u00cdndice de Radiaci\u00f3n Ultravioleta (IUV) est\u00e1 registrando niveles de intensidad alta y extremadamente alta entre las 10 y las 14 horas en la entidad, especialmente en Culiac\u00e1n y algunos municipios del sur como Concordia, Mazatl\u00e1n y Escuinapa.<\/span><\/div>\n<div style=\"text-align: justify;\">&nbsp;<\/div>\n<div style=\"text-align: justify;\"><span style=\"font-size: 14pt; font-family: arial, helvetica, sans-serif;\"><\/span><\/div>\n<div style=\"text-align: justify;\"><span style=\"font-size: 14pt; font-family: arial, helvetica, sans-serif;\">El comisionado Jorge Alan Urbina Vidales advirti\u00f3 que la sobreexposici\u00f3n a los rayos solares sin protecci\u00f3n pueden ser da\u00f1inos para la salud y por instrucciones del gobernador Quirino Ordaz Coppel y el Secretario de Salud, Dr. Efr\u00e9n Encinas Torres se pronuncia la presente alerta sanitaria y se emiten las medidas de prevenci\u00f3n ante los niveles extremos de radiaci\u00f3n solar.<\/span><\/div>\n<div style=\"text-align: justify;\"><span style=\"font-size: 14pt; font-family: arial, helvetica, sans-serif;\"><\/span><\/div>\n<div style=\"text-align: justify;\">&nbsp;<\/div>\n<div style=\"text-align: justify;\"><span style=\"font-size: 14pt; font-family: arial, helvetica, sans-serif;\">\u201cHemos visto que de las 10 de la ma\u00f1ana a las 2 de la tarde se registran en Sinaloa valores del IUV en niveles que representan un riesgo para la salud (es decir de 8 a 11 puntos o m\u00e1s) por lo que hay que tomar precauciones sobre todo en la poblaci\u00f3n m\u00e1s vulnerable como beb\u00e9s, ni\u00f1os, adultos mayores e incluso turistas\u201d, coment\u00f3.<\/span><\/div>\n<div style=\"text-align: justify;\">&nbsp;<\/div>\n<div style=\"text-align: justify;\"><span style=\"font-size: 14pt; font-family: arial, helvetica, sans-serif;\"><\/span><\/div>\n<div style=\"text-align: justify;\"><span style=\"font-size: 14pt; font-family: arial, helvetica, sans-serif;\">De hecho, afirm\u00f3, los mayores niveles de radiaci\u00f3n se registran en el d\u00eda cuando el sol se encuentra en su m\u00e1xima elevaci\u00f3n, esto es precisamente entre las 10 y las 14 horas.<\/span><\/div>\n<div style=\"text-align: justify;\">&nbsp;<\/div>\n<div style=\"text-align: justify;\"><span style=\"font-size: 14pt; font-family: arial, helvetica, sans-serif;\"><\/span><\/div>\n<div style=\"text-align: justify;\"><span style=\"font-size: 14pt; font-family: arial, helvetica, sans-serif;\">Se\u00f1al\u00f3 que la fuerte radiaci\u00f3n solar puede causar lesiones cut\u00e1neas como quemaduras leves, arrugas o envejecimiento prematuro y c\u00e1ncer en la piel, da\u00f1os oculares (problemas de la vista o cataratas en los ojos) y afectar el funcionamiento del sistema inmunol\u00f3gico.<\/span><\/div>\n<div style=\"text-align: justify;\">&nbsp;<\/div>\n<div style=\"text-align: justify;\"><span style=\"font-size: 14pt; font-family: arial, helvetica, sans-serif;\"><\/span><\/div>\n<div style=\"text-align: justify;\"><span style=\"font-size: 14pt; font-family: arial, helvetica, sans-serif;\">\u201cEstas ondas electromagn\u00e9ticas provenientes de la luz solar pueden ser saludables y son necesarias en cantidades menores para el desarrollo de la vida, para la fotos\u00edntesis de las plantas y para la producci\u00f3n esencial de vitamina D en el cuerpo humano (primordial para que el calcio se absorba en nuestros huesos) pero la exposici\u00f3n prolongada a la luz ultravioleta puede ser perjudicial para la salud\u201d, se\u00f1al\u00f3.<\/span><\/div>\n<div style=\"text-align: justify;\">&nbsp;<\/div>\n<div style=\"text-align: justify;\"><span style=\"font-size: 14pt; font-family: arial, helvetica, sans-serif;\"><\/span><\/div>\n<div style=\"text-align: justify;\"><span style=\"font-size: 14pt; font-family: arial, helvetica, sans-serif;\">Explic\u00f3 que el \u00cdndice de Radiaci\u00f3n Ultravioleta (IUV) Solar Mundial, una escala que va de 1 a 11+, es el marco de referencia para medir las radiaciones de este tipo, el cual fue elaborado por la Organizaci\u00f3n Mundial de la Salud (OMS), conjuntamente con el Programa de las Naciones Unidas para el Medio Ambiente, la Organizaci\u00f3n Meteorol\u00f3gica Mundial, la Comisi\u00f3n Internacional sobre Protecci\u00f3n Contra Radiaci\u00f3n no Ionizante y la Oficina Federal Alemana.<\/span><\/div>\n<div style=\"text-align: justify;\">&nbsp;<\/div>\n<div style=\"text-align: justify;\"><span style=\"font-size: 14pt; font-family: arial, helvetica, sans-serif;\"><\/span><\/div>\n<div style=\"text-align: justify;\"><span style=\"font-size: 14pt; font-family: arial, helvetica, sans-serif;\">\u201cEsta escala se refiere a la intensidad de la radiaci\u00f3n solar sobre la superficie terrestre y su relaci\u00f3n con sus efectos sobre la piel humana para lo cual maneja cinco clasificaciones UV: baja que es de 0-2, moderada de 3 a 5, alta de 6 a 7, muy alta de 8 a 10 y de 11 en adelante es considerada extremadamente alta. En Sinaloa estamos alcanzando registros muy altos y extremadamente altos\u201d, asever\u00f3.<\/span><\/div>\n<div style=\"text-align: justify;\">&nbsp;<\/div>\n<div style=\"text-align: justify;\"><span style=\"font-size: 14pt; font-family: arial, helvetica, sans-serif;\"><\/span><\/div>\n<div style=\"text-align: justify;\"><span style=\"font-size: 14pt; font-family: arial, helvetica, sans-serif;\">Urbina Vidales hizo un llamado a la poblaci\u00f3n para extremar las medidas preventivas durante el periodo de mayor exposici\u00f3n de radiaci\u00f3n ultravioleta que podr\u00eda extenderse hasta octubre este a\u00f1o.<\/span><\/div>\n<div style=\"text-align: justify;\">&nbsp;<\/div>\n<div style=\"text-align: justify;\"><span style=\"font-size: 14pt; font-family: arial, helvetica, sans-serif;\"><\/span><\/div>\n<div style=\"text-align: justify;\"><span style=\"font-size: 14pt; font-family: arial, helvetica, sans-serif;\">\u201cDeben usar protector solar y prendas para cubrir la piel todas las personas que la mayor parte de su jornada laboral o por alg\u00fan otro motivo se encuentran al aire libre por periodos prolongados, como es el caso de alba\u00f1iles, polic\u00edas, agentes de tr\u00e1nsito, vendedores y otros oficios\u201d, aconsej\u00f3.<\/span><\/div>\n<div style=\"text-align: justify;\">&nbsp;<\/div>\n<div style=\"text-align: justify;\"><span style=\"font-size: 14pt; font-family: arial, helvetica, sans-serif;\"><\/span><\/div>\n<div style=\"text-align: justify;\"><span style=\"font-size: 14pt; font-family: arial, helvetica, sans-serif;\">Jorge Alan Urbina Vidales subray\u00f3 que la salud ambiental es un \u00e1rea de responsabilidad de COFEPRIS y mencion\u00f3 que la Organizaci\u00f3n Mundial de la Salud (OMS) se\u00f1ala que hasta un 30 por ciento de la carga mundial de enfermedades se atribuye a factores de riesgo asociados con exposiciones ambientales.<\/span><\/div>\n<div style=\"text-align: justify;\">&nbsp;<\/div>\n<div style=\"text-align: justify;\"><span style=\"font-size: 14pt; font-family: arial, helvetica, sans-serif;\"><\/span><\/div>\n<div style=\"text-align: justify;\"><span style=\"font-size: 14pt; font-family: arial, helvetica, sans-serif;\">\u201cUna lectura de \u00edndice UV de 11 o m\u00e1s \u2013precis\u00f3- significa un riesgo extremo de da\u00f1o por exposici\u00f3n al sol sin protecci\u00f3n por lo que se deben tomar todas las precauciones necesarias ya que la piel y los ojos sin protecci\u00f3n pueden lastimarse r\u00e1pidamente\u201d.<\/span><\/div>\n<div style=\"text-align: justify;\">&nbsp;<\/div>\n<div style=\"text-align: justify;\"><span style=\"font-size: 14pt; font-family: arial, helvetica, sans-serif;\"><\/span><\/div>\n<div style=\"text-align: justify;\"><span style=\"font-size: 14pt; font-family: arial, helvetica, sans-serif;\">\u201cCuanto m\u00e1s alto es el valor de IUV, mayores son las posibilidades de que la piel y los ojos resulten lesionados y menor es el tiempo necesario para que se produzca una lesi\u00f3n\u201d apunt\u00f3.<\/span><\/div>\n<div style=\"text-align: justify;\">&nbsp;<\/div>\n<div style=\"text-align: justify;\"><span style=\"font-size: 14pt; font-family: arial, helvetica, sans-serif;\"><\/span><\/div>\n<div style=\"text-align: justify;\"><span style=\"font-size: 14pt; font-family: arial, helvetica, sans-serif;\">Enfatiz\u00f3 que ante los altos niveles IUV es importante que la poblaci\u00f3n atienda las recomendaciones de prevenci\u00f3n y poner mucha atenci\u00f3n a los avisos emitidos por las autoridades de gobierno en todos sus niveles, Protecci\u00f3n Civil y el Servicio Meteorol\u00f3gico Nacional (SMN), dependiente de la Comisi\u00f3n Nacional del Agua (Conagua).<\/span><\/div>\n<div style=\"text-align: justify;\">&nbsp;<\/div>\n<div style=\"text-align: justify;\"><span style=\"font-size: 14pt; font-family: arial, helvetica, sans-serif;\"><\/span><\/div>\n<div style=\"text-align: justify;\"><span style=\"font-size: 14pt; font-family: arial, helvetica, sans-serif;\">Indic\u00f3&nbsp; que a partir de un IUV nivel 3 se deben aplicar medidas protectoras contra la luz solar y, de acuerdo con la experiencia de a\u00f1os anteriores durante primavera y verano se han registrado en Sinaloa \u00edndices&nbsp; de 6 a 11 o m\u00e1s UV durante&nbsp; las 11:00 y las&nbsp; 15:00 horas de enero a diciembre, aunque el periodo de mayor riesgo es de marzo a junio.<\/span><\/div>\n<div style=\"text-align: justify;\">&nbsp;<\/div>\n<div style=\"text-align: justify;\">&nbsp;<\/div>\n<div style=\"text-align: justify;\">&nbsp;<\/div>\n<div style=\"text-align: justify;\"><span style=\"font-size: 14pt; font-family: arial, helvetica, sans-serif;\">REDACCI\u00d3N\/VISI\u00d3N CIUDADANA.<\/span><\/div>\n","protected":false},"excerpt":{"rendered":"<p>&nbsp; La Secretar\u00eda de Salud, a trav\u00e9s de la Comisi\u00f3n Estatal para la Protecci\u00f3n contra Riesgos Sanitarios de Sinaloa (COEPRISS), alerta que el \u00cdndice de Radiaci\u00f3n Ultravioleta (IUV) est\u00e1 registrando niveles de intensidad alta y extremadamente alta entre las 10 y las 14 horas en la entidad, especialmente en Culiac\u00e1n y algunos municipios del sur [&hellip;]<\/p>\n","protected":false},"author":1,"featured_media":485,"comment_status":"closed","ping_status":"closed","sticky":false,"template":"","format":"standard","meta":{"footnotes":""},"categories":[24],"tags":[],"ppma_author":[31],"class_list":["post-16810","post","type-post","status-publish","format-standard","has-post-thumbnail","hentry","category-relevantes"],"aioseo_notices":[],"authors":[{"term_id":31,"user_id":1,"is_guest":0,"slug":"ivan3vino","display_name":"Iv\u00e1n Trevi\u00f1o","avatar_url":{"url":"https:\/\/visionciudadana.com.mx\/oficial\/wp-content\/uploads\/2025\/09\/columna-ivan-Trevino.png","url2x":"https:\/\/visionciudadana.com.mx\/oficial\/wp-content\/uploads\/2025\/09\/columna-ivan-Trevino.png"},"0":null,"1":"","2":"","3":"","4":"","5":"","6":"","7":"","8":""}],"_links":{"self":[{"href":"https:\/\/visionciudadana.com.mx\/oficial\/wp-json\/wp\/v2\/posts\/16810","targetHints":{"allow":["GET"]}}],"collection":[{"href":"https:\/\/visionciudadana.com.mx\/oficial\/wp-json\/wp\/v2\/posts"}],"about":[{"href":"https:\/\/visionciudadana.com.mx\/oficial\/wp-json\/wp\/v2\/types\/post"}],"author":[{"embeddable":true,"href":"https:\/\/visionciudadana.com.mx\/oficial\/wp-json\/wp\/v2\/users\/1"}],"replies":[{"embeddable":true,"href":"https:\/\/visionciudadana.com.mx\/oficial\/wp-json\/wp\/v2\/comments?post=16810"}],"version-history":[{"count":1,"href":"https:\/\/visionciudadana.com.mx\/oficial\/wp-json\/wp\/v2\/posts\/16810\/revisions"}],"predecessor-version":[{"id":31086,"href":"https:\/\/visionciudadana.com.mx\/oficial\/wp-json\/wp\/v2\/posts\/16810\/revisions\/31086"}],"wp:featuredmedia":[{"embeddable":true,"href":"https:\/\/visionciudadana.com.mx\/oficial\/wp-json\/wp\/v2\/posts\/485"}],"wp:attachment":[{"href":"https:\/\/visionciudadana.com.mx\/oficial\/wp-json\/wp\/v2\/media?parent=16810"}],"wp:term":[{"taxonomy":"category","embeddable":true,"href":"https:\/\/visionciudadana.com.mx\/oficial\/wp-json\/wp\/v2\/categories?post=16810"},{"taxonomy":"post_tag","embeddable":true,"href":"https:\/\/visionciudadana.com.mx\/oficial\/wp-json\/wp\/v2\/tags?post=16810"},{"taxonomy":"author","embeddable":true,"href":"https:\/\/visionciudadana.com.mx\/oficial\/wp-json\/wp\/v2\/ppma_author?post=16810"}],"curies":[{"name":"wp","href":"https:\/\/api.w.org\/{rel}","templated":true}]}}