{"id":16809,"date":"2021-04-30T02:15:48","date_gmt":"2021-04-30T02:15:48","guid":{"rendered":"https:\/\/visionciudadana.com.mx\/chio\/2021\/04\/30\/vamos-a-ganar-4-de-4-en-ahome-sergio-torres\/"},"modified":"2025-06-25T00:16:19","modified_gmt":"2025-06-25T00:16:19","slug":"vamos-a-ganar-4-de-4-en-ahome-sergio-torres","status":"publish","type":"post","link":"https:\/\/visionciudadana.com.mx\/oficial\/2021\/04\/30\/vamos-a-ganar-4-de-4-en-ahome-sergio-torres\/","title":{"rendered":"Vamos a ganar 4 de 4 en Ahome: Sergio Torres"},"content":{"rendered":"<p style=\"text-align: justify;\"><span style=\"font-size: 14pt; font-family: arial, helvetica, sans-serif;\"><img fetchpriority=\"high\" decoding=\"async\" src=\"images\/abril21\/vamos_a_ganars.png\" alt=\"vamos a ganars\" width=\"780\" height=\"420\" style=\"display: block; margin: 20px auto;\" \/><br \/><\/span><\/p>\n<div style=\"text-align: justify;\"><span style=\"font-size: 14pt; font-family: arial, helvetica, sans-serif;\"><\/span><\/div>\n<div style=\"text-align: justify;\"><span style=\"font-size: 14pt; font-family: arial, helvetica, sans-serif;\">Sinaloa vive una crisis en el sector de la construcci\u00f3n, de la salud, transporte, comercio, agricultura, turismo y pesca, quienes pretendemos gobernar el estado debemos tomar las cosas con seriedad, por eso nuestra campa\u00f1a es una campa\u00f1a en\u00e9rgica, que se\u00f1ala los errores, pero tambi\u00e9n, de respuestas, de propuestas racionales y presupuestalmente bien analizadas, como lo demostramos el 4 de abril, al presentar nuestro Manifiesto por Sinaloa.<\/span><\/div>\n<div style=\"text-align: justify;\">&nbsp;<\/div>\n<div style=\"text-align: justify;\">&nbsp;<\/div>\n<div style=\"text-align: justify;\"><span style=\"font-size: 14pt; font-family: arial, helvetica, sans-serif;\">Sergio Torres, candidato de Movimiento Ciudadano al gobierno del estado, dijo que su compromiso con Sinaloa contempla propuestas con arrojo, energ\u00eda, \u201cporque nosotros si nos animamos a hacer las cosas, no nadamos de muertito\u201d.<\/span><\/div>\n<div style=\"text-align: justify;\">&nbsp;<\/div>\n<div style=\"text-align: justify;\">&nbsp;<\/div>\n<div style=\"text-align: justify;\"><span style=\"font-size: 14pt; font-family: arial, helvetica, sans-serif;\">Puntualiz\u00f3 que los hospitales carecen de medicamentos, los agricultores tomar\u00e1n la carretera M\u00e9xico 15 ante la falta de pago a los apoyos de la cosecha de trigo, ante la insensibilidad de Segalmex y del Gobierno Federal.<\/span><\/div>\n<div style=\"text-align: justify;\">&nbsp;<\/div>\n<div style=\"text-align: justify;\">&nbsp;<\/div>\n<div style=\"text-align: justify;\"><span style=\"font-size: 14pt; font-family: arial, helvetica, sans-serif;\">Se\u00f1al\u00f3 que uno de los sectores m\u00e1s afectados ante la falta de obra de parte de los tres \u00f3rdenes de gobierno es el de la construcci\u00f3n, quienes le han manifestado en reiteradas ocasiones que les exigen \u201cmoches\u201d para poder otorgarles contratos de obra p\u00fablica.<\/span><\/div>\n<div style=\"text-align: justify;\">&nbsp;<\/div>\n<div style=\"text-align: justify;\">&nbsp;<\/div>\n<div style=\"text-align: justify;\"><span style=\"font-size: 14pt; font-family: arial, helvetica, sans-serif;\">En ese sentido se\u00f1al\u00f3 que su gobierno garantizar\u00e1 \u201cpiso parejo\u201d para los construcciones y dar\u00e1 prioridad a empresas locales. \u201cNing\u00fan familiar o amigo de nosotros va a andar repartiendo obra, lo digo de frente y derecho: no habr\u00e1 favoritismo en la obra p\u00fablica para nadie\u201d.<\/span><\/div>\n<div style=\"text-align: justify;\">&nbsp;<\/div>\n<div style=\"text-align: justify;\">&nbsp;<\/div>\n<div style=\"text-align: justify;\"><span style=\"font-size: 14pt; font-family: arial, helvetica, sans-serif;\">Hizo suya la necesidad de encabezar la agenda agr\u00edcola, ganadera, pesquero, para recuperar los programas que el gobierno federal les quit\u00f3 en forma injusta, pues de seguir con la pol\u00edtica actual, se llevar\u00e1 a la ruina a las actividades esenciales para la alimentaci\u00f3n de M\u00e9xico y Sinaloa.<\/span><\/div>\n<div style=\"text-align: justify;\">&nbsp;<\/div>\n<div style=\"text-align: justify;\">&nbsp;<\/div>\n<div style=\"text-align: justify;\"><span style=\"font-size: 14pt; font-family: arial, helvetica, sans-serif;\">Reiter\u00f3 su preocupaci\u00f3n por la falta de agua en las presas, que afecta a las actividades productivas y pone en serio riesgo el consumo del vital l\u00edquido entre la poblaci\u00f3n, y ni la Conagua, ayuntamientos y gobierno estatal est\u00e1n atendiendo el problema como debieran.<\/span><\/div>\n<div style=\"text-align: justify;\">&nbsp;<\/div>\n<div style=\"text-align: justify;\">&nbsp;<\/div>\n<div style=\"text-align: justify;\"><span style=\"font-size: 14pt; font-family: arial, helvetica, sans-serif;\">Sergio Torres, destac\u00f3 que la verdadera opci\u00f3n de cambio la representa Movimiento Ciudadano y sus candidatos y candidatas, y que los problemas que atender\u00e1 en forma prioritaria al llegar al gobierno del estado ser\u00e1 enfrentar y resolver el problema de salud, la crisis econ\u00f3mica por la pandemia y la creciente inseguridad en Sinaloa.<\/span><\/div>\n<div style=\"text-align: justify;\">&nbsp;<\/div>\n<div style=\"text-align: justify;\">&nbsp;<\/div>\n<div style=\"text-align: justify;\"><span style=\"font-size: 14pt; font-family: arial, helvetica, sans-serif;\">REDACCI\u00d3N\/VISI\u00d3N CIUDADANA.<\/span><\/div>\n","protected":false},"excerpt":{"rendered":"<p>Sinaloa vive una crisis en el sector de la construcci\u00f3n, de la salud, transporte, comercio, agricultura, turismo y pesca, quienes pretendemos gobernar el estado debemos tomar las cosas con seriedad, por eso nuestra campa\u00f1a es una campa\u00f1a en\u00e9rgica, que se\u00f1ala los errores, pero tambi\u00e9n, de respuestas, de propuestas racionales y presupuestalmente bien analizadas, como lo [&hellip;]<\/p>\n","protected":false},"author":1,"featured_media":483,"comment_status":"closed","ping_status":"closed","sticky":false,"template":"","format":"standard","meta":{"footnotes":""},"categories":[24],"tags":[],"ppma_author":[31],"class_list":["post-16809","post","type-post","status-publish","format-standard","has-post-thumbnail","hentry","category-relevantes"],"aioseo_notices":[],"authors":[{"term_id":31,"user_id":1,"is_guest":0,"slug":"ivan3vino","display_name":"Iv\u00e1n Trevi\u00f1o","avatar_url":{"url":"https:\/\/visionciudadana.com.mx\/oficial\/wp-content\/uploads\/2025\/09\/columna-ivan-Trevino.png","url2x":"https:\/\/visionciudadana.com.mx\/oficial\/wp-content\/uploads\/2025\/09\/columna-ivan-Trevino.png"},"0":null,"1":"","2":"","3":"","4":"","5":"","6":"","7":"","8":""}],"_links":{"self":[{"href":"https:\/\/visionciudadana.com.mx\/oficial\/wp-json\/wp\/v2\/posts\/16809","targetHints":{"allow":["GET"]}}],"collection":[{"href":"https:\/\/visionciudadana.com.mx\/oficial\/wp-json\/wp\/v2\/posts"}],"about":[{"href":"https:\/\/visionciudadana.com.mx\/oficial\/wp-json\/wp\/v2\/types\/post"}],"author":[{"embeddable":true,"href":"https:\/\/visionciudadana.com.mx\/oficial\/wp-json\/wp\/v2\/users\/1"}],"replies":[{"embeddable":true,"href":"https:\/\/visionciudadana.com.mx\/oficial\/wp-json\/wp\/v2\/comments?post=16809"}],"version-history":[{"count":1,"href":"https:\/\/visionciudadana.com.mx\/oficial\/wp-json\/wp\/v2\/posts\/16809\/revisions"}],"predecessor-version":[{"id":31087,"href":"https:\/\/visionciudadana.com.mx\/oficial\/wp-json\/wp\/v2\/posts\/16809\/revisions\/31087"}],"wp:featuredmedia":[{"embeddable":true,"href":"https:\/\/visionciudadana.com.mx\/oficial\/wp-json\/wp\/v2\/posts\/483"}],"wp:attachment":[{"href":"https:\/\/visionciudadana.com.mx\/oficial\/wp-json\/wp\/v2\/media?parent=16809"}],"wp:term":[{"taxonomy":"category","embeddable":true,"href":"https:\/\/visionciudadana.com.mx\/oficial\/wp-json\/wp\/v2\/categories?post=16809"},{"taxonomy":"post_tag","embeddable":true,"href":"https:\/\/visionciudadana.com.mx\/oficial\/wp-json\/wp\/v2\/tags?post=16809"},{"taxonomy":"author","embeddable":true,"href":"https:\/\/visionciudadana.com.mx\/oficial\/wp-json\/wp\/v2\/ppma_author?post=16809"}],"curies":[{"name":"wp","href":"https:\/\/api.w.org\/{rel}","templated":true}]}}