{"id":16808,"date":"2021-04-30T02:07:41","date_gmt":"2021-04-30T02:07:41","guid":{"rendered":"https:\/\/visionciudadana.com.mx\/chio\/2021\/04\/30\/coordinacion-municipal-de-proteccion-civil-inicia-operativo-por-el-dia-del-nino\/"},"modified":"2025-06-25T00:16:19","modified_gmt":"2025-06-25T00:16:19","slug":"coordinacion-municipal-de-proteccion-civil-inicia-operativo-por-el-dia-del-nino","status":"publish","type":"post","link":"https:\/\/visionciudadana.com.mx\/oficial\/2021\/04\/30\/coordinacion-municipal-de-proteccion-civil-inicia-operativo-por-el-dia-del-nino\/","title":{"rendered":"Coordinaci\u00f3n Municipal de Protecci\u00f3n Civil inicia operativo por el D\u00eda del Ni\u00f1o"},"content":{"rendered":"<p><img fetchpriority=\"high\" decoding=\"async\" src=\"images\/abril21\/operativo_dia_del_ni\u00f1o.jpg\" alt=\"operativo dia del ni\u00f1o\" width=\"780\" height=\"420\" style=\"display: block; margin: 20px auto;\" \/><\/p>\n<div>&nbsp;<\/div>\n<div style=\"text-align: justify;\"><span style=\"font-size: 14pt; font-family: arial, helvetica, sans-serif;\"> Previo a la celebraci\u00f3n por el D\u00eda del Ni\u00f1o, y del D\u00eda de las Madres, la Coordinaci\u00f3n Municipal de Protecci\u00f3n Civil inici\u00f3 con el operativo de supervisi\u00f3n de aplicaci\u00f3n de los protocolos de salud en los diversos establecimientos comerciales, restaurantes, pasteler\u00edas y panteones de la ciudad.&nbsp;<\/span><\/div>\n<div>&nbsp;<\/div>\n<div style=\"text-align: justify;\"><span style=\"font-size: 14pt; font-family: arial, helvetica, sans-serif;\"><\/span><\/div>\n<div style=\"text-align: justify;\"><span style=\"font-size: 14pt; font-family: arial, helvetica, sans-serif;\">Marco Antonio Mart\u00ednez de Alba, titular de dicha Coordinaci\u00f3n, detall\u00f3 que el objetivo de estas acciones es verificar el cumplimiento los lineamientos emitidos por el Gobierno Municipal a fin de prevenir contagios de COVID-19 y proteger la salud de todos los ciudadanos&nbsp;<\/span><\/div>\n<div style=\"text-align: justify;\">&nbsp;<\/div>\n<div style=\"text-align: justify;\"><span style=\"font-size: 14pt; font-family: arial, helvetica, sans-serif;\"><\/span><\/div>\n<div style=\"text-align: justify;\"><span style=\"font-size: 14pt; font-family: arial, helvetica, sans-serif;\">Como parte de ello, personal de Protecci\u00f3n Civil, realiza recorridos y visitas a los establecimientos, donde se exhorta a acatar las disposiciones y recomendaciones del sector salud, como es el uso de cubrebocas, gel antibacterial, sana distancia, aforo limitado y privilegiar servicio para llevar con la finalidad de evitar aglomeraciones.<\/span><\/div>\n<div style=\"text-align: justify;\">&nbsp;<\/div>\n<div style=\"text-align: justify;\"><span style=\"font-size: 14pt; font-family: arial, helvetica, sans-serif;\"><\/span><\/div>\n<div style=\"text-align: justify;\"><span style=\"font-size: 14pt; font-family: arial, helvetica, sans-serif;\">Asimismo, se corrobora que se mantenga la restricci\u00f3n de acceso a menores de 12 a\u00f1os y a adultos mayores, mientras que en panteones se estar\u00e1 verificando adem\u00e1s de esto, que se acuda solo dos d\u00edas antes y dos d\u00edas despu\u00e9s del 30 de abril y 10 de mayo; la instalaci\u00f3n de comercio ambulante est\u00e1 igualmente prohibida.<\/span><\/div>\n<div style=\"text-align: justify;\">&nbsp;<\/div>\n<div style=\"text-align: justify;\"><span style=\"font-size: 14pt; font-family: arial, helvetica, sans-serif;\"><\/span><\/div>\n<div style=\"text-align: justify;\"><span style=\"font-size: 14pt; font-family: arial, helvetica, sans-serif;\">El operativo por el D\u00eda del Ni\u00f1o continuar\u00e1 desarroll\u00e1ndose el d\u00eda de ma\u00f1ana, para vigilar alrededor de 40 locales y establecimientos localizados en los diversos sectores de la ciudad.&nbsp;<\/span><\/div>\n<div style=\"text-align: justify;\">&nbsp;<\/div>\n<div style=\"text-align: justify;\"><span style=\"font-size: 14pt; font-family: arial, helvetica, sans-serif;\"><\/span><\/div>\n<div style=\"text-align: justify;\"><span style=\"font-size: 14pt; font-family: arial, helvetica, sans-serif;\">Adem\u00e1s de estos espacios, personal de la Coordinaci\u00f3n Municipal de Protecci\u00f3n Civil, mantiene presencia en los diferentes panteones de la ciudad con el apoyo de la Secretar\u00eda de Seguridad P\u00fablica y Tr\u00e1nsito Municipal.&nbsp;<\/span><\/div>\n<div style=\"text-align: justify;\">&nbsp;<\/div>\n<div style=\"text-align: justify;\"><span style=\"font-size: 14pt; font-family: arial, helvetica, sans-serif;\"><\/span><\/div>\n<div style=\"text-align: justify;\"><span style=\"font-size: 14pt; font-family: arial, helvetica, sans-serif;\">La Direcci\u00f3n Municipal de Salud en conjunto con Protecci\u00f3n Civil del Municipio invita a los culiacanenses a priorizar la salud de toda la familia, evitando reuniones y concentraciones masivas y procurar quedarse en casa.<\/span><\/div>\n<div style=\"text-align: justify;\">&nbsp;<\/div>\n<div style=\"text-align: justify;\">&nbsp;<\/div>\n<div style=\"text-align: justify;\">&nbsp;<\/div>\n<div style=\"text-align: justify;\"><span style=\"font-size: 14pt; font-family: arial, helvetica, sans-serif;\">REDACCI\u00d3N\/VISI\u00d3N CIUDADANA.<\/span><\/div>\n","protected":false},"excerpt":{"rendered":"<p>&nbsp; Previo a la celebraci\u00f3n por el D\u00eda del Ni\u00f1o, y del D\u00eda de las Madres, la Coordinaci\u00f3n Municipal de Protecci\u00f3n Civil inici\u00f3 con el operativo de supervisi\u00f3n de aplicaci\u00f3n de los protocolos de salud en los diversos establecimientos comerciales, restaurantes, pasteler\u00edas y panteones de la ciudad.&nbsp; &nbsp; Marco Antonio Mart\u00ednez de Alba, titular de [&hellip;]<\/p>\n","protected":false},"author":1,"featured_media":481,"comment_status":"closed","ping_status":"closed","sticky":false,"template":"","format":"standard","meta":{"footnotes":""},"categories":[24],"tags":[],"ppma_author":[31],"class_list":["post-16808","post","type-post","status-publish","format-standard","has-post-thumbnail","hentry","category-relevantes"],"aioseo_notices":[],"authors":[{"term_id":31,"user_id":1,"is_guest":0,"slug":"ivan3vino","display_name":"Iv\u00e1n Trevi\u00f1o","avatar_url":{"url":"https:\/\/visionciudadana.com.mx\/oficial\/wp-content\/uploads\/2025\/09\/columna-ivan-Trevino.png","url2x":"https:\/\/visionciudadana.com.mx\/oficial\/wp-content\/uploads\/2025\/09\/columna-ivan-Trevino.png"},"0":null,"1":"","2":"","3":"","4":"","5":"","6":"","7":"","8":""}],"_links":{"self":[{"href":"https:\/\/visionciudadana.com.mx\/oficial\/wp-json\/wp\/v2\/posts\/16808","targetHints":{"allow":["GET"]}}],"collection":[{"href":"https:\/\/visionciudadana.com.mx\/oficial\/wp-json\/wp\/v2\/posts"}],"about":[{"href":"https:\/\/visionciudadana.com.mx\/oficial\/wp-json\/wp\/v2\/types\/post"}],"author":[{"embeddable":true,"href":"https:\/\/visionciudadana.com.mx\/oficial\/wp-json\/wp\/v2\/users\/1"}],"replies":[{"embeddable":true,"href":"https:\/\/visionciudadana.com.mx\/oficial\/wp-json\/wp\/v2\/comments?post=16808"}],"version-history":[{"count":1,"href":"https:\/\/visionciudadana.com.mx\/oficial\/wp-json\/wp\/v2\/posts\/16808\/revisions"}],"predecessor-version":[{"id":31088,"href":"https:\/\/visionciudadana.com.mx\/oficial\/wp-json\/wp\/v2\/posts\/16808\/revisions\/31088"}],"wp:featuredmedia":[{"embeddable":true,"href":"https:\/\/visionciudadana.com.mx\/oficial\/wp-json\/wp\/v2\/posts\/481"}],"wp:attachment":[{"href":"https:\/\/visionciudadana.com.mx\/oficial\/wp-json\/wp\/v2\/media?parent=16808"}],"wp:term":[{"taxonomy":"category","embeddable":true,"href":"https:\/\/visionciudadana.com.mx\/oficial\/wp-json\/wp\/v2\/categories?post=16808"},{"taxonomy":"post_tag","embeddable":true,"href":"https:\/\/visionciudadana.com.mx\/oficial\/wp-json\/wp\/v2\/tags?post=16808"},{"taxonomy":"author","embeddable":true,"href":"https:\/\/visionciudadana.com.mx\/oficial\/wp-json\/wp\/v2\/ppma_author?post=16808"}],"curies":[{"name":"wp","href":"https:\/\/api.w.org\/{rel}","templated":true}]}}