{"id":16806,"date":"2021-04-30T01:57:08","date_gmt":"2021-04-30T01:57:08","guid":{"rendered":"https:\/\/visionciudadana.com.mx\/chio\/2021\/04\/30\/estrada-ferreiro-hace-compromiso-por-el-medio-ambiente-y-la-movilidad-urbana\/"},"modified":"2025-06-25T00:16:19","modified_gmt":"2025-06-25T00:16:19","slug":"estrada-ferreiro-hace-compromiso-por-el-medio-ambiente-y-la-movilidad-urbana","status":"publish","type":"post","link":"https:\/\/visionciudadana.com.mx\/oficial\/2021\/04\/30\/estrada-ferreiro-hace-compromiso-por-el-medio-ambiente-y-la-movilidad-urbana\/","title":{"rendered":"Estrada Ferreiro hace compromiso por el medio ambiente y la movilidad urbana\u00a0"},"content":{"rendered":"<p style=\"text-align: justify;\"><img decoding=\"async\" src=\"images\/abril21\/jef4.jpg\" alt=\"jef4\" style=\"display: block; margin: 20px auto;\" \/><\/p>\n<div>&nbsp;<\/div>\n<div style=\"text-align: justify;\"><span style=\"font-size: 14pt; font-family: arial, helvetica, sans-serif;\">Con proyectos a favor del medio ambiente el Lic. Jes\u00fas Estrada Ferreiro y organizaciones de la sociedad civil, seguir\u00e1n trabajando para lograr que Culiac\u00e1n sea una ciudad m\u00e1s amigable con el medio ambiente, con calles m\u00e1s seguras para una mejor movilidad urbana y donde se respete a todos los seres vivos.<\/span><\/div>\n<div style=\"text-align: justify;\"><span style=\"font-size: 14pt; font-family: arial, helvetica, sans-serif;\"><\/span><\/div>\n<div style=\"text-align: justify;\">&nbsp;<\/div>\n<div style=\"text-align: justify;\"><span style=\"font-size: 14pt; font-family: arial, helvetica, sans-serif;\">El candidato a presidente municipal por la alianza MORENA-PAS, se reuni\u00f3 con integrantes de diversas organizaciones, entre ellos ambientalistas, protectores de animales y urbanistas, de quienes escuch\u00f3 sus propuestas y les platic\u00f3 sobre lo que ya se ha hecho para alcanzar el objetivo mencionado.<\/span><\/div>\n<div style=\"text-align: justify;\">&nbsp;<\/div>\n<div style=\"text-align: justify;\"><span style=\"font-size: 14pt; font-family: arial, helvetica, sans-serif;\"><\/span><\/div>\n<div style=\"text-align: justify;\"><span style=\"font-size: 14pt; font-family: arial, helvetica, sans-serif;\">El retiro de puentes antipeatonales para dar paso a pasos peatonales seguros nivel banqueta, eliminaci\u00f3n de contaminaci\u00f3n visual quitando espectaculares riesgosos, peatonalizar parcialmente el centro, son acciones que fueron reconocidas al candidato.<\/span><\/div>\n<div style=\"text-align: justify;\">&nbsp;<\/div>\n<div style=\"text-align: justify;\"><span style=\"font-size: 14pt; font-family: arial, helvetica, sans-serif;\"><\/span><\/div>\n<div style=\"text-align: justify;\"><span style=\"font-size: 14pt; font-family: arial, helvetica, sans-serif;\">Estas han generado una gran mejor\u00eda y nunca se hab\u00edan realizado por un presidente municipal, por lo que resaltaron el trabajo hecho ya que no todas las personas se trasladan en autom\u00f3vil y las calles deben ser seguras para ciclistas, peatones en general, mujeres embarazadas, personas con discapacidad, ni\u00f1os, y adultos mayores.<\/span><\/div>\n<div style=\"text-align: justify;\">&nbsp;<\/div>\n<div style=\"text-align: justify;\"><span style=\"font-size: 14pt; font-family: arial, helvetica, sans-serif;\"><\/span><\/div>\n<div style=\"text-align: justify;\"><span style=\"font-size: 14pt; font-family: arial, helvetica, sans-serif;\">Asimismo, Estrada Ferreiro, acept\u00f3 continuar con el rescate de espacios p\u00fablicos como pidi\u00f3 hacer desde que inici\u00f3 como alcalde de Culiac\u00e1n y que hoy es una realidad con parques rescatados del abandono y que ahora est\u00e1n en buenas condiciones para todos.<\/span><\/div>\n<div style=\"text-align: justify;\"><span style=\"font-size: 14pt; font-family: arial, helvetica, sans-serif;\"><\/span><\/div>\n<div style=\"text-align: justify;\">&nbsp;<\/div>\n<div style=\"text-align: justify;\"><span style=\"font-size: 14pt; font-family: arial, helvetica, sans-serif;\">La reforestaci\u00f3n con especies end\u00e9micas tambi\u00e9n es muy importante, y seguir\u00e1, asegur\u00f3.<\/span><\/div>\n<div style=\"text-align: justify;\">&nbsp;<\/div>\n<div style=\"text-align: justify;\"><span style=\"font-size: 14pt; font-family: arial, helvetica, sans-serif;\"><\/span><\/div>\n<div style=\"text-align: justify;\"><span style=\"font-size: 14pt; font-family: arial, helvetica, sans-serif;\">\u00abLa instrucci\u00f3n es que siempre pongamos amapas porque es un \u00e1rbol end\u00e9mico, gasta menos agua, da bonitas flores un follaje atractivo, ligero pero sirve, cuando me dicen por qu\u00e9 olivo negro y neem no, porque es una trampa, si lo permitimos aunque la ley lo permitiera, al a\u00f1o piden permiso para quitarlo, porque est\u00e1 levantando la banqueta de la cochera o el piso de la calle y hay que dar el permiso para que lo quiten\u00bb, explic\u00f3.<\/span><\/div>\n<div style=\"text-align: justify;\">&nbsp;<\/div>\n<div style=\"text-align: justify;\"><span style=\"font-size: 14pt; font-family: arial, helvetica, sans-serif;\"><\/span><\/div>\n<div style=\"text-align: justify;\"><span style=\"font-size: 14pt; font-family: arial, helvetica, sans-serif;\">Para finalizar, el Lic. Jes\u00fas Estrada Ferreiro, reiter\u00f3 que se trabajar\u00e1 en el rescate de zonas ecol\u00f3gicas como el cerro de las siete gotas, cerro de la Virgen en Santa Fe, y otros espacios que son utilizados para la recreaci\u00f3n.<\/span><\/div>\n<div style=\"text-align: justify;\">&nbsp;<\/div>\n<div style=\"text-align: justify;\"><span style=\"font-size: 14pt; font-family: arial, helvetica, sans-serif;\"><\/span><\/div>\n<div style=\"text-align: justify;\"><span style=\"font-size: 14pt; font-family: arial, helvetica, sans-serif;\">Adem\u00e1s en su momento se analizar\u00e1n proyectos que ya est\u00e1n listos para verificar su viabilidad e implementarlos.<\/span><\/div>\n<div style=\"text-align: justify;\">&nbsp;<\/div>\n<div style=\"text-align: justify;\">&nbsp;<\/div>\n<div style=\"text-align: justify;\"><span style=\"font-size: 14pt; font-family: arial, helvetica, sans-serif;\">REDACCI\u00d3N\/VISI\u00d3N CIUDADANA.<\/span><\/div>\n","protected":false},"excerpt":{"rendered":"<p>&nbsp; Con proyectos a favor del medio ambiente el Lic. Jes\u00fas Estrada Ferreiro y organizaciones de la sociedad civil, seguir\u00e1n trabajando para lograr que Culiac\u00e1n sea una ciudad m\u00e1s amigable con el medio ambiente, con calles m\u00e1s seguras para una mejor movilidad urbana y donde se respete a todos los seres vivos. &nbsp; El candidato [&hellip;]<\/p>\n","protected":false},"author":1,"featured_media":477,"comment_status":"closed","ping_status":"closed","sticky":false,"template":"","format":"standard","meta":{"footnotes":""},"categories":[24],"tags":[],"ppma_author":[31],"class_list":["post-16806","post","type-post","status-publish","format-standard","has-post-thumbnail","hentry","category-relevantes"],"aioseo_notices":[],"authors":[{"term_id":31,"user_id":1,"is_guest":0,"slug":"ivan3vino","display_name":"Iv\u00e1n Trevi\u00f1o","avatar_url":{"url":"https:\/\/visionciudadana.com.mx\/oficial\/wp-content\/uploads\/2025\/09\/columna-ivan-Trevino.png","url2x":"https:\/\/visionciudadana.com.mx\/oficial\/wp-content\/uploads\/2025\/09\/columna-ivan-Trevino.png"},"0":null,"1":"","2":"","3":"","4":"","5":"","6":"","7":"","8":""}],"_links":{"self":[{"href":"https:\/\/visionciudadana.com.mx\/oficial\/wp-json\/wp\/v2\/posts\/16806","targetHints":{"allow":["GET"]}}],"collection":[{"href":"https:\/\/visionciudadana.com.mx\/oficial\/wp-json\/wp\/v2\/posts"}],"about":[{"href":"https:\/\/visionciudadana.com.mx\/oficial\/wp-json\/wp\/v2\/types\/post"}],"author":[{"embeddable":true,"href":"https:\/\/visionciudadana.com.mx\/oficial\/wp-json\/wp\/v2\/users\/1"}],"replies":[{"embeddable":true,"href":"https:\/\/visionciudadana.com.mx\/oficial\/wp-json\/wp\/v2\/comments?post=16806"}],"version-history":[{"count":1,"href":"https:\/\/visionciudadana.com.mx\/oficial\/wp-json\/wp\/v2\/posts\/16806\/revisions"}],"predecessor-version":[{"id":31090,"href":"https:\/\/visionciudadana.com.mx\/oficial\/wp-json\/wp\/v2\/posts\/16806\/revisions\/31090"}],"wp:featuredmedia":[{"embeddable":true,"href":"https:\/\/visionciudadana.com.mx\/oficial\/wp-json\/wp\/v2\/posts\/477"}],"wp:attachment":[{"href":"https:\/\/visionciudadana.com.mx\/oficial\/wp-json\/wp\/v2\/media?parent=16806"}],"wp:term":[{"taxonomy":"category","embeddable":true,"href":"https:\/\/visionciudadana.com.mx\/oficial\/wp-json\/wp\/v2\/categories?post=16806"},{"taxonomy":"post_tag","embeddable":true,"href":"https:\/\/visionciudadana.com.mx\/oficial\/wp-json\/wp\/v2\/tags?post=16806"},{"taxonomy":"author","embeddable":true,"href":"https:\/\/visionciudadana.com.mx\/oficial\/wp-json\/wp\/v2\/ppma_author?post=16806"}],"curies":[{"name":"wp","href":"https:\/\/api.w.org\/{rel}","templated":true}]}}