{"id":16805,"date":"2021-04-30T01:48:39","date_gmt":"2021-04-30T01:48:39","guid":{"rendered":"https:\/\/visionciudadana.com.mx\/chio\/2021\/04\/30\/inician-levantamiento-de-las-necesidades-mas-apremiantes-en-colonias-populares-rocha-moya\/"},"modified":"2025-06-25T00:16:19","modified_gmt":"2025-06-25T00:16:19","slug":"inician-levantamiento-de-las-necesidades-mas-apremiantes-en-colonias-populares-rocha-moya","status":"publish","type":"post","link":"https:\/\/visionciudadana.com.mx\/oficial\/2021\/04\/30\/inician-levantamiento-de-las-necesidades-mas-apremiantes-en-colonias-populares-rocha-moya\/","title":{"rendered":"Inician levantamiento de las necesidades m\u00e1s apremiantes en colonias populares: Rocha Moya"},"content":{"rendered":"<p>&nbsp;<\/p>\n<div>&nbsp;<img decoding=\"async\" src=\"images\/abril21\/rocha_moya4.jpg\" alt=\"rocha moya4\" style=\"display: block; margin: 20px auto;\" \/><\/div>\n<div style=\"text-align: justify;\"><span style=\"font-size: 14pt; font-family: arial, helvetica, sans-serif;\">Durante una reuni\u00f3n con vecinos de la colonia Guadalupe Victoria, del municipio Culiac\u00e1n, el candidato de la alianza Morena-PAS a la gubernatura, Rub\u00e9n Rocha Moya, anunci\u00f3 que iniciaron un levantamiento de las necesidades m\u00e1s apremiantes de los asentamientos habitacionales en los que se concentra la poblaci\u00f3n m\u00e1s vulnerable, a fin de emprender programas focalizados de acuerdo a la problem\u00e1tica de cada lugar.<\/span><\/div>\n<div style=\"text-align: justify;\">&nbsp;<\/div>\n<div style=\"text-align: justify;\"><span style=\"font-size: 14pt; font-family: arial, helvetica, sans-serif;\"><\/span><\/div>\n<div style=\"text-align: justify;\"><span style=\"font-size: 14pt; font-family: arial, helvetica, sans-serif;\">\u201cVamos a ver cu\u00e1les son los problemas concretos, vamos hacer un levantamiento en todas las colonias, lo estamos haciendo ya para hacer un programa que nos permita ayudar a la gente\u201d.<\/span><\/div>\n<div style=\"text-align: justify;\">&nbsp;<\/div>\n<div style=\"text-align: justify;\"><span style=\"font-size: 14pt; font-family: arial, helvetica, sans-serif;\"><\/span><\/div>\n<div style=\"text-align: justify;\"><span style=\"font-size: 14pt; font-family: arial, helvetica, sans-serif;\">Rocha Moya record\u00f3 que en las visitas que ha realizado por las distintas colonias y fraccionamientos del estado, la incidencia es que algunos sectores no cuentan con pavimentaci\u00f3n, agua potable, drenaje sanitario o pluvial, as\u00ed como la falta de espacios de esparcimiento o para practicar alg\u00fan deporte.&nbsp;<\/span><\/div>\n<div style=\"text-align: justify;\">&nbsp;<\/div>\n<div style=\"text-align: justify;\"><span style=\"font-size: 14pt; font-family: arial, helvetica, sans-serif;\"><\/span><\/div>\n<div style=\"text-align: justify;\"><span style=\"font-size: 14pt; font-family: arial, helvetica, sans-serif;\">\u201cHay muchas calles que no est\u00e1n pavimentadas, efectivamente este es un tema que mucho importa a las colonias populares, el agua potable, el drenaje, la limpieza, no tienen un parquecito para hacer el deporte\u201d.&nbsp;<\/span><\/div>\n<div style=\"text-align: justify;\">&nbsp;<\/div>\n<div style=\"text-align: justify;\"><span style=\"font-size: 14pt; font-family: arial, helvetica, sans-serif;\"><\/span><\/div>\n<div style=\"text-align: justify;\"><span style=\"font-size: 14pt; font-family: arial, helvetica, sans-serif;\">En esta colonia y en otro orden de ideas, el abanderado de los partidos de MORENA y PAS dio a conocer que a partir de que inicie su mandato operar\u00e1 un programa para apoyar a las mujeres jefas de familia, quienes por alguna raz\u00f3n ellas solas se hacen cargo del hogar y de la manutenci\u00f3n de sus hijos.<\/span><\/div>\n<div style=\"text-align: justify;\">&nbsp;<\/div>\n<div style=\"text-align: justify;\"><span style=\"font-size: 14pt; font-family: arial, helvetica, sans-serif;\"><\/span><\/div>\n<div style=\"text-align: justify;\"><span style=\"font-size: 14pt; font-family: arial, helvetica, sans-serif;\">Reiter\u00f3 que el Gobierno que implantar\u00e1 en Sinaloa, acompa\u00f1ado de los ciudadanos, va a ser un Gobierno que tenga la condici\u00f3n de no robarle a la gente, ya que \u201cla corrupci\u00f3n es algo muy da\u00f1ino que no permite que haya recursos para ayudar y hacer los servicios p\u00fablicos necesarios\u201d.<\/span><\/div>\n<div style=\"text-align: justify;\">&nbsp;<\/div>\n<div style=\"text-align: justify;\"><span style=\"font-size: 14pt; font-family: arial, helvetica, sans-serif;\"><\/span><\/div>\n<div style=\"text-align: justify;\"><span style=\"font-size: 14pt; font-family: arial, helvetica, sans-serif;\">Agreg\u00f3 que en su administraci\u00f3n lo primordial ser\u00e1n los apoyos a las familias y sectores m\u00e1s vulnerables, por ello se ampliar\u00e1n los programas que benefician a los adultos mayores, personas con discapacidad y j\u00f3venes que cursan sus estudios de nivel medio superior y superior.&nbsp;&nbsp;<\/span><\/div>\n<div style=\"text-align: justify;\">&nbsp;<\/div>\n<div style=\"text-align: justify;\"><span style=\"font-size: 14pt; font-family: arial, helvetica, sans-serif;\"><\/span><\/div>\n<div style=\"text-align: justify;\"><span style=\"font-size: 14pt; font-family: arial, helvetica, sans-serif;\">El pr\u00f3ximo gobernador de Sinaloa estuvo acompa\u00f1ado por el presidente del PAS, H\u00e9ctor Melesio Cu\u00e9n Ojeda; el candidato a la alcald\u00eda, Jes\u00fas Estrada Ferreiro y el candidato a la diputaci\u00f3n local por el Distrito 17, Gene Ren\u00e9 Boj\u00f3rquez.<\/span><\/div>\n<div style=\"text-align: justify;\">&nbsp;<\/div>\n<div style=\"text-align: justify;\">&nbsp;<\/div>\n<div style=\"text-align: justify;\"><span style=\"font-size: 14pt; font-family: arial, helvetica, sans-serif;\">REDACCI\u00d3N\/VISI\u00d3N CIUDADANA.<\/span><\/div>\n","protected":false},"excerpt":{"rendered":"<p>&nbsp; &nbsp; Durante una reuni\u00f3n con vecinos de la colonia Guadalupe Victoria, del municipio Culiac\u00e1n, el candidato de la alianza Morena-PAS a la gubernatura, Rub\u00e9n Rocha Moya, anunci\u00f3 que iniciaron un levantamiento de las necesidades m\u00e1s apremiantes de los asentamientos habitacionales en los que se concentra la poblaci\u00f3n m\u00e1s vulnerable, a fin de emprender programas [&hellip;]<\/p>\n","protected":false},"author":1,"featured_media":475,"comment_status":"closed","ping_status":"closed","sticky":false,"template":"","format":"standard","meta":{"footnotes":""},"categories":[24],"tags":[],"ppma_author":[31],"class_list":["post-16805","post","type-post","status-publish","format-standard","has-post-thumbnail","hentry","category-relevantes"],"aioseo_notices":[],"authors":[{"term_id":31,"user_id":1,"is_guest":0,"slug":"ivan3vino","display_name":"Iv\u00e1n Trevi\u00f1o","avatar_url":{"url":"https:\/\/visionciudadana.com.mx\/oficial\/wp-content\/uploads\/2025\/09\/columna-ivan-Trevino.png","url2x":"https:\/\/visionciudadana.com.mx\/oficial\/wp-content\/uploads\/2025\/09\/columna-ivan-Trevino.png"},"0":null,"1":"","2":"","3":"","4":"","5":"","6":"","7":"","8":""}],"_links":{"self":[{"href":"https:\/\/visionciudadana.com.mx\/oficial\/wp-json\/wp\/v2\/posts\/16805","targetHints":{"allow":["GET"]}}],"collection":[{"href":"https:\/\/visionciudadana.com.mx\/oficial\/wp-json\/wp\/v2\/posts"}],"about":[{"href":"https:\/\/visionciudadana.com.mx\/oficial\/wp-json\/wp\/v2\/types\/post"}],"author":[{"embeddable":true,"href":"https:\/\/visionciudadana.com.mx\/oficial\/wp-json\/wp\/v2\/users\/1"}],"replies":[{"embeddable":true,"href":"https:\/\/visionciudadana.com.mx\/oficial\/wp-json\/wp\/v2\/comments?post=16805"}],"version-history":[{"count":1,"href":"https:\/\/visionciudadana.com.mx\/oficial\/wp-json\/wp\/v2\/posts\/16805\/revisions"}],"predecessor-version":[{"id":31091,"href":"https:\/\/visionciudadana.com.mx\/oficial\/wp-json\/wp\/v2\/posts\/16805\/revisions\/31091"}],"wp:featuredmedia":[{"embeddable":true,"href":"https:\/\/visionciudadana.com.mx\/oficial\/wp-json\/wp\/v2\/posts\/475"}],"wp:attachment":[{"href":"https:\/\/visionciudadana.com.mx\/oficial\/wp-json\/wp\/v2\/media?parent=16805"}],"wp:term":[{"taxonomy":"category","embeddable":true,"href":"https:\/\/visionciudadana.com.mx\/oficial\/wp-json\/wp\/v2\/categories?post=16805"},{"taxonomy":"post_tag","embeddable":true,"href":"https:\/\/visionciudadana.com.mx\/oficial\/wp-json\/wp\/v2\/tags?post=16805"},{"taxonomy":"author","embeddable":true,"href":"https:\/\/visionciudadana.com.mx\/oficial\/wp-json\/wp\/v2\/ppma_author?post=16805"}],"curies":[{"name":"wp","href":"https:\/\/api.w.org\/{rel}","templated":true}]}}