{"id":16804,"date":"2021-04-30T01:44:31","date_gmt":"2021-04-30T01:44:31","guid":{"rendered":"https:\/\/visionciudadana.com.mx\/chio\/2021\/04\/30\/hector-orrantia-coppel-invita-a-los-candidatos-del-distrito-15-a-trabajar-desde-ya\/"},"modified":"2025-06-25T00:16:19","modified_gmt":"2025-06-25T00:16:19","slug":"hector-orrantia-coppel-invita-a-los-candidatos-del-distrito-15-a-trabajar-desde-ya","status":"publish","type":"post","link":"https:\/\/visionciudadana.com.mx\/oficial\/2021\/04\/30\/hector-orrantia-coppel-invita-a-los-candidatos-del-distrito-15-a-trabajar-desde-ya\/","title":{"rendered":"H\u00e9ctor Orrantia Coppel invita a los candidatos del distrito 15 a trabajar desde ya  \u00a0"},"content":{"rendered":"<div style=\"text-align: justify;\">&nbsp;<\/div>\n<div style=\"text-align: justify;\"><img decoding=\"async\" src=\"images\/abril21\/Hector_orrantia.PNG\" alt=\"Hector orrantia\" style=\"display: block; margin: 20px auto;\" \/><\/div>\n<div style=\"text-align: justify;\"><span style=\"font-size: 14pt; font-family: arial, helvetica, sans-serif;\">Durante el Debate p\u00fablico organizado por el Instituto Estatal Electoral de Sinaloa, para los candidatos a diputados por el distrito local 15, H\u00e9ctor Orrantia Coppel, candidato de la coalici\u00f3n Va por Sinaloa, integrada por PAN-PRI-PRD, convoc\u00f3 a las candidatas y candidatos de los otros partidos a participar en una jornada de limpieza del parque de la colonia Fuentes Del Valle este s\u00e1bado a las 7:30 am.<\/span><\/div>\n<div style=\"text-align: justify;\">&nbsp;<\/div>\n<div style=\"text-align: justify;\"><span style=\"font-size: 14pt; font-family: arial, helvetica, sans-serif;\"><\/span><\/div>\n<div style=\"text-align: justify;\"><span style=\"font-size: 14pt; font-family: arial, helvetica, sans-serif;\">Los candidatos que aceptaron p\u00fablicamente la invitaci\u00f3n de H\u00e9ctor Orrantia Coppel fueron: Mario Eduardo Rodr\u00edguez Kato de Fuerza Por M\u00e9xico y Onelia Uriarte Gonz\u00e1lez del Partido Encuentro Solidario.<\/span><\/div>\n<div style=\"text-align: justify;\">&nbsp;<\/div>\n<div style=\"text-align: justify;\"><span style=\"font-size: 14pt; font-family: arial, helvetica, sans-serif;\"><\/span><\/div>\n<div style=\"text-align: justify;\"><span style=\"font-size: 14pt; font-family: arial, helvetica, sans-serif;\">\u201cLa gente est\u00e1 harta de los pol\u00edticos, que nos vean juntos para que vean que lo que queremos es hacer algo bueno y junto con los vecinos limpiar un parque, hacer algo desde ahorita\u201d, dijo.<\/span><\/div>\n<div style=\"text-align: justify;\">&nbsp;<\/div>\n<div style=\"text-align: justify;\"><span style=\"font-size: 14pt; font-family: arial, helvetica, sans-serif;\"><\/span><\/div>\n<div style=\"text-align: justify;\"><span style=\"font-size: 14pt; font-family: arial, helvetica, sans-serif;\">Orrantia Coppel es un candidato ciudadano que impulsa una campa\u00f1a abierta y de suma.<\/span><\/div>\n<div style=\"text-align: justify;\">&nbsp;<\/div>\n<div style=\"text-align: justify;\">&nbsp;<\/div>\n<div style=\"text-align: justify;\">&nbsp;<\/div>\n<div style=\"text-align: justify;\"><span style=\"font-size: 14pt; font-family: arial, helvetica, sans-serif;\">REDACCI\u00d3N\/VISI\u00d3N CIUDADANA.<\/span><\/div>\n","protected":false},"excerpt":{"rendered":"<p>&nbsp; Durante el Debate p\u00fablico organizado por el Instituto Estatal Electoral de Sinaloa, para los candidatos a diputados por el distrito local 15, H\u00e9ctor Orrantia Coppel, candidato de la coalici\u00f3n Va por Sinaloa, integrada por PAN-PRI-PRD, convoc\u00f3 a las candidatas y candidatos de los otros partidos a participar en una jornada de limpieza del parque [&hellip;]<\/p>\n","protected":false},"author":1,"featured_media":473,"comment_status":"closed","ping_status":"closed","sticky":false,"template":"","format":"standard","meta":{"footnotes":""},"categories":[13],"tags":[],"ppma_author":[31],"class_list":["post-16804","post","type-post","status-publish","format-standard","has-post-thumbnail","hentry","category-locales"],"aioseo_notices":[],"authors":[{"term_id":31,"user_id":1,"is_guest":0,"slug":"ivan3vino","display_name":"Iv\u00e1n Trevi\u00f1o","avatar_url":{"url":"https:\/\/visionciudadana.com.mx\/oficial\/wp-content\/uploads\/2025\/09\/columna-ivan-Trevino.png","url2x":"https:\/\/visionciudadana.com.mx\/oficial\/wp-content\/uploads\/2025\/09\/columna-ivan-Trevino.png"},"0":null,"1":"","2":"","3":"","4":"","5":"","6":"","7":"","8":""}],"_links":{"self":[{"href":"https:\/\/visionciudadana.com.mx\/oficial\/wp-json\/wp\/v2\/posts\/16804","targetHints":{"allow":["GET"]}}],"collection":[{"href":"https:\/\/visionciudadana.com.mx\/oficial\/wp-json\/wp\/v2\/posts"}],"about":[{"href":"https:\/\/visionciudadana.com.mx\/oficial\/wp-json\/wp\/v2\/types\/post"}],"author":[{"embeddable":true,"href":"https:\/\/visionciudadana.com.mx\/oficial\/wp-json\/wp\/v2\/users\/1"}],"replies":[{"embeddable":true,"href":"https:\/\/visionciudadana.com.mx\/oficial\/wp-json\/wp\/v2\/comments?post=16804"}],"version-history":[{"count":1,"href":"https:\/\/visionciudadana.com.mx\/oficial\/wp-json\/wp\/v2\/posts\/16804\/revisions"}],"predecessor-version":[{"id":31092,"href":"https:\/\/visionciudadana.com.mx\/oficial\/wp-json\/wp\/v2\/posts\/16804\/revisions\/31092"}],"wp:featuredmedia":[{"embeddable":true,"href":"https:\/\/visionciudadana.com.mx\/oficial\/wp-json\/wp\/v2\/posts\/473"}],"wp:attachment":[{"href":"https:\/\/visionciudadana.com.mx\/oficial\/wp-json\/wp\/v2\/media?parent=16804"}],"wp:term":[{"taxonomy":"category","embeddable":true,"href":"https:\/\/visionciudadana.com.mx\/oficial\/wp-json\/wp\/v2\/categories?post=16804"},{"taxonomy":"post_tag","embeddable":true,"href":"https:\/\/visionciudadana.com.mx\/oficial\/wp-json\/wp\/v2\/tags?post=16804"},{"taxonomy":"author","embeddable":true,"href":"https:\/\/visionciudadana.com.mx\/oficial\/wp-json\/wp\/v2\/ppma_author?post=16804"}],"curies":[{"name":"wp","href":"https:\/\/api.w.org\/{rel}","templated":true}]}}