{"id":16802,"date":"2021-04-28T21:44:17","date_gmt":"2021-04-28T21:44:17","guid":{"rendered":"https:\/\/visionciudadana.com.mx\/chio\/2021\/04\/28\/empresarios-y-cuidadanos-seran-integrados-al-plan-de-seguridad-de-estrada-ferreiro\/"},"modified":"2025-06-25T00:16:20","modified_gmt":"2025-06-25T00:16:20","slug":"empresarios-y-cuidadanos-seran-integrados-al-plan-de-seguridad-de-estrada-ferreiro","status":"publish","type":"post","link":"https:\/\/visionciudadana.com.mx\/oficial\/2021\/04\/28\/empresarios-y-cuidadanos-seran-integrados-al-plan-de-seguridad-de-estrada-ferreiro\/","title":{"rendered":"Empresarios y cuidadanos ser\u00e1n integrados al plan de seguridad de Estrada Ferreiro\u00a0"},"content":{"rendered":"<p>&nbsp;<\/p>\n<p><img decoding=\"async\" src=\"images\/abril21\/empresarios_y_ciudadanos.jpg\" alt=\"empresarios y ciudadanos\" style=\"display: block; margin: 20px auto;\" \/><\/p>\n<div style=\"text-align: justify;\"><span style=\"font-size: 14pt; font-family: arial, helvetica, sans-serif;\">Empresarios y representantes de la ciudadan\u00eda, quienes integran la \u201cMesa de Seguridad y Justicia Culiac\u00e1n, Sinaloa, M\u00e9xico SOS\u201d, ser\u00e1n integrados a trabajar en la estrategia de seguridad p\u00fablica del Lic. Jes\u00fas Estrada Ferreiro.&nbsp;<\/span><\/div>\n<div style=\"text-align: justify;\">&nbsp;<\/div>\n<div style=\"text-align: justify;\"><span style=\"font-size: 14pt; font-family: arial, helvetica, sans-serif;\"><\/span><\/div>\n<div style=\"text-align: justify;\"><span style=\"font-size: 14pt; font-family: arial, helvetica, sans-serif;\">El candidato de MORENA-PAS a la alcald\u00eda de Culiac\u00e1n, se reuni\u00f3 con los representantes de los empresarios, en el tema de seguridad, y l\u00edderes de algunas asociaciones civiles, para buscar juntos, un plan que reduzca los \u00edndices delictivos y mejor\u00e9 la percepci\u00f3n ciudadana.<\/span><\/div>\n<div style=\"text-align: justify;\">&nbsp;<\/div>\n<div style=\"text-align: justify;\"><span style=\"font-size: 14pt; font-family: arial, helvetica, sans-serif;\"><\/span><\/div>\n<div style=\"text-align: justify;\"><span style=\"font-size: 14pt; font-family: arial, helvetica, sans-serif;\">Los asistentes ofrecieron su respaldo, conocimiento y tecnolog\u00eda en la material, para integrarse a trav\u00e9s de un consejo, a la nueva administraci\u00f3n municipal que presidir\u00e1 Estrada Ferreiro, luego de ganar la contienda electoral.&nbsp;<\/span><\/div>\n<div style=\"text-align: justify;\">&nbsp;<\/div>\n<div style=\"text-align: justify;\"><span style=\"font-size: 14pt; font-family: arial, helvetica, sans-serif;\"><\/span><\/div>\n<div style=\"text-align: justify;\"><span style=\"font-size: 14pt; font-family: arial, helvetica, sans-serif;\">\u201cAqu\u00ed no hay limitantes, todo lo que sea para sumar es bienvenido, y no es nomas de dinero, es de voluntad de querer hacer las cosas, porque no queremos que nos den dinero, que hacemos con el dinero, denos tecnolog\u00eda, denos ideas, cumplan con los protocolos de seguridad en las tiendas, en las empresas, las c\u00e1maras de video vigilancias\u201d, expres\u00f3 el candidato.&nbsp;<\/span><\/div>\n<div style=\"text-align: justify;\">&nbsp;<\/div>\n<div style=\"text-align: justify;\"><span style=\"font-size: 14pt; font-family: arial, helvetica, sans-serif;\"><\/span><\/div>\n<div style=\"text-align: justify;\"><span style=\"font-size: 14pt; font-family: arial, helvetica, sans-serif;\">Estrada Ferreiro dijo que una de las ventajas de su gobierno, es que tiene la capacidad y valor de hacer las cosas, porque no tiene temor ni compromisos con nadie, pero adem\u00e1s, posee el respaldo de Gobierno Federal, y ahora tambi\u00e9n de los empresarios, y de la ciudadan\u00eda.&nbsp;<\/span><\/div>\n<div style=\"text-align: justify;\">&nbsp;<\/div>\n<div style=\"text-align: justify;\"><span style=\"font-size: 14pt; font-family: arial, helvetica, sans-serif;\"><\/span><\/div>\n<div style=\"text-align: justify;\"><span style=\"font-size: 14pt; font-family: arial, helvetica, sans-serif;\">El candidato aprovecho la oportunidad de hablar con los representantes empresariales, para hacerles ver la importancia de cumplir con el pago de impuestos, lo que se traduce en obras y mejoras para la ciudad, incluyendo la seguridad p\u00fablica, en lo cual estuvieron de acuerdo.&nbsp;<\/span><\/div>\n<div style=\"text-align: justify;\">&nbsp;<\/div>\n<div style=\"text-align: justify;\"><span style=\"font-size: 14pt; font-family: arial, helvetica, sans-serif;\"><\/span><\/div>\n<div style=\"text-align: justify;\"><span style=\"font-size: 14pt; font-family: arial, helvetica, sans-serif;\">Uno de los compromisos de esta Mesa de Seguridad y Justicia, fue trabajar juntos para hacer que Culiac\u00e1n, deje de ser considera una de las ciudades m\u00e1s violentas, acordando dise\u00f1ar una estrategia integral, donde participen todas las \u00e1rea que puedan estar involucradas, y hacer los cambios que se requieran a nivel municipal.<\/span><\/div>\n<div style=\"text-align: justify;\">&nbsp;<\/div>\n<div style=\"text-align: justify;\">&nbsp;<\/div>\n<div style=\"text-align: justify;\"><span style=\"font-size: 14pt; font-family: arial, helvetica, sans-serif;\">REDACCI\u00d3N\/VISI\u00d3N CIUDADANA.<\/span><\/div>\n","protected":false},"excerpt":{"rendered":"<p>&nbsp; Empresarios y representantes de la ciudadan\u00eda, quienes integran la \u201cMesa de Seguridad y Justicia Culiac\u00e1n, Sinaloa, M\u00e9xico SOS\u201d, ser\u00e1n integrados a trabajar en la estrategia de seguridad p\u00fablica del Lic. Jes\u00fas Estrada Ferreiro.&nbsp; &nbsp; El candidato de MORENA-PAS a la alcald\u00eda de Culiac\u00e1n, se reuni\u00f3 con los representantes de los empresarios, en el tema [&hellip;]<\/p>\n","protected":false},"author":1,"featured_media":469,"comment_status":"closed","ping_status":"closed","sticky":false,"template":"","format":"standard","meta":{"footnotes":""},"categories":[24],"tags":[],"ppma_author":[31],"class_list":["post-16802","post","type-post","status-publish","format-standard","has-post-thumbnail","hentry","category-relevantes"],"aioseo_notices":[],"authors":[{"term_id":31,"user_id":1,"is_guest":0,"slug":"ivan3vino","display_name":"Iv\u00e1n Trevi\u00f1o","avatar_url":{"url":"https:\/\/visionciudadana.com.mx\/oficial\/wp-content\/uploads\/2025\/09\/columna-ivan-Trevino.png","url2x":"https:\/\/visionciudadana.com.mx\/oficial\/wp-content\/uploads\/2025\/09\/columna-ivan-Trevino.png"},"0":null,"1":"","2":"","3":"","4":"","5":"","6":"","7":"","8":""}],"_links":{"self":[{"href":"https:\/\/visionciudadana.com.mx\/oficial\/wp-json\/wp\/v2\/posts\/16802","targetHints":{"allow":["GET"]}}],"collection":[{"href":"https:\/\/visionciudadana.com.mx\/oficial\/wp-json\/wp\/v2\/posts"}],"about":[{"href":"https:\/\/visionciudadana.com.mx\/oficial\/wp-json\/wp\/v2\/types\/post"}],"author":[{"embeddable":true,"href":"https:\/\/visionciudadana.com.mx\/oficial\/wp-json\/wp\/v2\/users\/1"}],"replies":[{"embeddable":true,"href":"https:\/\/visionciudadana.com.mx\/oficial\/wp-json\/wp\/v2\/comments?post=16802"}],"version-history":[{"count":1,"href":"https:\/\/visionciudadana.com.mx\/oficial\/wp-json\/wp\/v2\/posts\/16802\/revisions"}],"predecessor-version":[{"id":31094,"href":"https:\/\/visionciudadana.com.mx\/oficial\/wp-json\/wp\/v2\/posts\/16802\/revisions\/31094"}],"wp:featuredmedia":[{"embeddable":true,"href":"https:\/\/visionciudadana.com.mx\/oficial\/wp-json\/wp\/v2\/posts\/469"}],"wp:attachment":[{"href":"https:\/\/visionciudadana.com.mx\/oficial\/wp-json\/wp\/v2\/media?parent=16802"}],"wp:term":[{"taxonomy":"category","embeddable":true,"href":"https:\/\/visionciudadana.com.mx\/oficial\/wp-json\/wp\/v2\/categories?post=16802"},{"taxonomy":"post_tag","embeddable":true,"href":"https:\/\/visionciudadana.com.mx\/oficial\/wp-json\/wp\/v2\/tags?post=16802"},{"taxonomy":"author","embeddable":true,"href":"https:\/\/visionciudadana.com.mx\/oficial\/wp-json\/wp\/v2\/ppma_author?post=16802"}],"curies":[{"name":"wp","href":"https:\/\/api.w.org\/{rel}","templated":true}]}}