{"id":16801,"date":"2021-04-28T21:38:53","date_gmt":"2021-04-28T21:38:53","guid":{"rendered":"https:\/\/visionciudadana.com.mx\/chio\/2021\/04\/28\/ss-instala-comite-estatal-de-calidad-en-salud\/"},"modified":"2025-06-25T00:16:20","modified_gmt":"2025-06-25T00:16:20","slug":"ss-instala-comite-estatal-de-calidad-en-salud","status":"publish","type":"post","link":"https:\/\/visionciudadana.com.mx\/oficial\/2021\/04\/28\/ss-instala-comite-estatal-de-calidad-en-salud\/","title":{"rendered":"SS instala Comit\u00e9 Estatal de Calidad en Salud"},"content":{"rendered":"<p style=\"text-align: justify;\">&nbsp;<\/p>\n<p style=\"text-align: justify;\"><img fetchpriority=\"high\" decoding=\"async\" src=\"images\/abril21\/SSA.jpg\" alt=\"SSA\" width=\"780\" height=\"420\" style=\"display: block; margin: 20px auto;\" \/><\/p>\n<p style=\"text-align: justify;\"><span lang=\"ES-MX\" style=\"font-size: 14pt; font-family: arial, helvetica, sans-serif;\"> Con la finalidad de retomar esquemas y compromisos para el mejoramiento de los controles de calidad, el sector salud publico conformado por Secretar\u00eda de Salud de Sinaloa, IMSS, ISSSTE, Hospital Civil y sector privado, instal\u00f3 el Comit\u00e9 Estatal de Calidad en Salud de Sinaloa.<\/span><\/p>\n<p style=\"text-align: justify;\">&nbsp;<\/p>\n<p style=\"text-align: justify;\"><span lang=\"ES-MX\" style=\"font-size: 14pt; font-family: arial, helvetica, sans-serif;\">Dicho comit\u00e9 fue presidido por el Dr. Efr\u00e9n Encinas Torres, Secretario de Salud de Sinaloa, quien inst\u00f3 a los integrantes del mismo a realizar trabajos de investigaci\u00f3n en las medidas de calidad que se implementan en cada instituci\u00f3n de salud, con el fin de analizar la situaci\u00f3n actual, definir normas y mejorar con ello procesos de calidad para la salud de los pacientes.<\/span><\/p>\n<p style=\"text-align: justify;\">&nbsp;<\/p>\n<p style=\"text-align: justify;\"><span lang=\"ES-MX\" style=\"font-size: 14pt; font-family: arial, helvetica, sans-serif;\">\u201cEl hablar de calidad en salud todos sabemos la importancia que tiene siempre sabemos que es trascendente llevarla, hablar de calidad en atenci\u00f3n a la salud es algo que no podemos dejarlo de lado, todos hemos sido testigos de la importancia que tiene la calidad de la salud muchos hemos ya sido directivos de muchas instituciones y como no vamos a recordar cuando nos met\u00edamos a los comit\u00e9s de seguridad para el paciente todos esos esquemas que son sumamente necesarios\u201d, manifest\u00f3.<\/span><\/p>\n<p style=\"text-align: justify;\">&nbsp;<\/p>\n<p style=\"text-align: justify;\"><span lang=\"ES-MX\" style=\"font-size: 14pt; font-family: arial, helvetica, sans-serif;\">Manifest\u00f3 que a poco m\u00e1s de un a\u00f1o de la pandemia a nivel mundial por coronavirus, ya se ten\u00edan proceso de calidad los cuales fueron reforzados por la situaci\u00f3n misma del manejo de pacientes Covid \u2013 19. Record\u00f3 que Sinaloa incluso ha participado de manera exitosa logrando reconocimientos nacionales en procesos de calidad.<\/span><\/p>\n<p style=\"text-align: justify;\">&nbsp;<\/p>\n<p style=\"text-align: justify;\"><span lang=\"ES-MX\" style=\"font-size: 14pt; font-family: arial, helvetica, sans-serif;\">De ah\u00ed, el compromiso de continuar con la misma directriz con procesos simples pero tan importantes y fundamentales como la estrategia de higiene con el lavado de manos para cuidar y proteger la salud de las y los pacientes.<\/span><\/p>\n<p style=\"text-align: justify;\">&nbsp;<\/p>\n<p style=\"text-align: justify;\">&nbsp;<\/p>\n<p style=\"text-align: justify;\"><span style=\"font-size: 14pt; font-family: arial, helvetica, sans-serif;\">REDACCI\u00d3N\/VISI\u00d3N CIUDADANA.<\/span><\/p>\n","protected":false},"excerpt":{"rendered":"<p>&nbsp; Con la finalidad de retomar esquemas y compromisos para el mejoramiento de los controles de calidad, el sector salud publico conformado por Secretar\u00eda de Salud de Sinaloa, IMSS, ISSSTE, Hospital Civil y sector privado, instal\u00f3 el Comit\u00e9 Estatal de Calidad en Salud de Sinaloa. &nbsp; Dicho comit\u00e9 fue presidido por el Dr. Efr\u00e9n Encinas [&hellip;]<\/p>\n","protected":false},"author":1,"featured_media":467,"comment_status":"closed","ping_status":"closed","sticky":false,"template":"","format":"standard","meta":{"footnotes":""},"categories":[13],"tags":[],"ppma_author":[31],"class_list":["post-16801","post","type-post","status-publish","format-standard","has-post-thumbnail","hentry","category-locales"],"aioseo_notices":[],"authors":[{"term_id":31,"user_id":1,"is_guest":0,"slug":"ivan3vino","display_name":"Iv\u00e1n Trevi\u00f1o","avatar_url":{"url":"https:\/\/visionciudadana.com.mx\/oficial\/wp-content\/uploads\/2025\/09\/columna-ivan-Trevino.png","url2x":"https:\/\/visionciudadana.com.mx\/oficial\/wp-content\/uploads\/2025\/09\/columna-ivan-Trevino.png"},"0":null,"1":"","2":"","3":"","4":"","5":"","6":"","7":"","8":""}],"_links":{"self":[{"href":"https:\/\/visionciudadana.com.mx\/oficial\/wp-json\/wp\/v2\/posts\/16801","targetHints":{"allow":["GET"]}}],"collection":[{"href":"https:\/\/visionciudadana.com.mx\/oficial\/wp-json\/wp\/v2\/posts"}],"about":[{"href":"https:\/\/visionciudadana.com.mx\/oficial\/wp-json\/wp\/v2\/types\/post"}],"author":[{"embeddable":true,"href":"https:\/\/visionciudadana.com.mx\/oficial\/wp-json\/wp\/v2\/users\/1"}],"replies":[{"embeddable":true,"href":"https:\/\/visionciudadana.com.mx\/oficial\/wp-json\/wp\/v2\/comments?post=16801"}],"version-history":[{"count":1,"href":"https:\/\/visionciudadana.com.mx\/oficial\/wp-json\/wp\/v2\/posts\/16801\/revisions"}],"predecessor-version":[{"id":31095,"href":"https:\/\/visionciudadana.com.mx\/oficial\/wp-json\/wp\/v2\/posts\/16801\/revisions\/31095"}],"wp:featuredmedia":[{"embeddable":true,"href":"https:\/\/visionciudadana.com.mx\/oficial\/wp-json\/wp\/v2\/posts\/467"}],"wp:attachment":[{"href":"https:\/\/visionciudadana.com.mx\/oficial\/wp-json\/wp\/v2\/media?parent=16801"}],"wp:term":[{"taxonomy":"category","embeddable":true,"href":"https:\/\/visionciudadana.com.mx\/oficial\/wp-json\/wp\/v2\/categories?post=16801"},{"taxonomy":"post_tag","embeddable":true,"href":"https:\/\/visionciudadana.com.mx\/oficial\/wp-json\/wp\/v2\/tags?post=16801"},{"taxonomy":"author","embeddable":true,"href":"https:\/\/visionciudadana.com.mx\/oficial\/wp-json\/wp\/v2\/ppma_author?post=16801"}],"curies":[{"name":"wp","href":"https:\/\/api.w.org\/{rel}","templated":true}]}}