{"id":16800,"date":"2021-04-28T21:32:21","date_gmt":"2021-04-28T21:32:21","guid":{"rendered":"https:\/\/visionciudadana.com.mx\/chio\/2021\/04\/28\/le-apuesto-a-los-jovenes-y-con-ellos-vamos-a-ganar-mario-zamora\/"},"modified":"2025-06-25T00:16:20","modified_gmt":"2025-06-25T00:16:20","slug":"le-apuesto-a-los-jovenes-y-con-ellos-vamos-a-ganar-mario-zamora","status":"publish","type":"post","link":"https:\/\/visionciudadana.com.mx\/oficial\/2021\/04\/28\/le-apuesto-a-los-jovenes-y-con-ellos-vamos-a-ganar-mario-zamora\/","title":{"rendered":"Le apuesto a los j\u00f3venes y con ellos vamos a ganar: Mario Zamora"},"content":{"rendered":"<p style=\"text-align: justify;\"><span style=\"font-size: 14pt; font-family: arial, helvetica, sans-serif;\"><b><img fetchpriority=\"high\" decoding=\"async\" src=\"images\/abril21\/mary_za.jpg\" alt=\"mary za\" width=\"780\" height=\"420\" style=\"display: block; margin: 20px auto;\" \/><br \/><\/b><\/span><\/p>\n<p><span style=\"font-size: 14pt; font-family: arial, helvetica, sans-serif;\">Al asistir esta ma\u00f1ana a un encuentro con j\u00f3venes empresarios y prestadoras de servicios, el candidato a gobernador de la alianza \u201cVa por Sinaloa\u201d, Mario Zamora Gast\u00e9lum reiter\u00f3 que su gobierno contar\u00e1 con el Instituto Estatal del Emprendedor, para que todo aquel que tenga una idea, cuente con las herramientas para poner en marcha su negocio.<\/span><\/p>\n<p style=\"text-align: justify;\">&nbsp;<\/p>\n<p class=\"x_gmail-MsoNoSpacing\" style=\"text-align: justify;\"><span style=\"font-size: 14pt; font-family: arial, helvetica, sans-serif;\">En el marco de esta reuni\u00f3n, abordado por los medios de comunicaci\u00f3n, Mario Zamora destac\u00f3 que, \u201cel sinaloense tiene casi en su ADN ese esp\u00edritu emprendedor de salir adelante, no ser segundo de nadie, de buscar oportunidades. Yo creo que este instituto que no solo es en t\u00e9rminos financieros, es un instituto que lo que busca es compartir informaci\u00f3n\u201d.<\/span><\/p>\n<p style=\"text-align: justify;\">&nbsp;<\/p>\n<p class=\"x_gmail-MsoNoSpacing\" style=\"text-align: justify;\"><span style=\"font-size: 14pt; font-family: arial, helvetica, sans-serif;\">En ese sentido, el pr\u00f3ximo gobernador de Sinaloa, se\u00f1al\u00f3 que en su administraci\u00f3n incluir\u00e1 a un gran n\u00famero de j\u00f3venes y mujeres, pero sobre todo, a personas que tengan la capacidad, la preparaci\u00f3n, las ganas, convicci\u00f3n y deseo de servir.<\/span><\/p>\n<p style=\"text-align: justify;\">&nbsp;<\/p>\n<p class=\"x_gmail-MsoNoSpacing\" style=\"text-align: justify;\"><span style=\"font-size: 14pt; font-family: arial, helvetica, sans-serif;\">\u201cDebo decirlo, la labor de gobierno no es sencilla, no es f\u00e1cil y menos si crees que d\u00e1ndole puestos a amigos o a compadres lo vas a hacer bien\u201d, expres\u00f3.<\/span><\/p>\n<p style=\"text-align: justify;\">&nbsp;<\/p>\n<p class=\"x_gmail-MsoNoSpacing\" style=\"text-align: justify;\"><span style=\"font-size: 14pt; font-family: arial, helvetica, sans-serif;\">El abanderado por los partidos del PRI, PRD y PAN, agreg\u00f3 que muchos j\u00f3venes ve\u00edan a la pol\u00edtica como un \u00e1rea de enga\u00f1o, de hipocres\u00eda, de traici\u00f3n, no con mucho prestigio, pero al conocer a los candidatos de la alianza \u201cVa por Sinaloa\u201d, se han ido sumando a este proyecto.<\/span><\/p>\n<p style=\"text-align: justify;\">&nbsp;<\/p>\n<p class=\"x_gmail-MsoNoSpacing\" style=\"text-align: justify;\"><span style=\"font-size: 14pt; font-family: arial, helvetica, sans-serif;\">\u201cYo le apuesto mucho a los j\u00f3venes y s\u00e9 que votando los j\u00f3venes vamos a ganar esta elecci\u00f3n y la vamos a ganar muy bien\u201d, afirm\u00f3.<\/span><\/p>\n<p style=\"text-align: justify;\">&nbsp;<\/p>\n<p class=\"x_gmail-MsoNoSpacing\" style=\"text-align: justify;\"><span style=\"font-size: 14pt; font-family: arial, helvetica, sans-serif;\">Durante la reuni\u00f3n, el aspirante al Gobierno de Sinaloa, reiter\u00f3 que su gobierno ser\u00e1 cercano y ayudar\u00e1 a la gente cuando m\u00e1s lo necesite.<\/span><\/p>\n<p style=\"text-align: justify;\">&nbsp;<\/p>\n<p class=\"x_gmail-MsoNoSpacing\" style=\"text-align: justify;\"><span style=\"font-size: 14pt; font-family: arial, helvetica, sans-serif;\">Por ello, mencion\u00f3 que realizar\u00e1 una Financiera Estatal, donde ofrecer\u00e1 cr\u00e9ditos baratos para los emprendedores, y para todo aquel que quiera salir adelante por su esfuerzo, por sus ganas y por su talento.<\/span><\/p>\n<p style=\"text-align: justify;\">&nbsp;<\/p>\n<p class=\"x_gmail-MsoNoSpacing\" style=\"text-align: justify;\"><span style=\"font-size: 14pt; font-family: arial, helvetica, sans-serif;\">En este evento, como es su costumbre, Mario Zamora estableci\u00f3 un di\u00e1logo franco, abierto y de retroalimentaci\u00f3n con los empresarios, exponi\u00e9ndoles su visi\u00f3n de mejorar el futuro de Sinaloa.<\/span><\/p>\n<p style=\"text-align: justify;\">&nbsp;<\/p>\n<p style=\"text-align: justify;\">&nbsp;<\/p>\n<p style=\"text-align: justify;\"><span style=\"font-size: 14pt; font-family: arial, helvetica, sans-serif;\">REDACCI\u00d3N\/VISI\u00d3N CIUDADANA.<\/span><\/p>\n","protected":false},"excerpt":{"rendered":"<p>Al asistir esta ma\u00f1ana a un encuentro con j\u00f3venes empresarios y prestadoras de servicios, el candidato a gobernador de la alianza \u201cVa por Sinaloa\u201d, Mario Zamora Gast\u00e9lum reiter\u00f3 que su gobierno contar\u00e1 con el Instituto Estatal del Emprendedor, para que todo aquel que tenga una idea, cuente con las herramientas para poner en marcha su [&hellip;]<\/p>\n","protected":false},"author":1,"featured_media":465,"comment_status":"closed","ping_status":"closed","sticky":false,"template":"","format":"standard","meta":{"footnotes":""},"categories":[24],"tags":[],"ppma_author":[31],"class_list":["post-16800","post","type-post","status-publish","format-standard","has-post-thumbnail","hentry","category-relevantes"],"aioseo_notices":[],"authors":[{"term_id":31,"user_id":1,"is_guest":0,"slug":"ivan3vino","display_name":"Iv\u00e1n Trevi\u00f1o","avatar_url":{"url":"https:\/\/visionciudadana.com.mx\/oficial\/wp-content\/uploads\/2025\/09\/columna-ivan-Trevino.png","url2x":"https:\/\/visionciudadana.com.mx\/oficial\/wp-content\/uploads\/2025\/09\/columna-ivan-Trevino.png"},"0":null,"1":"","2":"","3":"","4":"","5":"","6":"","7":"","8":""}],"_links":{"self":[{"href":"https:\/\/visionciudadana.com.mx\/oficial\/wp-json\/wp\/v2\/posts\/16800","targetHints":{"allow":["GET"]}}],"collection":[{"href":"https:\/\/visionciudadana.com.mx\/oficial\/wp-json\/wp\/v2\/posts"}],"about":[{"href":"https:\/\/visionciudadana.com.mx\/oficial\/wp-json\/wp\/v2\/types\/post"}],"author":[{"embeddable":true,"href":"https:\/\/visionciudadana.com.mx\/oficial\/wp-json\/wp\/v2\/users\/1"}],"replies":[{"embeddable":true,"href":"https:\/\/visionciudadana.com.mx\/oficial\/wp-json\/wp\/v2\/comments?post=16800"}],"version-history":[{"count":1,"href":"https:\/\/visionciudadana.com.mx\/oficial\/wp-json\/wp\/v2\/posts\/16800\/revisions"}],"predecessor-version":[{"id":31096,"href":"https:\/\/visionciudadana.com.mx\/oficial\/wp-json\/wp\/v2\/posts\/16800\/revisions\/31096"}],"wp:featuredmedia":[{"embeddable":true,"href":"https:\/\/visionciudadana.com.mx\/oficial\/wp-json\/wp\/v2\/posts\/465"}],"wp:attachment":[{"href":"https:\/\/visionciudadana.com.mx\/oficial\/wp-json\/wp\/v2\/media?parent=16800"}],"wp:term":[{"taxonomy":"category","embeddable":true,"href":"https:\/\/visionciudadana.com.mx\/oficial\/wp-json\/wp\/v2\/categories?post=16800"},{"taxonomy":"post_tag","embeddable":true,"href":"https:\/\/visionciudadana.com.mx\/oficial\/wp-json\/wp\/v2\/tags?post=16800"},{"taxonomy":"author","embeddable":true,"href":"https:\/\/visionciudadana.com.mx\/oficial\/wp-json\/wp\/v2\/ppma_author?post=16800"}],"curies":[{"name":"wp","href":"https:\/\/api.w.org\/{rel}","templated":true}]}}