{"id":16799,"date":"2021-04-28T21:08:35","date_gmt":"2021-04-28T21:08:35","guid":{"rendered":"https:\/\/visionciudadana.com.mx\/chio\/2021\/04\/28\/coepriss-pone-en-marcha-operativo-de-vigilancia-y-fomento-sanitario-con-motivo-del-dia-del-nino-y-la-nina\/"},"modified":"2025-06-25T00:16:20","modified_gmt":"2025-06-25T00:16:20","slug":"coepriss-pone-en-marcha-operativo-de-vigilancia-y-fomento-sanitario-con-motivo-del-dia-del-nino-y-la-nina","status":"publish","type":"post","link":"https:\/\/visionciudadana.com.mx\/oficial\/2021\/04\/28\/coepriss-pone-en-marcha-operativo-de-vigilancia-y-fomento-sanitario-con-motivo-del-dia-del-nino-y-la-nina\/","title":{"rendered":"Coepriss pone en marcha operativo de vigilancia y fomento sanitario con motivo del D\u00eda del Ni\u00f1o y la Ni\u00f1a"},"content":{"rendered":"<p><img decoding=\"async\" src=\"images\/abril21\/ni\u00f1o_y_ni\u00f1a.jpg\" alt=\"ni\u00f1o y ni\u00f1a\" style=\"display: block; margin: 20px auto;\" \/><\/p>\n<div>\n<p class=\"x_MsoNormal\"><b><span style=\"font-family: verdana, sans-serif; font-size: large;\"><\/span><\/b><\/p>\n<p class=\"x_MsoNormal\" style=\"text-align: justify;\"><span style=\"font-family: arial, helvetica, sans-serif; font-size: 14pt;\">En el marco de los festejos del D\u00eda del Ni\u00f1o, la Secretar\u00eda de Salud, a trav\u00e9s de la Comisi\u00f3n Estatal para la Protecci\u00f3n contra Riesgos Sanitarios de Sinaloa (Coepriss), ha puesto en marcha un operativo de vigilancia y fomento sanitario en la entidad para evitar aglomeraciones de personas en establecimientos comerciales y en la v\u00eda p\u00fablica, as\u00ed como supervisar el cumplimiento de los protocolos sanitarios para prevenir el contagio del SARS-Cov-2, virus causante del COVID-19.<\/span><\/p>\n<p style=\"text-align: justify;\">&nbsp;<\/p>\n<p class=\"x_MsoNormal\" style=\"text-align: justify;\"><span style=\"font-family: arial, helvetica, sans-serif; font-size: 14pt;\">El comisionado Jorge Alan Urbina Vidales anunci\u00f3 que este operativo ser\u00e1 permanente con motivo de las celebraciones del D\u00eda del Ni\u00f1o el viernes 30 de abril, D\u00eda de la Madre el lunes 10 de mayo y D\u00eda del Padre el domingo 20 de junio, ya que previo a estas fechas, durante y en d\u00edas posteriores se registra un sensible incremento en la movilidad de las personas por lo que se ha establecido una sinton\u00eda con los 18 Ayuntamientos de Sinaloa, para la realizaci\u00f3n de operativos coordinados que cuiden el respeto a las medidas sanitarias.<\/span><\/p>\n<p style=\"text-align: justify;\">&nbsp;<\/p>\n<p class=\"x_MsoNormal\" style=\"text-align: justify;\"><span style=\"font-family: arial, helvetica, sans-serif; font-size: 14pt;\">El titular de Coepriss hizo un llamado a la poblaci\u00f3n a actuar con responsabilidad considerando los antecedentes de las celebraciones en 2020 en plena pandemia. \u201cEl patr\u00f3n de conducta que se prev\u00e9 este 30 de abril con motivo del D\u00eda del Ni\u00f1o y la Ni\u00f1a es de m\u00e1s civilidad por parte de clientes y comerciantes porque invariablemente el consumo aumenta\u201d, coment\u00f3.<\/span><\/p>\n<p style=\"text-align: justify;\">&nbsp;<\/p>\n<p class=\"x_MsoNormal\" style=\"text-align: justify;\"><span style=\"font-family: arial, helvetica, sans-serif; font-size: 14pt;\">\u201cDe manera general se supervisar\u00e1 el funcionamiento de los filtros sanitarios con toma de temperatura y disposici\u00f3n de gel antibacterial, uso obligatorio de cubrebocas, aforo limitado, respeto a la sana distancia con mesas separadas, se\u00f1al\u00e9tica, tapete sanitizante y lavado de manos para disminuir los riesgos de transmisi\u00f3n del virus SARS-CoV-2\u201d, inform\u00f3.<\/span><\/p>\n<p style=\"text-align: justify;\">&nbsp;<\/p>\n<p class=\"x_MsoNormal\" style=\"text-align: justify;\"><span style=\"font-family: arial, helvetica, sans-serif; font-size: 14pt;\">Precis\u00f3 que se permitir\u00e1 el acceso de ni\u00f1os y ni\u00f1as a los restaurantes pero con el estricto cumplimiento de los protocolos sanitarios y con las disposiciones de que permanezcan en su asiento al lado de su familia sin dispersi\u00f3n por las Instalaciones del restaurante y que los espacios de juego permanezcan cerrados para evitar contaminaci\u00f3n cruzada.<\/span><\/p>\n<p style=\"text-align: justify;\">&nbsp;<\/p>\n<p class=\"x_MsoNormal\" style=\"text-align: justify;\"><span style=\"font-family: arial, helvetica, sans-serif; font-size: 14pt;\">Jorge Alan Urbina Vidales expres\u00f3 que el D\u00eda del Ni\u00f1o, el D\u00eda de la Madre y el D\u00eda del Padre son d\u00edas en que aumenta el consumo y la movilidad de las familias lo que implica un riesgo y obliga al cumplimiento de los protocolos sanitarios donde destaca el tri\u00e1ngulo de la vida que consiste en uso de cubrebocas, sana distancia y lavado de manos o aplicaci\u00f3n de gel antibacterial. \u201cTenemos que modificar los patrones habituales de vida y aprender de la experiencia para cuidar nuestra salud\u201d, dijo.<\/span><\/p>\n<p style=\"text-align: justify;\">&nbsp;<\/p>\n<p class=\"x_MsoNormal\" style=\"text-align: justify;\"><span style=\"font-family: arial, helvetica, sans-serif; font-size: 14pt;\">Subray\u00f3 que las medidas son establecidas por acuerdo federal, recomendaci\u00f3n del Consejo de Seguridad en Salud y en t\u00e9rminos de la Ley de Salud del Estado para prevenir la movilidad que se genera en estas fechas en los panteones, florer\u00edas y negocios de comida.<\/span><\/p>\n<p style=\"text-align: justify;\">&nbsp;<\/p>\n<p class=\"x_MsoNormal\" style=\"text-align: justify;\"><span style=\"font-family: arial, helvetica, sans-serif; font-size: 14pt;\">Advirti\u00f3 que se sancionar\u00e1 administrativamente y puede dar lugar a la suspensi\u00f3n temporal o clausura total e inmediata a quienes no acaten las medidas de seguridad sanitaria y permitan aglomeraciones o la venta a quienes no porten cubre bocas o no respeten los protocolos establecidos.<\/span><\/p>\n<p style=\"text-align: justify;\">&nbsp;<\/p>\n<p class=\"x_MsoNormal\" style=\"text-align: justify;\"><span style=\"font-family: arial, helvetica, sans-serif; font-size: 14pt;\">Expuso que estas acciones se llevar\u00e1n a cabo con brigadas sanitarias de Coepriss pero contar\u00e1n con el apoyo auxiliar en la inspecci\u00f3n y supervisi\u00f3n de las medidas de protecci\u00f3n sanitaria establecidas con las autoridades del Instituto Estatal de Protecci\u00f3n Civil y las de las dependencias de Protecci\u00f3n Civil de los municipios.<\/span><\/p>\n<p style=\"text-align: justify;\">&nbsp;<\/p>\n<p class=\"x_MsoNormal\" style=\"text-align: justify;\"><span style=\"font-family: arial, helvetica, sans-serif; font-size: 14pt;\">Tambi\u00e9n apoyar\u00e1n el operativo la Secretar\u00eda de Seguridad P\u00fablica del Estado y las secretar\u00edas o direcciones de Seguridad P\u00fablica de los municipios, y los Inspectores de la Direcci\u00f3n y Vigilancia del Estado de Sinaloa, as\u00ed como de las dependencias de Inspecci\u00f3n y Vigilancia de los Ayuntamientos.<\/span><\/p>\n<p style=\"text-align: justify;\">&nbsp;<\/p>\n<p class=\"x_MsoNormal\" style=\"text-align: justify;\"><span style=\"font-family: arial, helvetica, sans-serif; font-size: 14pt;\">\u201cNuestro prop\u00f3sito fundamental es garantizar el cumplimiento de las medidas de protecci\u00f3n sanitaria para evitar la propagaci\u00f3n del Covid-19 y por eso hemos fortalecido el operativo en una coordinaci\u00f3n interinstitucional entre el Gobierno del Estado y los Ayuntamientos\u201d, concluy\u00f3.<\/span><\/p>\n<p style=\"text-align: justify;\">&nbsp;<\/p>\n<p style=\"text-align: justify;\">&nbsp;<\/p>\n<p style=\"text-align: justify;\"><span style=\"font-size: 14pt; font-family: arial, helvetica, sans-serif;\">REDACCI\u00d3N\/VISI\u00d3N CIUDADANA.<\/span><\/p>\n<\/div>\n<div style=\"text-align: justify;\"><span style=\"font-size: 14pt; font-family: arial, helvetica, sans-serif;\"><\/span><\/div>\n","protected":false},"excerpt":{"rendered":"<p>En el marco de los festejos del D\u00eda del Ni\u00f1o, la Secretar\u00eda de Salud, a trav\u00e9s de la Comisi\u00f3n Estatal para la Protecci\u00f3n contra Riesgos Sanitarios de Sinaloa (Coepriss), ha puesto en marcha un operativo de vigilancia y fomento sanitario en la entidad para evitar aglomeraciones de personas en establecimientos comerciales y en la v\u00eda [&hellip;]<\/p>\n","protected":false},"author":1,"featured_media":463,"comment_status":"closed","ping_status":"closed","sticky":false,"template":"","format":"standard","meta":{"footnotes":""},"categories":[24],"tags":[],"ppma_author":[31],"class_list":["post-16799","post","type-post","status-publish","format-standard","has-post-thumbnail","hentry","category-relevantes"],"aioseo_notices":[],"authors":[{"term_id":31,"user_id":1,"is_guest":0,"slug":"ivan3vino","display_name":"Iv\u00e1n Trevi\u00f1o","avatar_url":{"url":"https:\/\/visionciudadana.com.mx\/oficial\/wp-content\/uploads\/2025\/09\/columna-ivan-Trevino.png","url2x":"https:\/\/visionciudadana.com.mx\/oficial\/wp-content\/uploads\/2025\/09\/columna-ivan-Trevino.png"},"0":null,"1":"","2":"","3":"","4":"","5":"","6":"","7":"","8":""}],"_links":{"self":[{"href":"https:\/\/visionciudadana.com.mx\/oficial\/wp-json\/wp\/v2\/posts\/16799","targetHints":{"allow":["GET"]}}],"collection":[{"href":"https:\/\/visionciudadana.com.mx\/oficial\/wp-json\/wp\/v2\/posts"}],"about":[{"href":"https:\/\/visionciudadana.com.mx\/oficial\/wp-json\/wp\/v2\/types\/post"}],"author":[{"embeddable":true,"href":"https:\/\/visionciudadana.com.mx\/oficial\/wp-json\/wp\/v2\/users\/1"}],"replies":[{"embeddable":true,"href":"https:\/\/visionciudadana.com.mx\/oficial\/wp-json\/wp\/v2\/comments?post=16799"}],"version-history":[{"count":1,"href":"https:\/\/visionciudadana.com.mx\/oficial\/wp-json\/wp\/v2\/posts\/16799\/revisions"}],"predecessor-version":[{"id":31097,"href":"https:\/\/visionciudadana.com.mx\/oficial\/wp-json\/wp\/v2\/posts\/16799\/revisions\/31097"}],"wp:featuredmedia":[{"embeddable":true,"href":"https:\/\/visionciudadana.com.mx\/oficial\/wp-json\/wp\/v2\/posts\/463"}],"wp:attachment":[{"href":"https:\/\/visionciudadana.com.mx\/oficial\/wp-json\/wp\/v2\/media?parent=16799"}],"wp:term":[{"taxonomy":"category","embeddable":true,"href":"https:\/\/visionciudadana.com.mx\/oficial\/wp-json\/wp\/v2\/categories?post=16799"},{"taxonomy":"post_tag","embeddable":true,"href":"https:\/\/visionciudadana.com.mx\/oficial\/wp-json\/wp\/v2\/tags?post=16799"},{"taxonomy":"author","embeddable":true,"href":"https:\/\/visionciudadana.com.mx\/oficial\/wp-json\/wp\/v2\/ppma_author?post=16799"}],"curies":[{"name":"wp","href":"https:\/\/api.w.org\/{rel}","templated":true}]}}