{"id":16798,"date":"2021-04-28T21:03:12","date_gmt":"2021-04-28T21:03:12","guid":{"rendered":"https:\/\/visionciudadana.com.mx\/chio\/2021\/04\/28\/definen-lineas-de-accion-para-prevenir-contagios-durante-los-festejos-del-dia-del-nino-y-el-dia-de-la-madres\/"},"modified":"2025-06-25T00:16:20","modified_gmt":"2025-06-25T00:16:20","slug":"definen-lineas-de-accion-para-prevenir-contagios-durante-los-festejos-del-dia-del-nino-y-el-dia-de-la-madres","status":"publish","type":"post","link":"https:\/\/visionciudadana.com.mx\/oficial\/2021\/04\/28\/definen-lineas-de-accion-para-prevenir-contagios-durante-los-festejos-del-dia-del-nino-y-el-dia-de-la-madres\/","title":{"rendered":"Definen l\u00edneas de acci\u00f3n para prevenir contagios durante los festejos del D\u00eda del Ni\u00f1o y el D\u00eda de la Madres"},"content":{"rendered":"<p>&nbsp;<\/p>\n<p><img fetchpriority=\"high\" decoding=\"async\" src=\"images\/abril21\/definen_l\u00edneas.jpg\" alt=\"definen l\u00edneas\" width=\"780\" height=\"420\" style=\"display: block; margin: 20px auto;\" \/><\/p>\n<p class=\"x_MsoNormal\" style=\"text-align: justify;\"><span lang=\"ES\" style=\"font-size: 14pt; font-family: arial, helvetica, sans-serif;\">A fin de promover el orden durante las festividades con motivo del D\u00eda del Ni\u00f1o y el D\u00eda de las Madres, el alcalde M.C. Miguel \u00c1ngel Gonz\u00e1lez Cervantes, defini\u00f3 junto a su equipo una serie lineamientos para hacer que se cumplan las diferentes medidas preventivas correspondientes a los protocolos de sanidad enfocados a reducir los riesgos de contagio por Covid-19.<\/span><\/p>\n<p style=\"text-align: justify;\">&nbsp;<\/p>\n<p class=\"x_MsoNormal\" style=\"text-align: justify;\"><span lang=\"ES\" style=\"font-size: 14pt; font-family: arial, helvetica, sans-serif;\">Tras manifestar que la capital sinaloense se mantiene en color rojo dentro del Sem\u00e1foro de Riesgo Epidemiol\u00f3gico, el primer edil destac\u00f3 la importancia de no bajar la guardia ante la actual contingencia sanitaria, por lo que se intensificar\u00e1n las acciones preventivas durante las pr\u00f3ximas festividades.<\/span><\/p>\n<p style=\"text-align: justify;\">&nbsp;<\/p>\n<p class=\"x_MsoNormal\" style=\"text-align: justify;\"><span lang=\"ES\" style=\"font-size: 14pt; font-family: arial, helvetica, sans-serif;\">Reunidos en la sala de cabildo, directores y titular de diferentes \u00e1reas del Gobierno de Culiac\u00e1n, como lo son Mercados y Comercio en la V\u00eda P\u00fablica, Inspecci\u00f3n y Vigilancia, Secretar\u00eda de Seguridad P\u00fablica y Tr\u00e1nsito Municipal, Protecci\u00f3n Civil, Coordinaci\u00f3n Municipal de Salud, Secretar\u00eda del Ayuntamiento, entre otras; acordaron sumar esfuerzos para evitar aglomeraciones y\/o situaciones que pongan en riesgo la salud de la poblaci\u00f3n.<\/span><\/p>\n<p style=\"text-align: justify;\">&nbsp;<\/p>\n<p class=\"x_MsoNormal\" style=\"text-align: justify;\"><span lang=\"ES\" style=\"font-size: 14pt; font-family: arial, helvetica, sans-serif;\">Entre las medidas acordadas a implementar en estas pr\u00f3ximas fechas se contempla mantener la restricci\u00f3n en restaurantes (que no son de comida r\u00e1pida) con una capacidad controlada, uso de gel y cubrebocas, no permitiendo la entrada a ni\u00f1os ni adultos mayores.<\/span><\/p>\n<p style=\"text-align: justify;\">&nbsp;<\/p>\n<p class=\"x_MsoNormal\" style=\"text-align: justify;\"><span lang=\"ES\" style=\"font-size: 14pt; font-family: arial, helvetica, sans-serif;\">Asimismo, se exhorta a los propietarios de pasteler\u00edas y establecimientos de comida r\u00e1pida a evitar filas y buscar estrategias para entrega en el veh\u00edculo del cliente o a domicilio, de tal forma que se eviten aglomeraciones afuera de dichos comercios.<\/span><\/p>\n<p style=\"text-align: justify;\">&nbsp;<\/p>\n<p class=\"x_MsoNormal\" style=\"text-align: justify;\"><span lang=\"ES\" style=\"font-size: 14pt; font-family: arial, helvetica, sans-serif;\">A quienes acudan a los panteones, se les hace un llamado a procurar visitarlos desde dos d\u00edas antes y dos d\u00edas despu\u00e9s de estas fechas, o bien hacer sus altares en sus domicilios para reducir la afluencia de personas en estos espacios.<\/span><\/p>\n<p style=\"text-align: justify;\">&nbsp;<\/p>\n<p class=\"x_MsoNormal\" style=\"text-align: justify;\"><span lang=\"ES\" style=\"font-size: 14pt; font-family: arial, helvetica, sans-serif;\">Finalmente, el acceso a los camposantos ser\u00e1 limitado y no se permitir\u00e1 la entrada de ni\u00f1os ni adultos mayores, tampoco se permitir\u00e1 m\u00fasica e ingreso de bebidas alcoh\u00f3licas, el cubrebocas es obligatorio y se tendr\u00e1 como m\u00e1ximo 1 hora de permanencia, en tanto el comercio de la v\u00eda p\u00fablica no podr\u00e1 instalarse en los accesos y salidas de los panteones.<\/span><\/p>\n<p style=\"text-align: justify;\">&nbsp;<\/p>\n<p style=\"text-align: justify;\">&nbsp;<\/p>\n<p style=\"text-align: justify;\"><span style=\"font-size: 14pt; font-family: arial, helvetica, sans-serif;\">REDACCI\u00d3N\/VISI\u00d3N CIUDADANA.<\/span><\/p>\n","protected":false},"excerpt":{"rendered":"<p>&nbsp; A fin de promover el orden durante las festividades con motivo del D\u00eda del Ni\u00f1o y el D\u00eda de las Madres, el alcalde M.C. Miguel \u00c1ngel Gonz\u00e1lez Cervantes, defini\u00f3 junto a su equipo una serie lineamientos para hacer que se cumplan las diferentes medidas preventivas correspondientes a los protocolos de sanidad enfocados a reducir [&hellip;]<\/p>\n","protected":false},"author":1,"featured_media":461,"comment_status":"closed","ping_status":"closed","sticky":false,"template":"","format":"standard","meta":{"footnotes":""},"categories":[13],"tags":[],"ppma_author":[31],"class_list":["post-16798","post","type-post","status-publish","format-standard","has-post-thumbnail","hentry","category-locales"],"aioseo_notices":[],"authors":[{"term_id":31,"user_id":1,"is_guest":0,"slug":"ivan3vino","display_name":"Iv\u00e1n Trevi\u00f1o","avatar_url":{"url":"https:\/\/visionciudadana.com.mx\/oficial\/wp-content\/uploads\/2025\/09\/columna-ivan-Trevino.png","url2x":"https:\/\/visionciudadana.com.mx\/oficial\/wp-content\/uploads\/2025\/09\/columna-ivan-Trevino.png"},"0":null,"1":"","2":"","3":"","4":"","5":"","6":"","7":"","8":""}],"_links":{"self":[{"href":"https:\/\/visionciudadana.com.mx\/oficial\/wp-json\/wp\/v2\/posts\/16798","targetHints":{"allow":["GET"]}}],"collection":[{"href":"https:\/\/visionciudadana.com.mx\/oficial\/wp-json\/wp\/v2\/posts"}],"about":[{"href":"https:\/\/visionciudadana.com.mx\/oficial\/wp-json\/wp\/v2\/types\/post"}],"author":[{"embeddable":true,"href":"https:\/\/visionciudadana.com.mx\/oficial\/wp-json\/wp\/v2\/users\/1"}],"replies":[{"embeddable":true,"href":"https:\/\/visionciudadana.com.mx\/oficial\/wp-json\/wp\/v2\/comments?post=16798"}],"version-history":[{"count":1,"href":"https:\/\/visionciudadana.com.mx\/oficial\/wp-json\/wp\/v2\/posts\/16798\/revisions"}],"predecessor-version":[{"id":31098,"href":"https:\/\/visionciudadana.com.mx\/oficial\/wp-json\/wp\/v2\/posts\/16798\/revisions\/31098"}],"wp:featuredmedia":[{"embeddable":true,"href":"https:\/\/visionciudadana.com.mx\/oficial\/wp-json\/wp\/v2\/posts\/461"}],"wp:attachment":[{"href":"https:\/\/visionciudadana.com.mx\/oficial\/wp-json\/wp\/v2\/media?parent=16798"}],"wp:term":[{"taxonomy":"category","embeddable":true,"href":"https:\/\/visionciudadana.com.mx\/oficial\/wp-json\/wp\/v2\/categories?post=16798"},{"taxonomy":"post_tag","embeddable":true,"href":"https:\/\/visionciudadana.com.mx\/oficial\/wp-json\/wp\/v2\/tags?post=16798"},{"taxonomy":"author","embeddable":true,"href":"https:\/\/visionciudadana.com.mx\/oficial\/wp-json\/wp\/v2\/ppma_author?post=16798"}],"curies":[{"name":"wp","href":"https:\/\/api.w.org\/{rel}","templated":true}]}}