{"id":16797,"date":"2021-04-28T20:53:56","date_gmt":"2021-04-28T20:53:56","guid":{"rendered":"https:\/\/visionciudadana.com.mx\/chio\/2021\/04\/28\/hector-melesio-cuen-ojeda-recibe-a-felipe-parada-valdivia-y-100-personas-mas-que-lo-acompanan-como-nuevos-militantes-del-pas\/"},"modified":"2025-06-25T00:16:20","modified_gmt":"2025-06-25T00:16:20","slug":"hector-melesio-cuen-ojeda-recibe-a-felipe-parada-valdivia-y-100-personas-mas-que-lo-acompanan-como-nuevos-militantes-del-pas","status":"publish","type":"post","link":"https:\/\/visionciudadana.com.mx\/oficial\/2021\/04\/28\/hector-melesio-cuen-ojeda-recibe-a-felipe-parada-valdivia-y-100-personas-mas-que-lo-acompanan-como-nuevos-militantes-del-pas\/","title":{"rendered":"H\u00e9ctor Melesio Cu\u00e9n Ojeda recibe a Felipe Parada Valdivia y 100 personas m\u00e1s que lo acompa\u00f1an como nuevos militantes del PAS."},"content":{"rendered":"<p>&nbsp;<\/p>\n<div><img fetchpriority=\"high\" decoding=\"async\" src=\"images\/abril21\/pas-mor.jpg\" alt=\"pas mor\" width=\"780\" height=\"420\" style=\"display: block; margin: 20px auto;\" \/><\/div>\n<div style=\"text-align: justify;\"><span style=\"font-size: 14pt; font-family: arial, helvetica, sans-serif;\">En la ciudad de Mazatl\u00e1n y de frente a los medios de comunicaci\u00f3n, Felipe Parada acompa\u00f1ado de 100 personas se incorporan a la militancia del Partido Sinaloense. Los nuevos integrantes del PAS militaron entre 20-25 a\u00f1os en el PAN, sin embargo, en su valoraci\u00f3n el Partido Sinaloense es un partido con principios, con ideolog\u00eda que se ven plasmados en sus documentos b\u00e1sicos, y que lo \u00fanico que nos interesa es el ofrecimiento que nos hacen de la inclusi\u00f3n en sus filas, de oportunidad para trabajar por la comunidad como lo sabemos hacer, es decir de darle el lugar que se merece a la gente.<\/span><\/div>\n<div style=\"text-align: justify;\">&nbsp;<\/div>\n<div style=\"text-align: justify;\">&nbsp;<\/div>\n<div style=\"text-align: justify;\"><span style=\"font-size: 14pt; font-family: arial, helvetica, sans-serif;\">Cu\u00e9n Ojeda estuvo acompa\u00f1ado por Luis Guillermo Ben\u00edtez \u201cEl Qu\u00edmico\u201d que aspira a seguir gobernando Mazatl\u00e1n por la unidad PAS-MORENA, Am\u00e9rica Carrasco presidenta del CDM de ese municipio y Rafael Mendoza Zatarain, delegado pol\u00edtico del PAS en el sur del estado.<\/span><\/div>\n<div style=\"text-align: justify;\">&nbsp;<\/div>\n<div style=\"text-align: justify;\">&nbsp;<\/div>\n<div style=\"text-align: justify;\"><span style=\"font-size: 14pt; font-family: arial, helvetica, sans-serif;\">El PAS se reserva el derecho de admisi\u00f3n, recibimos y aceptamos la incorporaci\u00f3n de gente que verdaderamente tenga ganas de trabajar con la din\u00e1mica con que lo hacemos en el partido, de que comparta la ideolog\u00eda que nos caracteriza, es por ello que me es muy grato recibir a Felipe ParadaEE, su familia y a toda la gente que lo acompa\u00f1a en este momento, las puertas del PAS est\u00e1n abiertas para ustedes, fue la forma en que se expres\u00f3 Cu\u00e9n Ojeda.<\/span><\/div>\n<div style=\"text-align: justify;\">&nbsp;<\/div>\n<div style=\"text-align: justify;\">&nbsp;<\/div>\n<div style=\"text-align: justify;\"><span style=\"font-size: 14pt; font-family: arial, helvetica, sans-serif;\">A pregunta de los medios sobre como van en las encuestas, Cu\u00e9n Ojeda inform\u00f3 que en el partido tenemos nuestros propios instrumentos de medici\u00f3n, y la \u00faltima encuesta que realizamos fue del 20 al 21 de abril, haci\u00e9ndolo cara a cara en los 18 municipios y los 24 distritos electorales. Aqu\u00ed en Mazatl\u00e1n los resultados son los siguientes: \u201cEl Qu\u00edmico con 53.31 %; Fernando Pucheta con 34.52 %, Mart\u00edn Heredia con 5.73 %, y el resto se ubica entre los dem\u00e1s candidatos. El 1\u00b0 de mayo inicia la segunda de tres encuestas que realizaremos.<\/span><\/div>\n<div style=\"text-align: justify;\">&nbsp;<\/div>\n<div style=\"text-align: justify;\">&nbsp;<\/div>\n<div style=\"text-align: justify;\"><span style=\"font-size: 14pt; font-family: arial, helvetica, sans-serif;\">Por \u00faltimo, Cu\u00e9n Ojeda inform\u00f3 que est\u00e1 acompa\u00f1ando al Dr. Rub\u00e9n Rocha Moya en su candidatura a gobernador de Sinaloa, que ya se han realizado dos vueltas al estado, que se ha encontrado un ambiente de la poblaci\u00f3n de claro apoyo a Rocha Moya y que no tiene la menor duda de que ser\u00e1 el pr\u00f3ximo gobernador.&nbsp;&nbsp;<\/span><\/div>\n<div style=\"text-align: justify;\">&nbsp;<\/div>\n<div style=\"text-align: justify;\">&nbsp;<\/div>\n<div style=\"text-align: justify;\">&nbsp;<\/div>\n<div style=\"text-align: justify;\"><span style=\"font-size: 14pt; font-family: arial, helvetica, sans-serif;\">REDACCI\u00d3N\/VISI\u00d3N CIUDADANA.<\/span><\/div>\n","protected":false},"excerpt":{"rendered":"<p>&nbsp; En la ciudad de Mazatl\u00e1n y de frente a los medios de comunicaci\u00f3n, Felipe Parada acompa\u00f1ado de 100 personas se incorporan a la militancia del Partido Sinaloense. Los nuevos integrantes del PAS militaron entre 20-25 a\u00f1os en el PAN, sin embargo, en su valoraci\u00f3n el Partido Sinaloense es un partido con principios, con ideolog\u00eda [&hellip;]<\/p>\n","protected":false},"author":1,"featured_media":459,"comment_status":"closed","ping_status":"closed","sticky":false,"template":"","format":"standard","meta":{"footnotes":""},"categories":[24],"tags":[],"ppma_author":[31],"class_list":["post-16797","post","type-post","status-publish","format-standard","has-post-thumbnail","hentry","category-relevantes"],"aioseo_notices":[],"authors":[{"term_id":31,"user_id":1,"is_guest":0,"slug":"ivan3vino","display_name":"Iv\u00e1n Trevi\u00f1o","avatar_url":{"url":"https:\/\/visionciudadana.com.mx\/oficial\/wp-content\/uploads\/2025\/09\/columna-ivan-Trevino.png","url2x":"https:\/\/visionciudadana.com.mx\/oficial\/wp-content\/uploads\/2025\/09\/columna-ivan-Trevino.png"},"0":null,"1":"","2":"","3":"","4":"","5":"","6":"","7":"","8":""}],"_links":{"self":[{"href":"https:\/\/visionciudadana.com.mx\/oficial\/wp-json\/wp\/v2\/posts\/16797","targetHints":{"allow":["GET"]}}],"collection":[{"href":"https:\/\/visionciudadana.com.mx\/oficial\/wp-json\/wp\/v2\/posts"}],"about":[{"href":"https:\/\/visionciudadana.com.mx\/oficial\/wp-json\/wp\/v2\/types\/post"}],"author":[{"embeddable":true,"href":"https:\/\/visionciudadana.com.mx\/oficial\/wp-json\/wp\/v2\/users\/1"}],"replies":[{"embeddable":true,"href":"https:\/\/visionciudadana.com.mx\/oficial\/wp-json\/wp\/v2\/comments?post=16797"}],"version-history":[{"count":1,"href":"https:\/\/visionciudadana.com.mx\/oficial\/wp-json\/wp\/v2\/posts\/16797\/revisions"}],"predecessor-version":[{"id":31099,"href":"https:\/\/visionciudadana.com.mx\/oficial\/wp-json\/wp\/v2\/posts\/16797\/revisions\/31099"}],"wp:featuredmedia":[{"embeddable":true,"href":"https:\/\/visionciudadana.com.mx\/oficial\/wp-json\/wp\/v2\/posts\/459"}],"wp:attachment":[{"href":"https:\/\/visionciudadana.com.mx\/oficial\/wp-json\/wp\/v2\/media?parent=16797"}],"wp:term":[{"taxonomy":"category","embeddable":true,"href":"https:\/\/visionciudadana.com.mx\/oficial\/wp-json\/wp\/v2\/categories?post=16797"},{"taxonomy":"post_tag","embeddable":true,"href":"https:\/\/visionciudadana.com.mx\/oficial\/wp-json\/wp\/v2\/tags?post=16797"},{"taxonomy":"author","embeddable":true,"href":"https:\/\/visionciudadana.com.mx\/oficial\/wp-json\/wp\/v2\/ppma_author?post=16797"}],"curies":[{"name":"wp","href":"https:\/\/api.w.org\/{rel}","templated":true}]}}