{"id":16796,"date":"2021-04-28T20:47:47","date_gmt":"2021-04-28T20:47:47","guid":{"rendered":"https:\/\/visionciudadana.com.mx\/chio\/2021\/04\/28\/sin-soberbia-y-trabajando-mas-asume-rocha-moya-su-enorme-ventaja-en-las-encuestas\/"},"modified":"2025-06-25T00:16:20","modified_gmt":"2025-06-25T00:16:20","slug":"sin-soberbia-y-trabajando-mas-asume-rocha-moya-su-enorme-ventaja-en-las-encuestas","status":"publish","type":"post","link":"https:\/\/visionciudadana.com.mx\/oficial\/2021\/04\/28\/sin-soberbia-y-trabajando-mas-asume-rocha-moya-su-enorme-ventaja-en-las-encuestas\/","title":{"rendered":"Sin soberbia y trabajando m\u00e1s, asume Rocha Moya su enorme ventaja en las encuesta"},"content":{"rendered":"<p style=\"text-align: justify;\"><img decoding=\"async\" src=\"images\/abril21\/rocha6.jpg\" alt=\"rocha6\" style=\"display: block; margin: 20px auto;\" \/><span style=\"font-size: 14pt; font-family: arial, helvetica, sans-serif;\">El candidato de la alianza Morena-PAS a la gubernatura, Rub\u00e9n Rocha Moya, afirm\u00f3 con humildad que se siente agusto por la amplia ventaja que mantiene en las encuestas.<\/span><\/p>\n<p style=\"text-align: justify;\">&nbsp;<\/p>\n<p style=\"text-align: justify;\"><span style=\"font-size: 14pt; font-family: arial, helvetica, sans-serif;\">\u201cSiento que voy arriba y no solamente lo siento, eso es lo que dicen las encuestas, todas las encuestas, El Pa\u00eds antier public\u00f3 una en la que nos da 15 puntos arriba; nosotros no podemos andar con soberbia ni con prepotencia, todo lo recibimos con humildad, pero pues nos gusta estar arriba\u201d, puntualiz\u00f3.<\/span><\/p>\n<p style=\"text-align: justify;\">&nbsp;<\/p>\n<p style=\"text-align: justify;\"><span style=\"font-size: 14pt; font-family: arial, helvetica, sans-serif;\">Con la misma tendencia que el peri\u00f3dico espa\u00f1ol El Pa\u00eds, las encuestas m\u00e1s recientes de Demoscopia Digital y Factom\u00e9trica le dan a Rocha Moya una ventaja de 16.6 y 18.7 por ciento, respectivamente, sobre su m\u00e1s cercano contendiente.<\/span><\/p>\n<p style=\"text-align: justify;\">&nbsp;<\/p>\n<p style=\"text-align: justify;\"><span style=\"font-size: 14pt; font-family: arial, helvetica, sans-serif;\">En otro orden de ideas, locatarios y clientes del mercado Jos\u00e9 Mar\u00eda Pino Su\u00e1rez recibieron con entusiasmo y esperanza al abanderado de la alianza Morena-PAS, quien recorri\u00f3 el centenario y emblem\u00e1tico inmueble saludando uno a uno a comerciantes, compradores y proveedores, quienes a su vez le manifestaron su confianza y apoyo al pr\u00f3ximo gobernador de Sinaloa.<\/span><\/p>\n<p style=\"text-align: justify;\">&nbsp;<\/p>\n<p style=\"text-align: justify;\"><span style=\"font-size: 14pt; font-family: arial, helvetica, sans-serif;\">Al culminar el recorrido por el mercado, fundado el 5 de mayo de 1900, el senador con licencia se reuni\u00f3 con los comerciantes encabezados por el secretario de la Mesa Directiva de la Uni\u00f3n de Locatarios, Alejandro Ontiveros, a quienes escuch\u00f3 atento y se comprometi\u00f3 a resolver sus propuestas.<\/span><\/p>\n<p style=\"text-align: justify;\">&nbsp;<\/p>\n<p style=\"text-align: justify;\"><span style=\"font-size: 14pt; font-family: arial, helvetica, sans-serif;\">\u201cLa gente est\u00e1 muy metida con nosotros y nos piden que retomemos el compromiso de arreglar y terminar de modernizar, que no es cambiar para nada el estilo del mercado, y los vamos a apoyar; ese es el compromiso con ellos\u201d, se\u00f1al\u00f3 entrevistado por los medios tras concluir el encuentro.<\/span><\/p>\n<p style=\"text-align: justify;\">&nbsp;<\/p>\n<p style=\"text-align: justify;\"><span style=\"font-size: 14pt; font-family: arial, helvetica, sans-serif;\">Durante el recorrido, el abanderado de Morena-PAS dialog\u00f3 con los locatarios de carnicer\u00edas, cremer\u00edas, abarrotes, pescader\u00edas, tiendas de artesan\u00edas y ropa, taquer\u00edas, y platic\u00f3 efusivamente al l\u00edder moral del mercado, Francisco Moreno.<\/span><\/p>\n<p style=\"text-align: justify;\">&nbsp;<\/p>\n<p style=\"text-align: justify;\"><span style=\"font-size: 14pt; font-family: arial, helvetica, sans-serif;\">En la visita al Pino-Su\u00e1rez, Rub\u00e9n Rocha Moya fue acompa\u00f1ado por el l\u00edder de los locatarios Alejandro Ontiveros; la comerciante Marielos Bernal; el candidato a diputado local por el Distrito 23, Juan Carlos Patr\u00f3n Rosales; y el presidente estatal del PAS, H\u00e9ctor MelesioCu\u00e9n Ojeda.<\/span><\/p>\n<p style=\"text-align: justify;\">&nbsp;<\/p>\n<p style=\"text-align: justify;\">&nbsp;<\/p>\n<p style=\"text-align: justify;\"><span style=\"font-size: 14pt; font-family: arial, helvetica, sans-serif;\">REDACCI\u00d3N\/VISI\u00d3N CIUDADANA.<\/span><\/p>\n","protected":false},"excerpt":{"rendered":"<p>El candidato de la alianza Morena-PAS a la gubernatura, Rub\u00e9n Rocha Moya, afirm\u00f3 con humildad que se siente agusto por la amplia ventaja que mantiene en las encuestas. &nbsp; \u201cSiento que voy arriba y no solamente lo siento, eso es lo que dicen las encuestas, todas las encuestas, El Pa\u00eds antier public\u00f3 una en la [&hellip;]<\/p>\n","protected":false},"author":1,"featured_media":457,"comment_status":"closed","ping_status":"closed","sticky":false,"template":"","format":"standard","meta":{"footnotes":""},"categories":[24],"tags":[],"ppma_author":[31],"class_list":["post-16796","post","type-post","status-publish","format-standard","has-post-thumbnail","hentry","category-relevantes"],"aioseo_notices":[],"authors":[{"term_id":31,"user_id":1,"is_guest":0,"slug":"ivan3vino","display_name":"Iv\u00e1n Trevi\u00f1o","avatar_url":{"url":"https:\/\/visionciudadana.com.mx\/oficial\/wp-content\/uploads\/2025\/09\/columna-ivan-Trevino.png","url2x":"https:\/\/visionciudadana.com.mx\/oficial\/wp-content\/uploads\/2025\/09\/columna-ivan-Trevino.png"},"0":null,"1":"","2":"","3":"","4":"","5":"","6":"","7":"","8":""}],"_links":{"self":[{"href":"https:\/\/visionciudadana.com.mx\/oficial\/wp-json\/wp\/v2\/posts\/16796","targetHints":{"allow":["GET"]}}],"collection":[{"href":"https:\/\/visionciudadana.com.mx\/oficial\/wp-json\/wp\/v2\/posts"}],"about":[{"href":"https:\/\/visionciudadana.com.mx\/oficial\/wp-json\/wp\/v2\/types\/post"}],"author":[{"embeddable":true,"href":"https:\/\/visionciudadana.com.mx\/oficial\/wp-json\/wp\/v2\/users\/1"}],"replies":[{"embeddable":true,"href":"https:\/\/visionciudadana.com.mx\/oficial\/wp-json\/wp\/v2\/comments?post=16796"}],"version-history":[{"count":1,"href":"https:\/\/visionciudadana.com.mx\/oficial\/wp-json\/wp\/v2\/posts\/16796\/revisions"}],"predecessor-version":[{"id":31100,"href":"https:\/\/visionciudadana.com.mx\/oficial\/wp-json\/wp\/v2\/posts\/16796\/revisions\/31100"}],"wp:featuredmedia":[{"embeddable":true,"href":"https:\/\/visionciudadana.com.mx\/oficial\/wp-json\/wp\/v2\/posts\/457"}],"wp:attachment":[{"href":"https:\/\/visionciudadana.com.mx\/oficial\/wp-json\/wp\/v2\/media?parent=16796"}],"wp:term":[{"taxonomy":"category","embeddable":true,"href":"https:\/\/visionciudadana.com.mx\/oficial\/wp-json\/wp\/v2\/categories?post=16796"},{"taxonomy":"post_tag","embeddable":true,"href":"https:\/\/visionciudadana.com.mx\/oficial\/wp-json\/wp\/v2\/tags?post=16796"},{"taxonomy":"author","embeddable":true,"href":"https:\/\/visionciudadana.com.mx\/oficial\/wp-json\/wp\/v2\/ppma_author?post=16796"}],"curies":[{"name":"wp","href":"https:\/\/api.w.org\/{rel}","templated":true}]}}