{"id":16794,"date":"2021-04-27T19:24:44","date_gmt":"2021-04-27T19:24:44","guid":{"rendered":"https:\/\/visionciudadana.com.mx\/chio\/2021\/04\/27\/el-unico-que-crece-esta-alcanzando-y-va-a-ganar-es-mario-zamora-marko-cortes\/"},"modified":"2025-06-25T00:16:21","modified_gmt":"2025-06-25T00:16:21","slug":"el-unico-que-crece-esta-alcanzando-y-va-a-ganar-es-mario-zamora-marko-cortes","status":"publish","type":"post","link":"https:\/\/visionciudadana.com.mx\/oficial\/2021\/04\/27\/el-unico-que-crece-esta-alcanzando-y-va-a-ganar-es-mario-zamora-marko-cortes\/","title":{"rendered":"El \u00fanico que crece, est\u00e1 alcanzando y va a ganar, es Mario Zamora: Marko Cort\u00e9s  \u00a0"},"content":{"rendered":"<p><img decoding=\"async\" src=\"images\/abril21\/mario_y_marco.jpg\" alt=\"mario y marco\" style=\"display: block; margin: 20px auto;\" \/><\/p>\n<div>&nbsp;<\/div>\n<div style=\"text-align: justify;\"><span style=\"font-size: 14pt; font-family: arial, helvetica, sans-serif;\">*El presidente del PAN, acompa\u00f1a a los candidatos de la alianza \u201cVa por Sinaloa\u201d, en una gira por los municipios de Mazatl\u00e1n, Concordia, Escuinapa y Rosario.<\/span><\/div>\n<div>&nbsp;<\/div>\n<div style=\"text-align: justify;\"><span style=\"font-size: 14pt; font-family: arial, helvetica, sans-serif;\"><\/span><\/div>\n<div style=\"text-align: justify;\"><span style=\"font-size: 14pt; font-family: arial, helvetica, sans-serif;\"> Caballo que alcanza, es caballo que gana y el que va a ganar es Mario Zamora Gast\u00e9lum, afirm\u00f3 Marko Cort\u00e9s Mendoza, presidente del Partido Acci\u00f3n Nacional, al arribar a Mazatl\u00e1n para acompa\u00f1ar a los candidatos de la alianza \u201cVa por Sinaloa\u201d, en una gira de campa\u00f1a por Mazatl\u00e1n, Concordia, Rosario y Escuinapa.<\/span><\/div>\n<div style=\"text-align: justify;\">&nbsp;<\/div>\n<div style=\"text-align: justify;\"><span style=\"font-size: 14pt; font-family: arial, helvetica, sans-serif;\"><\/span><\/div>\n<div style=\"text-align: justify;\"><span style=\"font-size: 14pt; font-family: arial, helvetica, sans-serif;\">Antes de iniciar con el recorrido, Marko Cort\u00e9s Mendoza, acompa\u00f1ado por el candidato a la gubernatura, Mario Zamora Gast\u00e9lum y el dirigente del PAN Sinaloa, Juan Carlos Estrada Vega, sostuvo un encuentro con medios de comunicaci\u00f3n desde el autob\u00fas de campa\u00f1a, al cual denominaron \u201cLa Victoria\u201d.&nbsp;<\/span><\/div>\n<div style=\"text-align: justify;\"><span style=\"font-size: 14pt; font-family: arial, helvetica, sans-serif;\"><\/span><\/div>\n<div style=\"text-align: justify;\">&nbsp;<\/div>\n<div style=\"text-align: justify;\"><span style=\"font-size: 14pt; font-family: arial, helvetica, sans-serif;\">En ese marco, Marko Cort\u00e9s Mendoza, se\u00f1al\u00f3 que, la campa\u00f1a de Mario Zamora Gast\u00e9lum, \u201cviene de menos a m\u00e1s. Hoy ya alcanzamos al que se dec\u00eda que era imposible superar, hoy ya estamos literalmente en empate t\u00e9cnico para ganar la gubernatura de Sinaloa\u201d.&nbsp;<\/span><\/div>\n<div style=\"text-align: justify;\">&nbsp;<\/div>\n<div style=\"text-align: justify;\"><span style=\"font-size: 14pt; font-family: arial, helvetica, sans-serif;\"><\/span><\/div>\n<div style=\"text-align: justify;\"><span style=\"font-size: 14pt; font-family: arial, helvetica, sans-serif;\">\u201cAqu\u00ed el \u00fanico que crece y el que est\u00e1 alcanzando y el que va a ganar es Mario Zamora, medid\u00edsimo, en todos nuestros rankings en todas nuestras encuestas, en toda la informaci\u00f3n estamos ganando, estamos sumando y esto es parte de lo que va a dar el buen resultado electoral\u201d, dijo.&nbsp;<\/span><\/div>\n<div style=\"text-align: justify;\">&nbsp;<\/div>\n<div style=\"text-align: justify;\"><span style=\"font-size: 14pt; font-family: arial, helvetica, sans-serif;\"><\/span><\/div>\n<div style=\"text-align: justify;\"><span style=\"font-size: 14pt; font-family: arial, helvetica, sans-serif;\">Afirm\u00f3 que Mario Zamora Gast\u00e9lum ha demostrado capacidad, energ\u00eda y ganas para hacer las cosas, no s\u00f3lo como candidato, tambi\u00e9n ser\u00e1 un buen gobernador.&nbsp;<\/span><\/div>\n<div style=\"text-align: justify;\">&nbsp;<\/div>\n<div style=\"text-align: justify;\"><span style=\"font-size: 14pt; font-family: arial, helvetica, sans-serif;\"><\/span><\/div>\n<div style=\"text-align: justify;\"><span style=\"font-size: 14pt; font-family: arial, helvetica, sans-serif;\">Marko Cort\u00e9s, resalt\u00f3 que la alianza \u201cVa por M\u00e9xico\u201d, est\u00e1 en contienda en todos los estados, dando la batalla en todo el pa\u00eds, y Sinaloa ser\u00e1 un estado donde el \u201cmorenavirus\u201d no va a invadir.<\/span><\/div>\n<div style=\"text-align: justify;\">&nbsp;<\/div>\n<div style=\"text-align: justify;\"><span style=\"font-size: 14pt; font-family: arial, helvetica, sans-serif;\"><\/span><\/div>\n<div style=\"text-align: justify;\"><span style=\"font-size: 14pt; font-family: arial, helvetica, sans-serif;\">\u201cNo vamos a permitir que esa mancha destructiva morenista, que todo lo que toca lo echa a perder, contagie, no lo permitiremos y por eso, por esa convicci\u00f3n es que estoy aqu\u00ed\u201d, indic\u00f3.<\/span><\/div>\n<div style=\"text-align: justify;\">&nbsp;<\/div>\n<div style=\"text-align: justify;\"><span style=\"font-size: 14pt; font-family: arial, helvetica, sans-serif;\"><\/span><\/div>\n<div style=\"text-align: justify;\"><span style=\"font-size: 14pt; font-family: arial, helvetica, sans-serif;\">Marko Cort\u00e9s dijo que Morena es un peligro para el pa\u00eds, donde los peores gobiernos de M\u00e9xico, son de este partido.&nbsp;<\/span><\/div>\n<div style=\"text-align: justify;\">&nbsp;<\/div>\n<div style=\"text-align: justify;\"><span style=\"font-size: 14pt; font-family: arial, helvetica, sans-serif;\"><\/span><\/div>\n<div style=\"text-align: justify;\"><span style=\"font-size: 14pt; font-family: arial, helvetica, sans-serif;\">Indic\u00f3 que las administraciones morenistas son muy malas, mal evaluados, no hay servicios, no hay inversi\u00f3n, se genera desempleo y hay inseguridad.&nbsp;<\/span><\/div>\n<div style=\"text-align: justify;\">&nbsp;<\/div>\n<div style=\"text-align: justify;\"><span style=\"font-size: 14pt; font-family: arial, helvetica, sans-serif;\"><\/span><\/div>\n<div style=\"text-align: justify;\"><span style=\"font-size: 14pt; font-family: arial, helvetica, sans-serif;\">\u201cPor eso es que nos hemos sumado, porque m\u00e1s all\u00e1 de ser panistas, pri\u00edstas y perredistas, nosotros somos mexicanos, somos dem\u00f3cratas, creemos en las instituciones y vemos un claro retroceso y deterioro en el pa\u00eds\u201d, expres\u00f3.<\/span><\/div>\n<div style=\"text-align: justify;\">&nbsp;<\/div>\n<div style=\"text-align: justify;\"><span style=\"font-size: 14pt; font-family: arial, helvetica, sans-serif;\"><\/span><\/div>\n<div style=\"text-align: justify;\"><span style=\"font-size: 14pt; font-family: arial, helvetica, sans-serif;\">A su vez, el candidato Mario Zamora Gast\u00e9lum, reconoci\u00f3 a Marko Cort\u00e9s, por el esfuerzo que ha hecho de demostrar madurez y altura de miras, para construir&nbsp; esta alianza en favor de los mexicanos.<\/span><\/div>\n<div style=\"text-align: justify;\">&nbsp;<\/div>\n<div style=\"text-align: justify;\"><span style=\"font-size: 14pt; font-family: arial, helvetica, sans-serif;\"><\/span><\/div>\n<div style=\"text-align: justify;\"><span style=\"font-size: 14pt; font-family: arial, helvetica, sans-serif;\">\u201cLe agradezco que venga a sumar, a apoyar, nos reanima y nos revitaliza y aqu\u00ed en Sinaloa vamos a ganar y vamos a ganar muy bien\u201d, puntualiz\u00f3 el pr\u00f3ximo gobernador de Sinaloa.<\/span><\/div>\n<div style=\"text-align: justify;\">&nbsp;<\/div>\n<div style=\"text-align: justify;\">&nbsp;<\/div>\n<div style=\"text-align: justify;\">&nbsp;<\/div>\n<div style=\"text-align: justify;\"><span style=\"font-size: 14pt; font-family: arial, helvetica, sans-serif;\">REDACCI\u00d3N\/VISI\u00d3N CIUDADANA.<\/span><\/div>\n","protected":false},"excerpt":{"rendered":"<p>&nbsp; *El presidente del PAN, acompa\u00f1a a los candidatos de la alianza \u201cVa por Sinaloa\u201d, en una gira por los municipios de Mazatl\u00e1n, Concordia, Escuinapa y Rosario. &nbsp; Caballo que alcanza, es caballo que gana y el que va a ganar es Mario Zamora Gast\u00e9lum, afirm\u00f3 Marko Cort\u00e9s Mendoza, presidente del Partido Acci\u00f3n Nacional, al [&hellip;]<\/p>\n","protected":false},"author":1,"featured_media":453,"comment_status":"closed","ping_status":"closed","sticky":false,"template":"","format":"standard","meta":{"footnotes":""},"categories":[24],"tags":[],"ppma_author":[31],"class_list":["post-16794","post","type-post","status-publish","format-standard","has-post-thumbnail","hentry","category-relevantes"],"aioseo_notices":[],"authors":[{"term_id":31,"user_id":1,"is_guest":0,"slug":"ivan3vino","display_name":"Iv\u00e1n Trevi\u00f1o","avatar_url":{"url":"https:\/\/visionciudadana.com.mx\/oficial\/wp-content\/uploads\/2025\/09\/columna-ivan-Trevino.png","url2x":"https:\/\/visionciudadana.com.mx\/oficial\/wp-content\/uploads\/2025\/09\/columna-ivan-Trevino.png"},"0":null,"1":"","2":"","3":"","4":"","5":"","6":"","7":"","8":""}],"_links":{"self":[{"href":"https:\/\/visionciudadana.com.mx\/oficial\/wp-json\/wp\/v2\/posts\/16794","targetHints":{"allow":["GET"]}}],"collection":[{"href":"https:\/\/visionciudadana.com.mx\/oficial\/wp-json\/wp\/v2\/posts"}],"about":[{"href":"https:\/\/visionciudadana.com.mx\/oficial\/wp-json\/wp\/v2\/types\/post"}],"author":[{"embeddable":true,"href":"https:\/\/visionciudadana.com.mx\/oficial\/wp-json\/wp\/v2\/users\/1"}],"replies":[{"embeddable":true,"href":"https:\/\/visionciudadana.com.mx\/oficial\/wp-json\/wp\/v2\/comments?post=16794"}],"version-history":[{"count":1,"href":"https:\/\/visionciudadana.com.mx\/oficial\/wp-json\/wp\/v2\/posts\/16794\/revisions"}],"predecessor-version":[{"id":31102,"href":"https:\/\/visionciudadana.com.mx\/oficial\/wp-json\/wp\/v2\/posts\/16794\/revisions\/31102"}],"wp:featuredmedia":[{"embeddable":true,"href":"https:\/\/visionciudadana.com.mx\/oficial\/wp-json\/wp\/v2\/posts\/453"}],"wp:attachment":[{"href":"https:\/\/visionciudadana.com.mx\/oficial\/wp-json\/wp\/v2\/media?parent=16794"}],"wp:term":[{"taxonomy":"category","embeddable":true,"href":"https:\/\/visionciudadana.com.mx\/oficial\/wp-json\/wp\/v2\/categories?post=16794"},{"taxonomy":"post_tag","embeddable":true,"href":"https:\/\/visionciudadana.com.mx\/oficial\/wp-json\/wp\/v2\/tags?post=16794"},{"taxonomy":"author","embeddable":true,"href":"https:\/\/visionciudadana.com.mx\/oficial\/wp-json\/wp\/v2\/ppma_author?post=16794"}],"curies":[{"name":"wp","href":"https:\/\/api.w.org\/{rel}","templated":true}]}}