{"id":16793,"date":"2021-04-27T19:14:12","date_gmt":"2021-04-27T19:14:12","guid":{"rendered":"https:\/\/visionciudadana.com.mx\/chio\/2021\/04\/27\/acepta-sergio-torres-el-reto-de-rocha-para-debatir\/"},"modified":"2025-06-25T00:16:21","modified_gmt":"2025-06-25T00:16:21","slug":"acepta-sergio-torres-el-reto-de-rocha-para-debatir","status":"publish","type":"post","link":"https:\/\/visionciudadana.com.mx\/oficial\/2021\/04\/27\/acepta-sergio-torres-el-reto-de-rocha-para-debatir\/","title":{"rendered":"Acepta Sergio Torres el reto de Rocha para debatir"},"content":{"rendered":"<p style=\"text-align: justify;\"><img decoding=\"async\" src=\"images\/abril21\/sergio4.jpg\" alt=\"sergio4\" style=\"display: block; margin: 20px auto;\" \/><\/p>\n<div style=\"text-align: justify;\"><span style=\"font-size: 14pt; font-family: arial, helvetica, sans-serif;\">Sergio Torres hizo p\u00fablica su disposici\u00f3n a debatir con Rub\u00e9n Rocha, con propuestas, sin ataques personales ni agresiones, para reflexionar sobre la problem\u00e1tica de Sinaloa, \u00abque \u00e9l nos diga d\u00f3nde y cu\u00e1ndo, yo estoy dispuesto\u00bb.<\/span><\/div>\n<div style=\"text-align: justify;\">&nbsp;<\/div>\n<div style=\"text-align: justify;\"><span style=\"font-size: 14pt; font-family: arial, helvetica, sans-serif;\"><\/span><\/div>\n<div style=\"text-align: justify;\"><span style=\"font-size: 14pt; font-family: arial, helvetica, sans-serif;\">Esto en relaci\u00f3n a lo expresado en una cabina de radio por el candidato morenista a Zamora, en el sentido de que ya no quer\u00eda debatir con Mario, sino con Sergio Torres, ubicado en el segundo lugar de las preferencias electorales.&nbsp;<\/span><\/div>\n<div style=\"text-align: justify;\">&nbsp;<\/div>\n<div style=\"text-align: justify;\"><span style=\"font-size: 14pt; font-family: arial, helvetica, sans-serif;\"><\/span><\/div>\n<div style=\"text-align: justify;\"><span style=\"font-size: 14pt; font-family: arial, helvetica, sans-serif;\">El candidato de movimiento ciudadano al gobierno de Sinaloa,&nbsp; expres\u00f3 que Zamora perdi\u00f3 el debate y post debate, al irrumpir, de manera grosera y pose bravucona, en la cabina de radio donde entrevistaban a Rocha, desalojar de su asiento a una conductora, sin respeto alguno, retar al candidato entrevistado por encima de entrevistadores, y luego ser corrido del programa por el director de noticieros.<\/span><\/div>\n<div style=\"text-align: justify;\">&nbsp;<\/div>\n<div style=\"text-align: justify;\"><span style=\"font-size: 14pt; font-family: arial, helvetica, sans-serif;\"><\/span><\/div>\n<div style=\"text-align: justify;\"><span style=\"font-size: 14pt; font-family: arial, helvetica, sans-serif;\">\u00abEsto gener\u00f3 una gran decepci\u00f3n en su equipo y seguidores, y, tengo entendido, una fuerte discusi\u00f3n en el tercer piso de gobierno\u00bb, asent\u00f3 Sergio Torres, y agreg\u00f3 que especialmente entre las mujeres, por la ofensa causada a la entrevistadora y comentarista.<\/span><\/div>\n<div style=\"text-align: justify;\">&nbsp;<\/div>\n<div style=\"text-align: justify;\"><span style=\"font-size: 14pt; font-family: arial, helvetica, sans-serif;\"><\/span><\/div>\n<div style=\"text-align: justify;\"><span style=\"font-size: 14pt; font-family: arial, helvetica, sans-serif;\">\u00abEn el debate, dijo Sergio Torres, nos fue muy bien, los sinaloenses vieron d\u00f3nde est\u00e1 el verdadero cambio y tuvieron la oportunidad de confrontar los perfiles de quienes buscamos la gubernatura del estado\u00bb.<\/span><\/div>\n<div style=\"text-align: justify;\">&nbsp;<\/div>\n<div style=\"text-align: justify;\"><span style=\"font-size: 14pt; font-family: arial, helvetica, sans-serif;\"><\/span><\/div>\n<div style=\"text-align: justify;\"><span style=\"font-size: 14pt; font-family: arial, helvetica, sans-serif;\">De la participaci\u00f3n de Rocha en el primer debate, se\u00f1al\u00f3 qued\u00f3 a deber a los sinaloenses, al no poder contestar ninguno de los&nbsp; cuestionamientos que le hicieron.&nbsp; \u00bb No se gana una gubernatura nadando de muertito, como Rocha\u00bb.<\/span><\/div>\n<div style=\"text-align: justify;\">&nbsp;<\/div>\n<div style=\"text-align: justify;\"><span style=\"font-size: 14pt; font-family: arial, helvetica, sans-serif;\"><\/span><\/div>\n<div style=\"text-align: justify;\"><span style=\"font-size: 14pt; font-family: arial, helvetica, sans-serif;\">Y concluy\u00f3: tanto Zamora como Rocha decepcionaron a sus seguidores y a miles de Sinaloenses.<\/span><\/div>\n<div style=\"text-align: justify;\">&nbsp;<\/div>\n<div style=\"text-align: justify;\">&nbsp;<\/div>\n<div style=\"text-align: justify;\">&nbsp;<\/div>\n<div style=\"text-align: justify;\"><span style=\"font-size: 14pt; font-family: arial, helvetica, sans-serif;\">REDACCI\u00d3N\/VISI\u00d3N CIUDADANA.<\/span><\/div>\n","protected":false},"excerpt":{"rendered":"<p>Sergio Torres hizo p\u00fablica su disposici\u00f3n a debatir con Rub\u00e9n Rocha, con propuestas, sin ataques personales ni agresiones, para reflexionar sobre la problem\u00e1tica de Sinaloa, \u00abque \u00e9l nos diga d\u00f3nde y cu\u00e1ndo, yo estoy dispuesto\u00bb. &nbsp; Esto en relaci\u00f3n a lo expresado en una cabina de radio por el candidato morenista a Zamora, en el [&hellip;]<\/p>\n","protected":false},"author":1,"featured_media":451,"comment_status":"closed","ping_status":"closed","sticky":false,"template":"","format":"standard","meta":{"footnotes":""},"categories":[24],"tags":[],"ppma_author":[31],"class_list":["post-16793","post","type-post","status-publish","format-standard","has-post-thumbnail","hentry","category-relevantes"],"aioseo_notices":[],"authors":[{"term_id":31,"user_id":1,"is_guest":0,"slug":"ivan3vino","display_name":"Iv\u00e1n Trevi\u00f1o","avatar_url":{"url":"https:\/\/visionciudadana.com.mx\/oficial\/wp-content\/uploads\/2025\/09\/columna-ivan-Trevino.png","url2x":"https:\/\/visionciudadana.com.mx\/oficial\/wp-content\/uploads\/2025\/09\/columna-ivan-Trevino.png"},"0":null,"1":"","2":"","3":"","4":"","5":"","6":"","7":"","8":""}],"_links":{"self":[{"href":"https:\/\/visionciudadana.com.mx\/oficial\/wp-json\/wp\/v2\/posts\/16793","targetHints":{"allow":["GET"]}}],"collection":[{"href":"https:\/\/visionciudadana.com.mx\/oficial\/wp-json\/wp\/v2\/posts"}],"about":[{"href":"https:\/\/visionciudadana.com.mx\/oficial\/wp-json\/wp\/v2\/types\/post"}],"author":[{"embeddable":true,"href":"https:\/\/visionciudadana.com.mx\/oficial\/wp-json\/wp\/v2\/users\/1"}],"replies":[{"embeddable":true,"href":"https:\/\/visionciudadana.com.mx\/oficial\/wp-json\/wp\/v2\/comments?post=16793"}],"version-history":[{"count":1,"href":"https:\/\/visionciudadana.com.mx\/oficial\/wp-json\/wp\/v2\/posts\/16793\/revisions"}],"predecessor-version":[{"id":31103,"href":"https:\/\/visionciudadana.com.mx\/oficial\/wp-json\/wp\/v2\/posts\/16793\/revisions\/31103"}],"wp:featuredmedia":[{"embeddable":true,"href":"https:\/\/visionciudadana.com.mx\/oficial\/wp-json\/wp\/v2\/posts\/451"}],"wp:attachment":[{"href":"https:\/\/visionciudadana.com.mx\/oficial\/wp-json\/wp\/v2\/media?parent=16793"}],"wp:term":[{"taxonomy":"category","embeddable":true,"href":"https:\/\/visionciudadana.com.mx\/oficial\/wp-json\/wp\/v2\/categories?post=16793"},{"taxonomy":"post_tag","embeddable":true,"href":"https:\/\/visionciudadana.com.mx\/oficial\/wp-json\/wp\/v2\/tags?post=16793"},{"taxonomy":"author","embeddable":true,"href":"https:\/\/visionciudadana.com.mx\/oficial\/wp-json\/wp\/v2\/ppma_author?post=16793"}],"curies":[{"name":"wp","href":"https:\/\/api.w.org\/{rel}","templated":true}]}}