{"id":16792,"date":"2021-04-27T19:07:21","date_gmt":"2021-04-27T19:07:21","guid":{"rendered":"https:\/\/visionciudadana.com.mx\/chio\/2021\/04\/27\/especialistas-reconocen-plan-integra-de-urbanismo-de-estrada-ferreiro\/"},"modified":"2025-06-25T00:16:21","modified_gmt":"2025-06-25T00:16:21","slug":"especialistas-reconocen-plan-integra-de-urbanismo-de-estrada-ferreiro","status":"publish","type":"post","link":"https:\/\/visionciudadana.com.mx\/oficial\/2021\/04\/27\/especialistas-reconocen-plan-integra-de-urbanismo-de-estrada-ferreiro\/","title":{"rendered":"Especialistas reconocen plan integra de urbanismo de Estrada Ferreiro"},"content":{"rendered":"<p style=\"text-align: justify;\"><span style=\"font-size: 14pt; font-family: arial, helvetica, sans-serif;\"><\/span><\/p>\n<div style=\"text-align: justify;\"><span style=\"font-size: 14pt; font-family: arial, helvetica, sans-serif;\">&nbsp;<img decoding=\"async\" src=\"images\/abril21\/jef2.jpg\" alt=\"jef2\" style=\"display: block; margin: 20px auto;\" \/><\/span><\/div>\n<div style=\"text-align: justify;\"><span style=\"font-size: 14pt; font-family: arial, helvetica, sans-serif;\">Quienes integran el Consejo Ciudadano del Instituto Municipal de Planeaci\u00f3n Urbana de Culiac\u00e1n (Implan), reconocieron el trabajo que el Lic. Jes\u00fas Estrada Ferreiro ha realizado por la capital del estado, reduciendo la brecha del rezago hist\u00f3rico en el tema de urbanismo.&nbsp;<\/span><\/div>\n<div style=\"text-align: justify;\">&nbsp;<\/div>\n<div style=\"text-align: justify;\"><span style=\"font-size: 14pt; font-family: arial, helvetica, sans-serif;\"><\/span><\/div>\n<div style=\"text-align: justify;\"><span style=\"font-size: 14pt; font-family: arial, helvetica, sans-serif;\">Los especialistas en la materia, se dijeron a favor de continuar las obras de mejora para Culiac\u00e1n, destacando la creaci\u00f3n de cruces seguros y el retiro de puentes anti peatonales.&nbsp;<\/span><\/div>\n<div style=\"text-align: justify;\"><span style=\"font-size: 14pt; font-family: arial, helvetica, sans-serif;\"><\/span><\/div>\n<div style=\"text-align: justify;\">&nbsp;<\/div>\n<div style=\"text-align: justify;\"><span style=\"font-size: 14pt; font-family: arial, helvetica, sans-serif;\">El candidato de MORENA-PAS a la alcald\u00eda de Culiac\u00e1n, asegur\u00f3 que es un trabajo complejo, por el tema de la corrupci\u00f3n, pero hablando con los empresarios, se han logrado algunos acuerdos.&nbsp;<\/span><\/div>\n<div style=\"text-align: justify;\">&nbsp;<\/div>\n<div style=\"text-align: justify;\"><span style=\"font-size: 14pt; font-family: arial, helvetica, sans-serif;\"><\/span><\/div>\n<div style=\"text-align: justify;\"><span style=\"font-size: 14pt; font-family: arial, helvetica, sans-serif;\">\u201cPor m\u00ed, ya hubiera retirado todos los puentes anti peatonales, o un 90 por ciento, al algunos que si se ocupan, hay algunos que si son \u00fatiles, pero el 95 por ciento no, y porque hablo de corrupci\u00f3n, porque es un tema recurrente, porque es una realidad, esos puentes se hicieron exprofeso para publicidad, pagados por empresarios que los tienen pagados por 30 a\u00f1os algunos, cosa que yo he estado tumbando poquito a poquito, les estoy haciendo ver que est\u00e1 mal, limpiamos casi toda la obreg\u00f3n ya, de todos los espectaculares que hab\u00eda\u201d.&nbsp; &nbsp;<\/span><\/div>\n<div style=\"text-align: justify;\">&nbsp;<\/div>\n<div style=\"text-align: justify;\"><span style=\"font-size: 14pt; font-family: arial, helvetica, sans-serif;\"><\/span><\/div>\n<div style=\"text-align: justify;\"><span style=\"font-size: 14pt; font-family: arial, helvetica, sans-serif;\">Estrada Ferreiro dijo que continuar\u00e1 retirando los anuncios espectaculares, hasta eliminar gran parte de la contaminaci\u00f3n visual, y eso incluye los puentes anti peatonales, donde est\u00e1n montados.<\/span><\/div>\n<div style=\"text-align: justify;\">&nbsp;<\/div>\n<div style=\"text-align: justify;\"><span style=\"font-size: 14pt; font-family: arial, helvetica, sans-serif;\"><\/span><\/div>\n<div style=\"text-align: justify;\"><span style=\"font-size: 14pt; font-family: arial, helvetica, sans-serif;\">Otros grandes proyectos en el tema de urbanismo, son la realizaci\u00f3n de Metrob\u00fas, que facilitar\u00e1 la movilidad en la ciudad, y el dragado de los r\u00edos Humaya, Tamazula Y Culiac\u00e1n, para hacerlo navegables, lo que ser\u00e1 un atractivo m\u00e1s para los ciudadanos.&nbsp;<\/span><\/div>\n<div style=\"text-align: justify;\">&nbsp;<\/div>\n<div style=\"text-align: justify;\"><span style=\"font-size: 14pt; font-family: arial, helvetica, sans-serif;\"><\/span><\/div>\n<div style=\"text-align: justify;\"><span style=\"font-size: 14pt; font-family: arial, helvetica, sans-serif;\">Los concejeros tambi\u00e9n reconocieron la instalaci\u00f3n de l\u00e1mparas led, que adem\u00e1s de tener una ciudad completamente iluminada, brinda una percepci\u00f3n de seguridad para&nbsp; peatones y automovilistas.<\/span><\/div>\n<div style=\"text-align: justify;\">&nbsp;<\/div>\n<div style=\"text-align: justify;\">&nbsp;<\/div>\n<div style=\"text-align: justify;\">&nbsp;<\/div>\n<div style=\"text-align: justify;\"><span style=\"font-size: 14pt; font-family: arial, helvetica, sans-serif;\">REDACCI\u00d3N\/VISI\u00d3N CIUDADANA.<\/span><\/div>\n","protected":false},"excerpt":{"rendered":"<p>&nbsp; Quienes integran el Consejo Ciudadano del Instituto Municipal de Planeaci\u00f3n Urbana de Culiac\u00e1n (Implan), reconocieron el trabajo que el Lic. Jes\u00fas Estrada Ferreiro ha realizado por la capital del estado, reduciendo la brecha del rezago hist\u00f3rico en el tema de urbanismo.&nbsp; &nbsp; Los especialistas en la materia, se dijeron a favor de continuar las [&hellip;]<\/p>\n","protected":false},"author":1,"featured_media":449,"comment_status":"closed","ping_status":"closed","sticky":false,"template":"","format":"standard","meta":{"footnotes":""},"categories":[24],"tags":[],"ppma_author":[31],"class_list":["post-16792","post","type-post","status-publish","format-standard","has-post-thumbnail","hentry","category-relevantes"],"aioseo_notices":[],"authors":[{"term_id":31,"user_id":1,"is_guest":0,"slug":"ivan3vino","display_name":"Iv\u00e1n Trevi\u00f1o","avatar_url":{"url":"https:\/\/visionciudadana.com.mx\/oficial\/wp-content\/uploads\/2025\/09\/columna-ivan-Trevino.png","url2x":"https:\/\/visionciudadana.com.mx\/oficial\/wp-content\/uploads\/2025\/09\/columna-ivan-Trevino.png"},"0":null,"1":"","2":"","3":"","4":"","5":"","6":"","7":"","8":""}],"_links":{"self":[{"href":"https:\/\/visionciudadana.com.mx\/oficial\/wp-json\/wp\/v2\/posts\/16792","targetHints":{"allow":["GET"]}}],"collection":[{"href":"https:\/\/visionciudadana.com.mx\/oficial\/wp-json\/wp\/v2\/posts"}],"about":[{"href":"https:\/\/visionciudadana.com.mx\/oficial\/wp-json\/wp\/v2\/types\/post"}],"author":[{"embeddable":true,"href":"https:\/\/visionciudadana.com.mx\/oficial\/wp-json\/wp\/v2\/users\/1"}],"replies":[{"embeddable":true,"href":"https:\/\/visionciudadana.com.mx\/oficial\/wp-json\/wp\/v2\/comments?post=16792"}],"version-history":[{"count":1,"href":"https:\/\/visionciudadana.com.mx\/oficial\/wp-json\/wp\/v2\/posts\/16792\/revisions"}],"predecessor-version":[{"id":31104,"href":"https:\/\/visionciudadana.com.mx\/oficial\/wp-json\/wp\/v2\/posts\/16792\/revisions\/31104"}],"wp:featuredmedia":[{"embeddable":true,"href":"https:\/\/visionciudadana.com.mx\/oficial\/wp-json\/wp\/v2\/posts\/449"}],"wp:attachment":[{"href":"https:\/\/visionciudadana.com.mx\/oficial\/wp-json\/wp\/v2\/media?parent=16792"}],"wp:term":[{"taxonomy":"category","embeddable":true,"href":"https:\/\/visionciudadana.com.mx\/oficial\/wp-json\/wp\/v2\/categories?post=16792"},{"taxonomy":"post_tag","embeddable":true,"href":"https:\/\/visionciudadana.com.mx\/oficial\/wp-json\/wp\/v2\/tags?post=16792"},{"taxonomy":"author","embeddable":true,"href":"https:\/\/visionciudadana.com.mx\/oficial\/wp-json\/wp\/v2\/ppma_author?post=16792"}],"curies":[{"name":"wp","href":"https:\/\/api.w.org\/{rel}","templated":true}]}}