{"id":16786,"date":"2021-04-26T23:40:50","date_gmt":"2021-04-26T23:40:50","guid":{"rendered":"https:\/\/visionciudadana.com.mx\/chio\/2021\/04\/26\/reciben-muestras-de-apoyo-sergio-torres-y-ely-montoya-en-su-visita-al-mercado-humaya\/"},"modified":"2025-06-25T00:16:21","modified_gmt":"2025-06-25T00:16:21","slug":"reciben-muestras-de-apoyo-sergio-torres-y-ely-montoya-en-su-visita-al-mercado-humaya","status":"publish","type":"post","link":"https:\/\/visionciudadana.com.mx\/oficial\/2021\/04\/26\/reciben-muestras-de-apoyo-sergio-torres-y-ely-montoya-en-su-visita-al-mercado-humaya\/","title":{"rendered":"Reciben muestras de apoyo Sergio Torres y Ely Montoya en su visita al Mercado Humaya.\u00a0"},"content":{"rendered":"<p style=\"text-align: justify;\"><img fetchpriority=\"high\" decoding=\"async\" src=\"images\/abril21\/ely-monto.jpg\" alt=\"ely monto\" width=\"780\" height=\"420\" style=\"display: block; margin: 20px auto;\" \/><\/p>\n<div style=\"text-align: justify;\"><span style=\"font-size: 14pt; font-family: arial, helvetica, sans-serif;\"><\/span><\/div>\n<div style=\"text-align: justify;\"><span style=\"font-size: 14pt; font-family: arial, helvetica, sans-serif;\">Decepcionados y golpeados por el gobierno federal, locatarios y clientes del mercado de Infonavit Humaya pudieron a Sergio Torres ser su voz para enfrentar los aumentos a la energ\u00eda el\u00e9ctrica, gas, gasolina y di\u00e9sel autorizados por &nbsp;el mandatario nacional &nbsp;y que tiene en total crisis a peque\u00f1os y medianos comerciantes.<\/span><\/div>\n<div style=\"text-align: justify;\">&nbsp;<\/div>\n<div style=\"text-align: justify;\"><span style=\"font-size: 14pt; font-family: arial, helvetica, sans-serif;\"><\/span><\/div>\n<div style=\"text-align: justify;\"><span style=\"font-size: 14pt; font-family: arial, helvetica, sans-serif;\">En su recorrido &nbsp;el candidato de Movimiento Ciudadano al gobierno del estado, as\u00ed como la candidata a presidenta municipal, Elizabeth Montoya, recibieron m\u00faltiples muestras de solidaridad a sus proyectos, y su disposici\u00f3n de acudir el 06 de junio a depositar su voto a favor de los y las candidatos de la ola naranja.<\/span><\/div>\n<div style=\"text-align: justify;\">&nbsp;<\/div>\n<div style=\"text-align: justify;\"><span style=\"font-size: 14pt; font-family: arial, helvetica, sans-serif;\"><\/span><\/div>\n<div style=\"text-align: justify;\"><span style=\"font-size: 14pt; font-family: arial, helvetica, sans-serif;\">Sobre el primer debate de candidatos, fueron varias las voces que expresaron la aceptaci\u00f3n a las propuestas presentadas por Sergio Torres, de manera especial al rescate de los empleos perdidos por una mala actuaci\u00f3n de los tres \u00f3rdenes de gobierno en la pandemia.<\/span><\/div>\n<div style=\"text-align: justify;\">&nbsp;<\/div>\n<div style=\"text-align: justify;\"><span style=\"font-size: 14pt; font-family: arial, helvetica, sans-serif;\"><\/span><\/div>\n<div style=\"text-align: justify;\"><span style=\"font-size: 14pt; font-family: arial, helvetica, sans-serif;\">El rescate de la UAS para que docentes y alumnos elijan con libertad al rector o rectora, fue ampliamente comentado y explicado por el candidato a quienes mostraron gran inter\u00e9s en el tema.<\/span><\/div>\n<div style=\"text-align: justify;\">&nbsp;<\/div>\n<div style=\"text-align: justify;\"><span style=\"font-size: 14pt; font-family: arial, helvetica, sans-serif;\"><\/span><\/div>\n<div style=\"text-align: justify;\"><span style=\"font-size: 14pt; font-family: arial, helvetica, sans-serif;\">La venta de aviones, helic\u00f3pteros y casa de playa del gobierno, es otra de las propuestas de Sergio Torres que los locatarios consideran como sobresaliente, ya que, dijeron, un gobernador debe ser un verdadero servidor de la gente y no vivir como rey.<\/span><\/div>\n<div style=\"text-align: justify;\">&nbsp;<\/div>\n<div style=\"text-align: justify;\">&nbsp;<\/div>\n<div style=\"text-align: justify;\">&nbsp;<\/div>\n<div style=\"text-align: justify;\"><span style=\"font-size: 14pt; font-family: arial, helvetica, sans-serif;\">REDACCI\u00d3N\/VISI\u00d3N CIUDADANA.<\/span><\/div>\n","protected":false},"excerpt":{"rendered":"<p>Decepcionados y golpeados por el gobierno federal, locatarios y clientes del mercado de Infonavit Humaya pudieron a Sergio Torres ser su voz para enfrentar los aumentos a la energ\u00eda el\u00e9ctrica, gas, gasolina y di\u00e9sel autorizados por &nbsp;el mandatario nacional &nbsp;y que tiene en total crisis a peque\u00f1os y medianos comerciantes. &nbsp; En su recorrido &nbsp;el [&hellip;]<\/p>\n","protected":false},"author":1,"featured_media":442,"comment_status":"closed","ping_status":"closed","sticky":false,"template":"","format":"standard","meta":{"footnotes":""},"categories":[24],"tags":[],"ppma_author":[31],"class_list":["post-16786","post","type-post","status-publish","format-standard","has-post-thumbnail","hentry","category-relevantes"],"aioseo_notices":[],"authors":[{"term_id":31,"user_id":1,"is_guest":0,"slug":"ivan3vino","display_name":"Iv\u00e1n Trevi\u00f1o","avatar_url":{"url":"https:\/\/visionciudadana.com.mx\/oficial\/wp-content\/uploads\/2025\/09\/columna-ivan-Trevino.png","url2x":"https:\/\/visionciudadana.com.mx\/oficial\/wp-content\/uploads\/2025\/09\/columna-ivan-Trevino.png"},"0":null,"1":"","2":"","3":"","4":"","5":"","6":"","7":"","8":""}],"_links":{"self":[{"href":"https:\/\/visionciudadana.com.mx\/oficial\/wp-json\/wp\/v2\/posts\/16786","targetHints":{"allow":["GET"]}}],"collection":[{"href":"https:\/\/visionciudadana.com.mx\/oficial\/wp-json\/wp\/v2\/posts"}],"about":[{"href":"https:\/\/visionciudadana.com.mx\/oficial\/wp-json\/wp\/v2\/types\/post"}],"author":[{"embeddable":true,"href":"https:\/\/visionciudadana.com.mx\/oficial\/wp-json\/wp\/v2\/users\/1"}],"replies":[{"embeddable":true,"href":"https:\/\/visionciudadana.com.mx\/oficial\/wp-json\/wp\/v2\/comments?post=16786"}],"version-history":[{"count":1,"href":"https:\/\/visionciudadana.com.mx\/oficial\/wp-json\/wp\/v2\/posts\/16786\/revisions"}],"predecessor-version":[{"id":31105,"href":"https:\/\/visionciudadana.com.mx\/oficial\/wp-json\/wp\/v2\/posts\/16786\/revisions\/31105"}],"wp:featuredmedia":[{"embeddable":true,"href":"https:\/\/visionciudadana.com.mx\/oficial\/wp-json\/wp\/v2\/media\/442"}],"wp:attachment":[{"href":"https:\/\/visionciudadana.com.mx\/oficial\/wp-json\/wp\/v2\/media?parent=16786"}],"wp:term":[{"taxonomy":"category","embeddable":true,"href":"https:\/\/visionciudadana.com.mx\/oficial\/wp-json\/wp\/v2\/categories?post=16786"},{"taxonomy":"post_tag","embeddable":true,"href":"https:\/\/visionciudadana.com.mx\/oficial\/wp-json\/wp\/v2\/tags?post=16786"},{"taxonomy":"author","embeddable":true,"href":"https:\/\/visionciudadana.com.mx\/oficial\/wp-json\/wp\/v2\/ppma_author?post=16786"}],"curies":[{"name":"wp","href":"https:\/\/api.w.org\/{rel}","templated":true}]}}