{"id":16785,"date":"2021-04-26T23:32:52","date_gmt":"2021-04-26T23:32:52","guid":{"rendered":"https:\/\/visionciudadana.com.mx\/chio\/2021\/04\/26\/anuncia-faustino-hernandez-alvarez-un-programa-integral-de-movilidad-para-culiacan\/"},"modified":"2025-06-25T00:16:22","modified_gmt":"2025-06-25T00:16:22","slug":"anuncia-faustino-hernandez-alvarez-un-programa-integral-de-movilidad-para-culiacan","status":"publish","type":"post","link":"https:\/\/visionciudadana.com.mx\/oficial\/2021\/04\/26\/anuncia-faustino-hernandez-alvarez-un-programa-integral-de-movilidad-para-culiacan\/","title":{"rendered":"Anuncia Faustino Hern\u00e1ndez \u00c1lvarez un Programa Integral de Movilidad para Culiac\u00e1n"},"content":{"rendered":"<p><img fetchpriority=\"high\" decoding=\"async\" src=\"images\/abril21\/fausty10.jpg\" alt=\"fausty10\" width=\"780\" height=\"420\" style=\"display: block; margin: 20px auto;\" \/><\/p>\n<p>&nbsp;<\/p>\n<p class=\"x_MsoNormal\" style=\"text-align: justify;\"><span style=\"font-size: 14pt; font-family: arial, helvetica, sans-serif;\">El candidato del PRI, PAN y PRD a la Alcald\u00eda de Culiac\u00e1n, Faustino Hern\u00e1ndez \u00c1lvarez, present\u00f3 el Programa Integral de Movilidad el cual contempla 10 acciones concretas para mejorar la fluidez en el tr\u00e1nsito vehicular durante las llamadas horas pico.<\/span><\/p>\n<p style=\"text-align: justify;\">&nbsp;<\/p>\n<p class=\"x_MsoNormal\" style=\"text-align: justify;\"><span style=\"font-size: 14pt; font-family: arial, helvetica, sans-serif;\">En su tradicional conferencia&nbsp; de prensa de los lunes,&nbsp; Faustino Hern\u00e1ndez consider\u00f3 como fundamental mejorar en este tema debido a que ello repercutir\u00e1 de manera positiva en el desarrollo econ\u00f3mico y la calidad de vida de la poblaci\u00f3n.<\/span><\/p>\n<p style=\"text-align: justify;\">&nbsp;<\/p>\n<p class=\"x_MsoNormal\" style=\"text-align: justify;\"><span style=\"font-size: 14pt; font-family: arial, helvetica, sans-serif;\">Se\u00f1al\u00f3 que el aumento constante en el n\u00famero de veh\u00edculos ha convertido la movilidad en un grave problema que est\u00e1n generando, cada vez m\u00e1s, p\u00e9rdidas de tiempo,&nbsp; da\u00f1os econ\u00f3micos, estr\u00e9s contante en la poblaci\u00f3n y un aumento en accidentes.<\/span><\/p>\n<p style=\"text-align: justify;\">&nbsp;<\/p>\n<p class=\"x_MsoNormal\" style=\"text-align: justify;\"><span style=\"font-size: 14pt; font-family: arial, helvetica, sans-serif;\">Faustino Hern\u00e1ndez \u00c1lvarez detall\u00f3 que dicho Programa,&nbsp;&nbsp; contempla como parte medular,&nbsp; la continuaci\u00f3n y conclusi\u00f3n del anillo perif\u00e9rico, el programa de pavimentaci\u00f3n m\u00e1s grande en la historia de Culiac\u00e1n y la modernizaci\u00f3n del transporte p\u00fablico.<\/span><\/p>\n<p style=\"text-align: justify;\">&nbsp;<\/p>\n<p class=\"x_MsoNormal\" style=\"text-align: justify;\"><span style=\"font-size: 14pt; font-family: arial, helvetica, sans-serif;\">De igual manera, de contempla implementar soluciones de bajo costo y alto impacto, para mejorar circulaci\u00f3n en cruceros conflictivos, aplicando la ingenier\u00eda de tr\u00e1nsito, y modernizar el sistema de sem\u00e1foros, con dispositivos inteligentes, para ordenar de mejor manera el tr\u00e1fico de veh\u00edculos.<\/span><\/p>\n<p style=\"text-align: justify;\">&nbsp;<\/p>\n<p class=\"x_MsoNormal\" style=\"text-align: justify;\"><span style=\"font-size: 14pt; font-family: arial, helvetica, sans-serif;\">Parte importante de este proyecto, representa tambi\u00e9n la aplicaci\u00f3n estricta del Reglamento de Tr\u00e1nsito, la ampliaci\u00f3n de las ciclov\u00edas para estimular el uso de la bicicleta, la actualizaci\u00f3n de la nomenclatura y se\u00f1alizaci\u00f3n, y promover la cultura vial entre los ciudadanos.<\/span><\/p>\n<p style=\"text-align: justify;\">&nbsp;<\/p>\n<p class=\"x_MsoNormal\" style=\"text-align: justify;\"><span style=\"font-size: 14pt; font-family: arial, helvetica, sans-serif;\">Finalmente, el candidato del PRI, PAN Y PRD anunci\u00f3 la creaci\u00f3n de una aplicaci\u00f3n tecnol\u00f3gica, conocida como apps,&nbsp; para que los ciudadanos pueden tener en su celular informaci\u00f3n en tiempo real sobre la situaci\u00f3n del tr\u00e1fico vehicular y puedan definir sus mejores trayectos.<\/span><\/p>\n<p style=\"text-align: justify;\">&nbsp;<\/p>\n<p class=\"x_MsoNormal\" style=\"text-align: justify;\"><span style=\"font-size: 14pt; font-family: arial, helvetica, sans-serif;\">De acuerdo con datos oficiales, Culiac\u00e1n concentra actualmente un mill\u00f3n de personas, lo que representa el 33 por ciento de la poblaci\u00f3n total de Sinaloa, lo que provoca que&nbsp; aproximadamente medio mill\u00f3n de veh\u00edculos circulan en la capital del estado.<\/span><\/p>\n<p style=\"text-align: justify;\">&nbsp;<\/p>\n<p style=\"text-align: justify;\">&nbsp;<\/p>\n<p style=\"text-align: justify;\"><span style=\"font-size: 14pt; font-family: arial, helvetica, sans-serif;\">REDACCI\u00d3N\/VISI\u00d3N CIUDADANA.<\/span><\/p>\n","protected":false},"excerpt":{"rendered":"<p>&nbsp; El candidato del PRI, PAN y PRD a la Alcald\u00eda de Culiac\u00e1n, Faustino Hern\u00e1ndez \u00c1lvarez, present\u00f3 el Programa Integral de Movilidad el cual contempla 10 acciones concretas para mejorar la fluidez en el tr\u00e1nsito vehicular durante las llamadas horas pico. &nbsp; En su tradicional conferencia&nbsp; de prensa de los lunes,&nbsp; Faustino Hern\u00e1ndez consider\u00f3 como [&hellip;]<\/p>\n","protected":false},"author":1,"featured_media":440,"comment_status":"closed","ping_status":"closed","sticky":false,"template":"","format":"standard","meta":{"footnotes":""},"categories":[24],"tags":[],"ppma_author":[31],"class_list":["post-16785","post","type-post","status-publish","format-standard","has-post-thumbnail","hentry","category-relevantes"],"aioseo_notices":[],"authors":[{"term_id":31,"user_id":1,"is_guest":0,"slug":"ivan3vino","display_name":"Iv\u00e1n Trevi\u00f1o","avatar_url":{"url":"https:\/\/visionciudadana.com.mx\/oficial\/wp-content\/uploads\/2025\/09\/columna-ivan-Trevino.png","url2x":"https:\/\/visionciudadana.com.mx\/oficial\/wp-content\/uploads\/2025\/09\/columna-ivan-Trevino.png"},"0":null,"1":"","2":"","3":"","4":"","5":"","6":"","7":"","8":""}],"_links":{"self":[{"href":"https:\/\/visionciudadana.com.mx\/oficial\/wp-json\/wp\/v2\/posts\/16785","targetHints":{"allow":["GET"]}}],"collection":[{"href":"https:\/\/visionciudadana.com.mx\/oficial\/wp-json\/wp\/v2\/posts"}],"about":[{"href":"https:\/\/visionciudadana.com.mx\/oficial\/wp-json\/wp\/v2\/types\/post"}],"author":[{"embeddable":true,"href":"https:\/\/visionciudadana.com.mx\/oficial\/wp-json\/wp\/v2\/users\/1"}],"replies":[{"embeddable":true,"href":"https:\/\/visionciudadana.com.mx\/oficial\/wp-json\/wp\/v2\/comments?post=16785"}],"version-history":[{"count":1,"href":"https:\/\/visionciudadana.com.mx\/oficial\/wp-json\/wp\/v2\/posts\/16785\/revisions"}],"predecessor-version":[{"id":31106,"href":"https:\/\/visionciudadana.com.mx\/oficial\/wp-json\/wp\/v2\/posts\/16785\/revisions\/31106"}],"wp:featuredmedia":[{"embeddable":true,"href":"https:\/\/visionciudadana.com.mx\/oficial\/wp-json\/wp\/v2\/media\/440"}],"wp:attachment":[{"href":"https:\/\/visionciudadana.com.mx\/oficial\/wp-json\/wp\/v2\/media?parent=16785"}],"wp:term":[{"taxonomy":"category","embeddable":true,"href":"https:\/\/visionciudadana.com.mx\/oficial\/wp-json\/wp\/v2\/categories?post=16785"},{"taxonomy":"post_tag","embeddable":true,"href":"https:\/\/visionciudadana.com.mx\/oficial\/wp-json\/wp\/v2\/tags?post=16785"},{"taxonomy":"author","embeddable":true,"href":"https:\/\/visionciudadana.com.mx\/oficial\/wp-json\/wp\/v2\/ppma_author?post=16785"}],"curies":[{"name":"wp","href":"https:\/\/api.w.org\/{rel}","templated":true}]}}