{"id":16781,"date":"2021-04-26T22:59:21","date_gmt":"2021-04-26T22:59:21","guid":{"rendered":"https:\/\/visionciudadana.com.mx\/chio\/2021\/04\/26\/cdmx-podria-regresar-a-las-aulas-en-agosto-sep\/"},"modified":"2025-06-25T00:16:22","modified_gmt":"2025-06-25T00:16:22","slug":"cdmx-podria-regresar-a-las-aulas-en-agosto-sep","status":"publish","type":"post","link":"https:\/\/visionciudadana.com.mx\/oficial\/2021\/04\/26\/cdmx-podria-regresar-a-las-aulas-en-agosto-sep\/","title":{"rendered":"CDMX podr\u00eda regresar a las aulas en agosto: SEP"},"content":{"rendered":"<p>&nbsp;<\/p>\n<p><img decoding=\"async\" src=\"images\/abril21\/en_agosto.PNG\" alt=\"en agosto\" style=\"display: block; margin: 20px auto;\" \/><\/p>\n<p style=\"text-align: justify;\"><span style=\"font-size: 14pt; font-family: arial, helvetica, sans-serif;\">La secretaria de Educaci\u00f3n P\u00fablica (SEP),&nbsp;Delfina G\u00f3mez \u00c1lvarez,&nbsp;inform\u00f3 que est\u00e1n analizando las condiciones necesarias para que la Ciudad de M\u00e9xico pueda regresar a clases presenciales en agosto.<\/span><\/p>\n<p style=\"text-align: justify;\">&nbsp;<\/p>\n<p style=\"text-align: justify;\"><span style=\"font-size: 14pt; font-family: arial, helvetica, sans-serif;\"><em>\u00abEstamos en ese proceso. Estamos analizando el proyecto de regreso a clases, que sea seguro y paulatino y no pongamos en riesgo ni a nuestros alumnos ni maestros. La idea es que en la Ciudad de M\u00e9xico sea en agosto en julio, tentativamente, queremos hacer un diagn\u00f3stico para saber c\u00f3mo est\u00e1n desde el punto de vista socioemocional de ni\u00f1os y maestros\u00bb, dijo.<\/em><em>&nbsp;<\/em><\/span><\/p>\n<p style=\"text-align: justify;\">&nbsp;<\/p>\n<p style=\"text-align: justify;\"><span style=\"font-size: 14pt; font-family: arial, helvetica, sans-serif;\">Al t\u00e9rmino de la firma de un convenio con la Secretar\u00eda de Medio Ambiente y Recursos Naturales (Semarnat), para priorizar la educaci\u00f3n ambiental durante el&nbsp;retorno a las clases presenciales en la capital del pa\u00eds, la maestra G\u00f3mez \u00c1lvarez indic\u00f3 que previo al reinicio de actividades se trabaja para aplicar un&nbsp;diagnostico socioemocional a 2.6 millones de estudiantes&nbsp;y docentes para conocer los efectos de la pandemia en ellos y establecer una estrategia para el aprendizaje.<\/span><\/p>\n<p style=\"text-align: justify;\">&nbsp;<\/p>\n<p style=\"text-align: justify;\"><span style=\"font-size: 14pt; font-family: arial, helvetica, sans-serif;\">En este sentido, se analizar\u00e1 cu\u00e1ntos docentes y padres de familia llegaron a fallecer durante este periodo de pandemia, para atender psicol\u00f3gicamente a los afectados, asimismo se evaluar\u00e1n los espacios escolares para adaptarlos a los lineamientos sanitarios.<\/span><\/p>\n<p style=\"text-align: justify;\">&nbsp;<\/p>\n<p style=\"text-align: justify;\"><span style=\"font-size: 14pt; font-family: arial, helvetica, sans-serif;\"><em>\u00abEl diagn\u00f3stico va de acuerdo con cada instituci\u00f3n. No podemos hacer un lineamiento general porque depende mucho de la situaci\u00f3n de cada escuela. Hay escuelas con espacios muy reducidos donde tendremos que buscar opciones de acuerdo con las necesidades de cada comunidad\u00bb, concluy\u00f3.<\/em><\/span><\/p>\n<p style=\"text-align: justify;\">&nbsp;<\/p>\n<p style=\"text-align: justify;\">&nbsp;<\/p>\n<p style=\"text-align: justify;\"><span style=\"font-size: 14pt; font-family: arial, helvetica, sans-serif;\">FUENTE: diariodemexico.com<\/span><\/p>\n","protected":false},"excerpt":{"rendered":"<p>&nbsp; La secretaria de Educaci\u00f3n P\u00fablica (SEP),&nbsp;Delfina G\u00f3mez \u00c1lvarez,&nbsp;inform\u00f3 que est\u00e1n analizando las condiciones necesarias para que la Ciudad de M\u00e9xico pueda regresar a clases presenciales en agosto. &nbsp; \u00abEstamos en ese proceso. Estamos analizando el proyecto de regreso a clases, que sea seguro y paulatino y no pongamos en riesgo ni a nuestros alumnos [&hellip;]<\/p>\n","protected":false},"author":1,"featured_media":432,"comment_status":"closed","ping_status":"closed","sticky":false,"template":"","format":"standard","meta":{"footnotes":""},"categories":[24],"tags":[],"ppma_author":[31],"class_list":["post-16781","post","type-post","status-publish","format-standard","has-post-thumbnail","hentry","category-relevantes"],"aioseo_notices":[],"authors":[{"term_id":31,"user_id":1,"is_guest":0,"slug":"ivan3vino","display_name":"Iv\u00e1n Trevi\u00f1o","avatar_url":{"url":"https:\/\/visionciudadana.com.mx\/oficial\/wp-content\/uploads\/2025\/09\/columna-ivan-Trevino.png","url2x":"https:\/\/visionciudadana.com.mx\/oficial\/wp-content\/uploads\/2025\/09\/columna-ivan-Trevino.png"},"0":null,"1":"","2":"","3":"","4":"","5":"","6":"","7":"","8":""}],"_links":{"self":[{"href":"https:\/\/visionciudadana.com.mx\/oficial\/wp-json\/wp\/v2\/posts\/16781","targetHints":{"allow":["GET"]}}],"collection":[{"href":"https:\/\/visionciudadana.com.mx\/oficial\/wp-json\/wp\/v2\/posts"}],"about":[{"href":"https:\/\/visionciudadana.com.mx\/oficial\/wp-json\/wp\/v2\/types\/post"}],"author":[{"embeddable":true,"href":"https:\/\/visionciudadana.com.mx\/oficial\/wp-json\/wp\/v2\/users\/1"}],"replies":[{"embeddable":true,"href":"https:\/\/visionciudadana.com.mx\/oficial\/wp-json\/wp\/v2\/comments?post=16781"}],"version-history":[{"count":1,"href":"https:\/\/visionciudadana.com.mx\/oficial\/wp-json\/wp\/v2\/posts\/16781\/revisions"}],"predecessor-version":[{"id":31110,"href":"https:\/\/visionciudadana.com.mx\/oficial\/wp-json\/wp\/v2\/posts\/16781\/revisions\/31110"}],"wp:featuredmedia":[{"embeddable":true,"href":"https:\/\/visionciudadana.com.mx\/oficial\/wp-json\/wp\/v2\/media\/432"}],"wp:attachment":[{"href":"https:\/\/visionciudadana.com.mx\/oficial\/wp-json\/wp\/v2\/media?parent=16781"}],"wp:term":[{"taxonomy":"category","embeddable":true,"href":"https:\/\/visionciudadana.com.mx\/oficial\/wp-json\/wp\/v2\/categories?post=16781"},{"taxonomy":"post_tag","embeddable":true,"href":"https:\/\/visionciudadana.com.mx\/oficial\/wp-json\/wp\/v2\/tags?post=16781"},{"taxonomy":"author","embeddable":true,"href":"https:\/\/visionciudadana.com.mx\/oficial\/wp-json\/wp\/v2\/ppma_author?post=16781"}],"curies":[{"name":"wp","href":"https:\/\/api.w.org\/{rel}","templated":true}]}}