{"id":16780,"date":"2021-04-26T22:34:12","date_gmt":"2021-04-26T22:34:12","guid":{"rendered":"https:\/\/visionciudadana.com.mx\/chio\/2021\/04\/26\/cesar-quevedo-y-su-equipo-de-campana-pintan-las-fachadas-de-navolato\/"},"modified":"2025-06-25T00:16:22","modified_gmt":"2025-06-25T00:16:22","slug":"cesar-quevedo-y-su-equipo-de-campana-pintan-las-fachadas-de-navolato","status":"publish","type":"post","link":"https:\/\/visionciudadana.com.mx\/oficial\/2021\/04\/26\/cesar-quevedo-y-su-equipo-de-campana-pintan-las-fachadas-de-navolato\/","title":{"rendered":"C\u00e9sar Quevedo y su equipo de campa\u00f1a pintan las fachadas de Navolato"},"content":{"rendered":"<p style=\"text-align: justify;\"><img fetchpriority=\"high\" decoding=\"async\" src=\"images\/abril21\/cesar_q.jpg\" alt=\"cesar q\" width=\"780\" height=\"420\" style=\"display: block; margin: 20px auto;\" \/><br \/><i><br \/><\/i><br \/><span style=\"font-size: 14pt; font-family: arial, helvetica, sans-serif;\">Como parte de sus actividades el candidato a la presidencia municipal de Navolato por el Partido Acci\u00f3n Nacional, C\u00e9sar Quevedo Inzunza, recorri\u00f3 la colonia Amalia Plata no solo para saludar a los ciudadanos, sino para pintarles su fachada.<\/span><\/p>\n<p style=\"text-align: justify;\"><span style=\"font-size: 14pt; font-family: arial, helvetica, sans-serif;\"><\/span><\/p>\n<p><span style=\"font-size: 14pt; font-family: arial, helvetica, sans-serif;\">En apoyo de su equipo de campa\u00f1a, conformado por familiares, amigos y voluntariado, se comenz\u00f3 con la pinta de fachadas con la finalidad de cambiar el estado de \u00e1nimo de los navolatenses beneficiados y principalmente para mejorar las fachadas de la cabecera municipal.<\/span><\/p>\n<p style=\"text-align: justify;\">\n<p><span style=\"font-size: 14pt; font-family: arial, helvetica, sans-serif;\">El candidato blanquiazul refiri\u00f3 que es una actividad que quiere continuar por diferentes colonias y localidades, no solo durante el periodo de campa\u00f1a sino cuando se instale en el ayuntamiento, luego de obtener el triunfo el pr\u00f3ximo 6 de junio.<\/span><\/p>\n<p style=\"text-align: justify;\">\n<p><span style=\"font-size: 14pt; font-family: arial, helvetica, sans-serif;\">\u201cEmpezamos con algunas casas, pero seguramente estaremos en condiciones en cuanto seamos gobierno para agarrar colonias enteras para pintar y cambiar el estado de \u00e1nimo de Navolato, por el Navolato que anhelamos y aspiramos\u201d, destac\u00f3.<\/span><\/p>\n<p style=\"text-align: justify;\">\n<p><span style=\"font-size: 14pt; font-family: arial, helvetica, sans-serif;\">La ciudadan\u00eda se mostr\u00f3 agradecida con el candidato y le declararon su respaldo, ya que se manifiestan a favor de este proyecto que busca detonar el desarrollo de Navolato.<\/span><\/p>\n<p>&nbsp;<\/p>\n<p>&nbsp;<\/p>\n<p>REDACCI\u00d3N\/VISI\u00d3N CIUDADANA.<\/p>\n","protected":false},"excerpt":{"rendered":"<p>Como parte de sus actividades el candidato a la presidencia municipal de Navolato por el Partido Acci\u00f3n Nacional, C\u00e9sar Quevedo Inzunza, recorri\u00f3 la colonia Amalia Plata no solo para saludar a los ciudadanos, sino para pintarles su fachada. En apoyo de su equipo de campa\u00f1a, conformado por familiares, amigos y voluntariado, se comenz\u00f3 con la [&hellip;]<\/p>\n","protected":false},"author":1,"featured_media":430,"comment_status":"closed","ping_status":"closed","sticky":false,"template":"","format":"standard","meta":{"footnotes":""},"categories":[13],"tags":[],"ppma_author":[31],"class_list":["post-16780","post","type-post","status-publish","format-standard","has-post-thumbnail","hentry","category-locales"],"aioseo_notices":[],"authors":[{"term_id":31,"user_id":1,"is_guest":0,"slug":"ivan3vino","display_name":"Iv\u00e1n Trevi\u00f1o","avatar_url":{"url":"https:\/\/visionciudadana.com.mx\/oficial\/wp-content\/uploads\/2025\/09\/columna-ivan-Trevino.png","url2x":"https:\/\/visionciudadana.com.mx\/oficial\/wp-content\/uploads\/2025\/09\/columna-ivan-Trevino.png"},"0":null,"1":"","2":"","3":"","4":"","5":"","6":"","7":"","8":""}],"_links":{"self":[{"href":"https:\/\/visionciudadana.com.mx\/oficial\/wp-json\/wp\/v2\/posts\/16780","targetHints":{"allow":["GET"]}}],"collection":[{"href":"https:\/\/visionciudadana.com.mx\/oficial\/wp-json\/wp\/v2\/posts"}],"about":[{"href":"https:\/\/visionciudadana.com.mx\/oficial\/wp-json\/wp\/v2\/types\/post"}],"author":[{"embeddable":true,"href":"https:\/\/visionciudadana.com.mx\/oficial\/wp-json\/wp\/v2\/users\/1"}],"replies":[{"embeddable":true,"href":"https:\/\/visionciudadana.com.mx\/oficial\/wp-json\/wp\/v2\/comments?post=16780"}],"version-history":[{"count":1,"href":"https:\/\/visionciudadana.com.mx\/oficial\/wp-json\/wp\/v2\/posts\/16780\/revisions"}],"predecessor-version":[{"id":31111,"href":"https:\/\/visionciudadana.com.mx\/oficial\/wp-json\/wp\/v2\/posts\/16780\/revisions\/31111"}],"wp:featuredmedia":[{"embeddable":true,"href":"https:\/\/visionciudadana.com.mx\/oficial\/wp-json\/wp\/v2\/media\/430"}],"wp:attachment":[{"href":"https:\/\/visionciudadana.com.mx\/oficial\/wp-json\/wp\/v2\/media?parent=16780"}],"wp:term":[{"taxonomy":"category","embeddable":true,"href":"https:\/\/visionciudadana.com.mx\/oficial\/wp-json\/wp\/v2\/categories?post=16780"},{"taxonomy":"post_tag","embeddable":true,"href":"https:\/\/visionciudadana.com.mx\/oficial\/wp-json\/wp\/v2\/tags?post=16780"},{"taxonomy":"author","embeddable":true,"href":"https:\/\/visionciudadana.com.mx\/oficial\/wp-json\/wp\/v2\/ppma_author?post=16780"}],"curies":[{"name":"wp","href":"https:\/\/api.w.org\/{rel}","templated":true}]}}