{"id":16779,"date":"2021-04-26T22:04:27","date_gmt":"2021-04-26T22:04:27","guid":{"rendered":"https:\/\/visionciudadana.com.mx\/chio\/2021\/04\/26\/gobernar-con-las-mujeres-es-la-unica-forma-de-transformar-sinaloa-ruben-rocha-moya\/"},"modified":"2025-06-25T00:16:22","modified_gmt":"2025-06-25T00:16:22","slug":"gobernar-con-las-mujeres-es-la-unica-forma-de-transformar-sinaloa-ruben-rocha-moya","status":"publish","type":"post","link":"https:\/\/visionciudadana.com.mx\/oficial\/2021\/04\/26\/gobernar-con-las-mujeres-es-la-unica-forma-de-transformar-sinaloa-ruben-rocha-moya\/","title":{"rendered":"Gobernar con las mujeres es la \u00fanica forma de transformar Sinaloa: Rub\u00e9n Rocha Moya\u00a0"},"content":{"rendered":"<div>\n<p style=\"text-align: justify;\">&nbsp;<\/p>\n<p style=\"text-align: justify;\"><img decoding=\"async\" src=\"images\/abril21\/rocha_moya8.PNG\" alt=\"rocha moya8\" style=\"display: block; margin: 20px auto;\" \/><\/p>\n<p class=\"x_MsoNormal\" style=\"text-align: justify;\"><span style=\"font-size: 14pt; font-family: arial, helvetica, sans-serif;\">En compa\u00f1\u00eda de su hija la Doctora en Educaci\u00f3n Eneyda Rocha Ruiz, afirm\u00f3: \u201cVamos a gobernar con las mujeres de Sinaloa, vamos a hacer un trabajo conjunto, es la \u00fanica manera de transformar, porque parte fundamental de este proceso es la igualdad de g\u00e9nero, si empezamos a transformar y no tenemos a las mujeres incorporadas en nuestro proyecto entonces ya estamos mal\u201d.&nbsp;<\/span><\/p>\n<p style=\"text-align: justify;\">&nbsp;<\/p>\n<p class=\"x_MsoNormal\" style=\"text-align: justify;\"><span style=\"font-size: 14pt; font-family: arial, helvetica, sans-serif;\">Al participar en el Di\u00e1logo con mujeres sinaloenses hacia la transformaci\u00f3n de Sinaloa, Rocha Moya estableci\u00f3 que incluso, las mujeres que participen en los gabinetes, lo har\u00e1n en igualdad con los hombres en las secretar\u00edas, del tama\u00f1o que \u00e9stas sean, es decir, \u00abque tengan la misma posibilidad; as\u00ed como est\u00e1 Olga S\u00e1nchez Cordero, en la Secretar\u00eda de Gobernaci\u00f3n\u00bb.&nbsp;<\/span><\/p>\n<p style=\"text-align: justify;\">&nbsp;<\/p>\n<p class=\"x_MsoNormal\" style=\"text-align: justify;\"><span style=\"font-size: 14pt; font-family: arial, helvetica, sans-serif;\">Durante el encuentro en el que participaron ingenieras, arquitectas, m\u00e9dicas, enfermeras, maestras normalistas, bi\u00f3logas, abogadas, contadoras, entre otras, as\u00ed como gobernadoras ind\u00edgenas, Rocha Moya reiter\u00f3 que en el tema de la violencia de g\u00e9nero su gobierno promover\u00e1 de inmediato reformas a la Ley Org\u00e1nica de la Fiscal\u00eda General para incorporar una fiscal\u00eda especializada en delitos de g\u00e9nero y de igual forma a la Ley el Poder Judicial para incorporar juzgados especializados en la materia.<\/span><\/p>\n<p style=\"text-align: justify;\">&nbsp;<\/p>\n<p class=\"x_MsoNormal\" style=\"text-align: justify;\"><span style=\"font-size: 14pt; font-family: arial, helvetica, sans-serif;\">&nbsp;Rocha Moya fue acompa\u00f1ado, adem\u00e1s de su hija la Dra. Eneyda Rocha Ruiz, por el candidato a presidente municipal de Ahome, Gerardo Vargas Landeros; la candidata a diputada federal por el Distrito 2, Ana Elizabeth Ayala Leyva; la candidata a diputada local por el Distrito 4, Elizabeth Ch\u00eda Galaviz; la candidata a diputada local por el Distrito 5, Cecilia Covarrubias Gonz\u00e1lez; y el presidente estatal del PAS; H\u00e9ctor Melesio Cu\u00e9n Ojeda.<\/span><\/p>\n<p style=\"text-align: justify;\">&nbsp;<\/p>\n<p class=\"x_MsoNormal\" style=\"text-align: justify;\"><span style=\"font-size: 14pt; font-family: arial, helvetica, sans-serif;\">&nbsp;Entrevistado por los medios, antes del encuentro, sobre el significado de la entrega del bast\u00f3n de mando de las comunidades yoremes, que le hicieron los gobernadores tradicionales de El Fuerte, el candidato afirm\u00f3 que su gobierno contribuir\u00e1 para saldar la deuda hist\u00f3rica con los ind\u00edgenas de Sinaloa.&nbsp;<\/span><\/p>\n<p style=\"text-align: justify;\">&nbsp;<\/p>\n<p class=\"x_MsoNormal\" style=\"text-align: justify;\"><span style=\"font-size: 14pt; font-family: arial, helvetica, sans-serif;\">\u201cRecibir el bast\u00f3n de mando de la naci\u00f3n yoreme es muy motivante, estimulante, es realmente alentador que los pueblos originarios nuestros aqu\u00ed en Sinaloa te hagan un reconocimiento de esa naturaleza, tenemos a cambio que responderles, en realidad los ind\u00edgenas est\u00e1n muy marginados, y los yoremes-mayos no son los \u00fanicos, en Sinaloa tenemos rar\u00e1muris, tepehuanes, y los migrantes que vienen a trabajar aqu\u00ed, que son ind\u00edgenas de Oaxaca o de Guerrero\u2026\u201d, expres\u00f3 en entrevista previa a su participaci\u00f3n en un encuentro con mujeres del sector acad\u00e9mico.<\/span><\/p>\n<p style=\"text-align: justify;\">&nbsp;<\/p>\n<p class=\"x_MsoNormal\" style=\"text-align: justify;\"><span style=\"font-size: 14pt; font-family: arial, helvetica, sans-serif;\">&nbsp;El candidato de la alianza Morena-PAS a la gubernatura, se\u00f1al\u00f3 que en ese sentido estableci\u00f3 el compromiso de que su gobierno responder\u00e1 para resolver los rezagos que los ind\u00edgenas plantean y que van desde los servicios p\u00fablicos hasta recuperar las instituciones de atenci\u00f3n ind\u00edgena, las cuales ser\u00e1n dirigidas por miembros de los pueblos&nbsp;originales, no por los llamados \u201cyoris\u201d.<\/span><\/p>\n<p style=\"text-align: justify;\">&nbsp;<\/p>\n<p style=\"text-align: justify;\">&nbsp;<\/p>\n<p style=\"text-align: justify;\"><span style=\"font-size: 14pt; font-family: arial, helvetica, sans-serif;\">REDACCI\u00d3N\/VISI\u00d3N CIUDADANA.<\/span><\/p>\n<\/div>\n","protected":false},"excerpt":{"rendered":"<p>&nbsp; En compa\u00f1\u00eda de su hija la Doctora en Educaci\u00f3n Eneyda Rocha Ruiz, afirm\u00f3: \u201cVamos a gobernar con las mujeres de Sinaloa, vamos a hacer un trabajo conjunto, es la \u00fanica manera de transformar, porque parte fundamental de este proceso es la igualdad de g\u00e9nero, si empezamos a transformar y no tenemos a las mujeres [&hellip;]<\/p>\n","protected":false},"author":1,"featured_media":428,"comment_status":"closed","ping_status":"closed","sticky":false,"template":"","format":"standard","meta":{"footnotes":""},"categories":[24],"tags":[],"ppma_author":[31],"class_list":["post-16779","post","type-post","status-publish","format-standard","has-post-thumbnail","hentry","category-relevantes"],"aioseo_notices":[],"authors":[{"term_id":31,"user_id":1,"is_guest":0,"slug":"ivan3vino","display_name":"Iv\u00e1n Trevi\u00f1o","avatar_url":{"url":"https:\/\/visionciudadana.com.mx\/oficial\/wp-content\/uploads\/2025\/09\/columna-ivan-Trevino.png","url2x":"https:\/\/visionciudadana.com.mx\/oficial\/wp-content\/uploads\/2025\/09\/columna-ivan-Trevino.png"},"0":null,"1":"","2":"","3":"","4":"","5":"","6":"","7":"","8":""}],"_links":{"self":[{"href":"https:\/\/visionciudadana.com.mx\/oficial\/wp-json\/wp\/v2\/posts\/16779","targetHints":{"allow":["GET"]}}],"collection":[{"href":"https:\/\/visionciudadana.com.mx\/oficial\/wp-json\/wp\/v2\/posts"}],"about":[{"href":"https:\/\/visionciudadana.com.mx\/oficial\/wp-json\/wp\/v2\/types\/post"}],"author":[{"embeddable":true,"href":"https:\/\/visionciudadana.com.mx\/oficial\/wp-json\/wp\/v2\/users\/1"}],"replies":[{"embeddable":true,"href":"https:\/\/visionciudadana.com.mx\/oficial\/wp-json\/wp\/v2\/comments?post=16779"}],"version-history":[{"count":1,"href":"https:\/\/visionciudadana.com.mx\/oficial\/wp-json\/wp\/v2\/posts\/16779\/revisions"}],"predecessor-version":[{"id":31112,"href":"https:\/\/visionciudadana.com.mx\/oficial\/wp-json\/wp\/v2\/posts\/16779\/revisions\/31112"}],"wp:featuredmedia":[{"embeddable":true,"href":"https:\/\/visionciudadana.com.mx\/oficial\/wp-json\/wp\/v2\/media\/428"}],"wp:attachment":[{"href":"https:\/\/visionciudadana.com.mx\/oficial\/wp-json\/wp\/v2\/media?parent=16779"}],"wp:term":[{"taxonomy":"category","embeddable":true,"href":"https:\/\/visionciudadana.com.mx\/oficial\/wp-json\/wp\/v2\/categories?post=16779"},{"taxonomy":"post_tag","embeddable":true,"href":"https:\/\/visionciudadana.com.mx\/oficial\/wp-json\/wp\/v2\/tags?post=16779"},{"taxonomy":"author","embeddable":true,"href":"https:\/\/visionciudadana.com.mx\/oficial\/wp-json\/wp\/v2\/ppma_author?post=16779"}],"curies":[{"name":"wp","href":"https:\/\/api.w.org\/{rel}","templated":true}]}}