{"id":16778,"date":"2021-04-26T21:49:39","date_gmt":"2021-04-26T21:49:39","guid":{"rendered":"https:\/\/visionciudadana.com.mx\/chio\/2021\/04\/26\/con-mario-zamora-la-oportunidad-de-salvar-a-sinaloa-de-quienes-quitaron-todo\/"},"modified":"2025-06-25T00:16:22","modified_gmt":"2025-06-25T00:16:22","slug":"con-mario-zamora-la-oportunidad-de-salvar-a-sinaloa-de-quienes-quitaron-todo","status":"publish","type":"post","link":"https:\/\/visionciudadana.com.mx\/oficial\/2021\/04\/26\/con-mario-zamora-la-oportunidad-de-salvar-a-sinaloa-de-quienes-quitaron-todo\/","title":{"rendered":"Con Mario Zamora, la oportunidad de salvar a Sinaloa de quienes quitaron todo"},"content":{"rendered":"<p style=\"text-align: justify;\"><span style=\"font-size: 14pt; font-family: arial, helvetica, sans-serif;\"><b>&nbsp;<\/b><\/span><\/p>\n<p class=\"x_gmail-MsoNoSpacing\" style=\"text-align: justify;\"><span style=\"font-size: 14pt; font-family: arial, helvetica, sans-serif;\"><img decoding=\"async\" src=\"images\/abril21\/zamora3.jpg\" alt=\"zamora3\" style=\"display: block; margin: 20px auto;\" \/><\/span><\/p>\n<p class=\"x_gmail-MsoNoSpacing\" style=\"text-align: justify;\"><span style=\"font-size: 14pt; font-family: arial, helvetica, sans-serif;\">El ex alcalde de Ahome, Zen\u00e9n Xochihua Enciso, exhort\u00f3 a los electores a hacer una reflexi\u00f3n responsable en esta elecci\u00f3n, pues advirti\u00f3 que este es el momento de salvar a Sinaloa de quienes&nbsp; tuvieron la oportunidad de ayudar pero se encargaron de quitar a la gente y a los sectores productivos programas de apoyo.<\/span><\/p>\n<p style=\"text-align: justify;\">&nbsp;<\/p>\n<p class=\"x_gmail-MsoNoSpacing\" style=\"text-align: justify;\"><span style=\"font-size: 14pt; font-family: arial, helvetica, sans-serif;\">\u201cAhora \u2014dijo\u2014 toca rescatar al municipio, acompa\u00f1ados de la mano de Mario Zamora Gast\u00e9lum y los candidatos de la alianza Va por Sinaloa\u201d.<\/span><\/p>\n<p style=\"text-align: justify;\">&nbsp;<\/p>\n<p class=\"x_gmail-MsoNoSpacing\" style=\"text-align: justify;\"><span style=\"font-size: 14pt; font-family: arial, helvetica, sans-serif;\">El ex presidente municipal acudi\u00f3 ayer al ejido Primero de Mayo para acompa\u00f1ar al pr\u00f3ximo gobernador del estado, en su gira por el norte de Sinaloa, y aprovech\u00f3 para llamar a la reflexi\u00f3n, porque la 4T de Morena no sirvi\u00f3 para gobernar Ahome, porque no supieron c\u00f3mo sacar adelante al municipio y ahora le toca al PAN, al PRI y al PRD estar juntos para rescatar a los ahomenses, para salvar a Sinaloa de la mala transformaci\u00f3n y para&nbsp; reclamarles tambi\u00e9n a los diputados no haber defendido lo que les quitaron.<\/span><\/p>\n<p style=\"text-align: justify;\">&nbsp;<\/p>\n<p class=\"x_gmail-MsoNoSpacing\" style=\"text-align: justify;\"><span style=\"font-size: 14pt; font-family: arial, helvetica, sans-serif;\">\u201cD\u00f3nde estaban los diputados federales de Morena, PT y sus aliados cuando le quitaron los apoyos al campo, d\u00f3nde estaban esos diputados cuando le quitaron los apoyos a los pescadores, cuando le quitaron el apoyo a los ganaderos, cuando quitaron las estancias infantiles, cuando quitaron el seguro popular\u201d, exclam\u00f3 Xochihua Enciso.<\/span><\/p>\n<p style=\"text-align: justify;\">&nbsp;<\/p>\n<p class=\"x_gmail-MsoNoSpacing\" style=\"text-align: justify;\"><span style=\"font-size: 14pt; font-family: arial, helvetica, sans-serif;\">Se\u00f1al\u00f3 que votar por Mario Zamora Gast\u00e9lum, para ayudarlo a ser el gobernador del estado y trabajar con miras a las elecciones del 6 de junio, es votar por alguien que s\u00ed dar\u00e1 la cara para defender los intereses de los que sacan adelante a Sinaloa con su esfuerzo y sus ganas.<\/span><\/p>\n<p style=\"text-align: justify;\">&nbsp;<\/p>\n<p class=\"x_gmail-MsoNoSpacing\" style=\"text-align: justify;\"><span style=\"font-size: 14pt; font-family: arial, helvetica, sans-serif;\">A\u00f1adi\u00f3 que en la alianza \u201cVa por Sinaloa\u201d, con los partidos del PRI, PRD y el PAN se juntaron los deseos, las ganas y la voluntad de servir a la gente para sacar adelante al pa\u00eds, al estado y al municipio de Ahome.<\/span><\/p>\n<p style=\"text-align: justify;\">&nbsp;<\/p>\n<p style=\"text-align: justify;\">&nbsp;<\/p>\n<p style=\"text-align: justify;\"><span style=\"font-size: 14pt; font-family: arial, helvetica, sans-serif;\">REDACCI\u00d3N\/VISI\u00d3N CIUDADANA.<\/span><\/p>\n","protected":false},"excerpt":{"rendered":"<p>&nbsp; El ex alcalde de Ahome, Zen\u00e9n Xochihua Enciso, exhort\u00f3 a los electores a hacer una reflexi\u00f3n responsable en esta elecci\u00f3n, pues advirti\u00f3 que este es el momento de salvar a Sinaloa de quienes&nbsp; tuvieron la oportunidad de ayudar pero se encargaron de quitar a la gente y a los sectores productivos programas de apoyo. [&hellip;]<\/p>\n","protected":false},"author":1,"featured_media":426,"comment_status":"closed","ping_status":"closed","sticky":false,"template":"","format":"standard","meta":{"footnotes":""},"categories":[24],"tags":[],"ppma_author":[31],"class_list":["post-16778","post","type-post","status-publish","format-standard","has-post-thumbnail","hentry","category-relevantes"],"aioseo_notices":[],"authors":[{"term_id":31,"user_id":1,"is_guest":0,"slug":"ivan3vino","display_name":"Iv\u00e1n Trevi\u00f1o","avatar_url":{"url":"https:\/\/visionciudadana.com.mx\/oficial\/wp-content\/uploads\/2025\/09\/columna-ivan-Trevino.png","url2x":"https:\/\/visionciudadana.com.mx\/oficial\/wp-content\/uploads\/2025\/09\/columna-ivan-Trevino.png"},"0":null,"1":"","2":"","3":"","4":"","5":"","6":"","7":"","8":""}],"_links":{"self":[{"href":"https:\/\/visionciudadana.com.mx\/oficial\/wp-json\/wp\/v2\/posts\/16778","targetHints":{"allow":["GET"]}}],"collection":[{"href":"https:\/\/visionciudadana.com.mx\/oficial\/wp-json\/wp\/v2\/posts"}],"about":[{"href":"https:\/\/visionciudadana.com.mx\/oficial\/wp-json\/wp\/v2\/types\/post"}],"author":[{"embeddable":true,"href":"https:\/\/visionciudadana.com.mx\/oficial\/wp-json\/wp\/v2\/users\/1"}],"replies":[{"embeddable":true,"href":"https:\/\/visionciudadana.com.mx\/oficial\/wp-json\/wp\/v2\/comments?post=16778"}],"version-history":[{"count":1,"href":"https:\/\/visionciudadana.com.mx\/oficial\/wp-json\/wp\/v2\/posts\/16778\/revisions"}],"predecessor-version":[{"id":31113,"href":"https:\/\/visionciudadana.com.mx\/oficial\/wp-json\/wp\/v2\/posts\/16778\/revisions\/31113"}],"wp:featuredmedia":[{"embeddable":true,"href":"https:\/\/visionciudadana.com.mx\/oficial\/wp-json\/wp\/v2\/media\/426"}],"wp:attachment":[{"href":"https:\/\/visionciudadana.com.mx\/oficial\/wp-json\/wp\/v2\/media?parent=16778"}],"wp:term":[{"taxonomy":"category","embeddable":true,"href":"https:\/\/visionciudadana.com.mx\/oficial\/wp-json\/wp\/v2\/categories?post=16778"},{"taxonomy":"post_tag","embeddable":true,"href":"https:\/\/visionciudadana.com.mx\/oficial\/wp-json\/wp\/v2\/tags?post=16778"},{"taxonomy":"author","embeddable":true,"href":"https:\/\/visionciudadana.com.mx\/oficial\/wp-json\/wp\/v2\/ppma_author?post=16778"}],"curies":[{"name":"wp","href":"https:\/\/api.w.org\/{rel}","templated":true}]}}