{"id":16770,"date":"2021-04-23T20:01:32","date_gmt":"2021-04-23T20:01:32","guid":{"rendered":"https:\/\/visionciudadana.com.mx\/chio\/2021\/04\/23\/retiran-estructura-de-espectaculares-por-carecer-de-permisos-y-representar-un-peligro-a-la-ciudadania\/"},"modified":"2025-06-25T00:16:23","modified_gmt":"2025-06-25T00:16:23","slug":"retiran-estructura-de-espectaculares-por-carecer-de-permisos-y-representar-un-peligro-a-la-ciudadania","status":"publish","type":"post","link":"https:\/\/visionciudadana.com.mx\/oficial\/2021\/04\/23\/retiran-estructura-de-espectaculares-por-carecer-de-permisos-y-representar-un-peligro-a-la-ciudadania\/","title":{"rendered":"Retiran estructura de espectaculares por carecer de permisos y representar un peligro a la ciudadan\u00eda"},"content":{"rendered":"<p style=\"text-align: justify;\">&nbsp;<\/p>\n<p><img decoding=\"async\" src=\"images\/abril21\/retiran_espec.jpg\" alt=\"retiran espec\" style=\"display: block; margin: 20px auto;\" \/><\/p>\n<p class=\"x_MsoNormal\" style=\"text-align: justify;\"><span style=\"font-size: 14pt; font-family: arial, helvetica, sans-serif;\">Debido al peligro que representan en contra de la salud p\u00fablica, la Coordinaci\u00f3n de Inspecci\u00f3n y Vigilancia llev\u00f3 a cabo el retiro de una estructura met\u00e1lica para anuncios espectaculares que se encontraba sobre un bien inmueble ubicado por la avenida \u00c1lvaro Obreg\u00f3n esquina con calle Gral. Antonio Rosales.<\/span><\/p>\n<p style=\"text-align: justify;\">&nbsp;<\/p>\n<p class=\"x_MsoNormal\" style=\"text-align: justify;\"><span style=\"font-size: 14pt; font-family: arial, helvetica, sans-serif;\">Tras la determinaci\u00f3n emitida por la Coordinaci\u00f3n Municipal de Protecci\u00f3n Civil, derivada del resultado del dictamen t\u00e9cnico de evaluaci\u00f3n y riesgos, se procedi\u00f3 al retiro de la estructura al detectar un avanzado estado de corrosi\u00f3n y deterioro en la base y elementos met\u00e1licos que la componen.<\/span><\/p>\n<p style=\"text-align: justify;\">&nbsp;<\/p>\n<p class=\"x_MsoNormal\" style=\"text-align: justify;\"><span style=\"font-size: 14pt; font-family: arial, helvetica, sans-serif;\">De igual manera, en la mencionada avenida esquina con Francisco Villa, se inici\u00f3 hoy a remover otra estructura que de igual forma cuenta con el dictamen de Protecci\u00f3n Civil Municipal por carecer de mantenimiento y tambi\u00e9n representar un riesgo para los ciudadanos.<\/span><\/p>\n<p style=\"text-align: justify;\">&nbsp;<\/p>\n<p class=\"x_MsoNormal\" style=\"text-align: justify;\"><span style=\"font-size: 14pt; font-family: arial, helvetica, sans-serif;\">Este operativo forma parte de la primera etapa de retiro de espectaculares distribuidos por la avenida Obreg\u00f3n en el tramo comprendido de Ignacio Zaragoza a bulevar Leyva Solano.<\/span><\/p>\n<p style=\"text-align: justify;\">&nbsp;<\/p>\n<p class=\"x_MsoNormal\" style=\"text-align: justify;\"><span style=\"font-size: 14pt; font-family: arial, helvetica, sans-serif;\">Hasta la fecha suman 12 estructuras removidas, quedando pendiente 7 m\u00e1s para quitar dentro del primer cuadro de la ciudad.<\/span><\/p>\n<p style=\"text-align: justify;\">&nbsp;<\/p>\n<p class=\"x_MsoNormal\" style=\"text-align: justify;\"><span style=\"font-size: 14pt; font-family: arial, helvetica, sans-serif;\">Asimismo, son anuncios que carecen de los permisos correspondientes para su instalaci\u00f3n, ya que sus dimensiones no cumplen con las especificaciones t\u00e9cnicas que establece la Secretar\u00eda de Desarrollo Urbano Sustentable.<\/span><\/p>\n<p style=\"text-align: justify;\">&nbsp;<\/p>\n<p class=\"x_MsoNormal\" style=\"text-align: justify;\"><span style=\"font-size: 14pt; font-family: arial, helvetica, sans-serif;\">Lo anterior a su vez, genera una mayor contaminaci\u00f3n visual del entorno, afectando la est\u00e9tica al saturar con elementos de publicidad el paisaje urbano.<\/span><\/p>\n<p style=\"text-align: justify;\">&nbsp;<\/p>\n<p style=\"text-align: justify;\">&nbsp;<\/p>\n<p style=\"text-align: justify;\"><span style=\"font-size: 14pt; font-family: arial, helvetica, sans-serif;\">REDACCI\u00d3N\/VISI\u00d3N CIUDADANA.<\/span><\/p>\n","protected":false},"excerpt":{"rendered":"<p>&nbsp; Debido al peligro que representan en contra de la salud p\u00fablica, la Coordinaci\u00f3n de Inspecci\u00f3n y Vigilancia llev\u00f3 a cabo el retiro de una estructura met\u00e1lica para anuncios espectaculares que se encontraba sobre un bien inmueble ubicado por la avenida \u00c1lvaro Obreg\u00f3n esquina con calle Gral. Antonio Rosales. &nbsp; Tras la determinaci\u00f3n emitida por [&hellip;]<\/p>\n","protected":false},"author":1,"featured_media":415,"comment_status":"closed","ping_status":"closed","sticky":false,"template":"","format":"standard","meta":{"footnotes":""},"categories":[13],"tags":[],"ppma_author":[31],"class_list":["post-16770","post","type-post","status-publish","format-standard","has-post-thumbnail","hentry","category-locales"],"aioseo_notices":[],"authors":[{"term_id":31,"user_id":1,"is_guest":0,"slug":"ivan3vino","display_name":"Iv\u00e1n Trevi\u00f1o","avatar_url":{"url":"https:\/\/visionciudadana.com.mx\/oficial\/wp-content\/uploads\/2025\/09\/columna-ivan-Trevino.png","url2x":"https:\/\/visionciudadana.com.mx\/oficial\/wp-content\/uploads\/2025\/09\/columna-ivan-Trevino.png"},"0":null,"1":"","2":"","3":"","4":"","5":"","6":"","7":"","8":""}],"_links":{"self":[{"href":"https:\/\/visionciudadana.com.mx\/oficial\/wp-json\/wp\/v2\/posts\/16770","targetHints":{"allow":["GET"]}}],"collection":[{"href":"https:\/\/visionciudadana.com.mx\/oficial\/wp-json\/wp\/v2\/posts"}],"about":[{"href":"https:\/\/visionciudadana.com.mx\/oficial\/wp-json\/wp\/v2\/types\/post"}],"author":[{"embeddable":true,"href":"https:\/\/visionciudadana.com.mx\/oficial\/wp-json\/wp\/v2\/users\/1"}],"replies":[{"embeddable":true,"href":"https:\/\/visionciudadana.com.mx\/oficial\/wp-json\/wp\/v2\/comments?post=16770"}],"version-history":[{"count":1,"href":"https:\/\/visionciudadana.com.mx\/oficial\/wp-json\/wp\/v2\/posts\/16770\/revisions"}],"predecessor-version":[{"id":31115,"href":"https:\/\/visionciudadana.com.mx\/oficial\/wp-json\/wp\/v2\/posts\/16770\/revisions\/31115"}],"wp:featuredmedia":[{"embeddable":true,"href":"https:\/\/visionciudadana.com.mx\/oficial\/wp-json\/wp\/v2\/media\/415"}],"wp:attachment":[{"href":"https:\/\/visionciudadana.com.mx\/oficial\/wp-json\/wp\/v2\/media?parent=16770"}],"wp:term":[{"taxonomy":"category","embeddable":true,"href":"https:\/\/visionciudadana.com.mx\/oficial\/wp-json\/wp\/v2\/categories?post=16770"},{"taxonomy":"post_tag","embeddable":true,"href":"https:\/\/visionciudadana.com.mx\/oficial\/wp-json\/wp\/v2\/tags?post=16770"},{"taxonomy":"author","embeddable":true,"href":"https:\/\/visionciudadana.com.mx\/oficial\/wp-json\/wp\/v2\/ppma_author?post=16770"}],"curies":[{"name":"wp","href":"https:\/\/api.w.org\/{rel}","templated":true}]}}