{"id":16769,"date":"2021-04-23T19:57:04","date_gmt":"2021-04-23T19:57:04","guid":{"rendered":"https:\/\/visionciudadana.com.mx\/chio\/2021\/04\/23\/direccion-general-de-servicios-publicos-sustituyo-arboles-que-registraban-danos-en-alturas-del-sur\/"},"modified":"2025-06-25T00:16:23","modified_gmt":"2025-06-25T00:16:23","slug":"direccion-general-de-servicios-publicos-sustituyo-arboles-que-registraban-danos-en-alturas-del-sur","status":"publish","type":"post","link":"https:\/\/visionciudadana.com.mx\/oficial\/2021\/04\/23\/direccion-general-de-servicios-publicos-sustituyo-arboles-que-registraban-danos-en-alturas-del-sur\/","title":{"rendered":"Direcci\u00f3n General de Servicios P\u00fablicos sustituy\u00f3 \u00e1rboles que registraban da\u00f1os en Alturas del Sur"},"content":{"rendered":"<p style=\"text-align: justify;\"><img fetchpriority=\"high\" decoding=\"async\" src=\"images\/abril21\/cambio_de_arboles.jpg\" alt=\"cambio de arboles\" width=\"780\" height=\"420\" style=\"margin: 20px auto; display: block;\" \/><\/p>\n<p>&nbsp;<\/p>\n<div style=\"text-align: justify;\"><span style=\"font-size: 14pt; font-family: arial, helvetica, sans-serif;\">Por representar un riesgo para la infraestructura del lugar, para los peatones y los automovilistas; personal de la Direcci\u00f3n General de Servicios P\u00fablicos, realiz\u00f3 el retiro de \u00e1rboles que se encontraban da\u00f1ando la carpeta asf\u00e1ltica, las banquetas y tuber\u00edas subterr\u00e1neas a trav\u00e9s del crecimiento de sus ra\u00edces, esto en el bulevar Cima del Rasac en el fraccionamiento Alturas del Sur<\/span><\/div>\n<div style=\"text-align: justify;\">&nbsp;<\/div>\n<div style=\"text-align: justify;\">&nbsp;<\/div>\n<div style=\"text-align: justify;\"><span style=\"font-size: 14pt; font-family: arial, helvetica, sans-serif;\">Previo al estudio y an\u00e1lisis de la problem\u00e1tica, se determin\u00f3 quitar de este espacio los \u00e1rboles que ya presentaban signos de crecimiento desmesurado en sus ra\u00edces, ya que la especie Neem no era la adecuada al no ser end\u00e9micas de la regi\u00f3n.&nbsp;<\/span><\/div>\n<div style=\"text-align: justify;\">&nbsp;<\/div>\n<div style=\"text-align: justify;\">&nbsp;<\/div>\n<div style=\"text-align: justify;\"><span style=\"font-size: 14pt; font-family: arial, helvetica, sans-serif;\">El sector donde se procedi\u00f3 con la sustituci\u00f3n, se inici\u00f3 la reforestaci\u00f3n inmediata con otras especies de \u00e1rboles end\u00e9micos producidos en el Vivero Municipal, 30 amapas y 15 \u00e1rboles tabachin. La Direcci\u00f3n de Medio Ambiente supervisar\u00e1 el correcto cuidado y mantenimiento de las nuevas plantas.&nbsp;&nbsp;<\/span><\/div>\n<div style=\"text-align: justify;\">&nbsp;<\/div>\n<div style=\"text-align: justify;\">&nbsp;<\/div>\n<div style=\"text-align: justify;\"><span style=\"font-size: 14pt; font-family: arial, helvetica, sans-serif;\">Se pide a la ciudadan\u00eda apoyar con el reporte oportuno de los \u00e1rboles con crecimiento en sus copas, esto para que personal de la Comuna realice el mantenimiento correctivo, y con ello, evitar futuros accidentes o da\u00f1os permanentes en la v\u00eda p\u00fablica.<\/span><\/div>\n<div style=\"text-align: justify;\">&nbsp;<\/div>\n<div style=\"text-align: justify;\">&nbsp;<\/div>\n<div style=\"text-align: justify;\">&nbsp;<\/div>\n<div style=\"text-align: justify;\"><span style=\"font-size: 14pt; font-family: arial, helvetica, sans-serif;\">REDACCI\u00d3N\/VISI\u00d3N CIUDADANA.<\/span><\/div>\n","protected":false},"excerpt":{"rendered":"<p>&nbsp; Por representar un riesgo para la infraestructura del lugar, para los peatones y los automovilistas; personal de la Direcci\u00f3n General de Servicios P\u00fablicos, realiz\u00f3 el retiro de \u00e1rboles que se encontraban da\u00f1ando la carpeta asf\u00e1ltica, las banquetas y tuber\u00edas subterr\u00e1neas a trav\u00e9s del crecimiento de sus ra\u00edces, esto en el bulevar Cima del Rasac [&hellip;]<\/p>\n","protected":false},"author":1,"featured_media":413,"comment_status":"closed","ping_status":"closed","sticky":false,"template":"","format":"standard","meta":{"footnotes":""},"categories":[13],"tags":[],"ppma_author":[31],"class_list":["post-16769","post","type-post","status-publish","format-standard","has-post-thumbnail","hentry","category-locales"],"aioseo_notices":[],"authors":[{"term_id":31,"user_id":1,"is_guest":0,"slug":"ivan3vino","display_name":"Iv\u00e1n Trevi\u00f1o","avatar_url":{"url":"https:\/\/visionciudadana.com.mx\/oficial\/wp-content\/uploads\/2025\/09\/columna-ivan-Trevino.png","url2x":"https:\/\/visionciudadana.com.mx\/oficial\/wp-content\/uploads\/2025\/09\/columna-ivan-Trevino.png"},"0":null,"1":"","2":"","3":"","4":"","5":"","6":"","7":"","8":""}],"_links":{"self":[{"href":"https:\/\/visionciudadana.com.mx\/oficial\/wp-json\/wp\/v2\/posts\/16769","targetHints":{"allow":["GET"]}}],"collection":[{"href":"https:\/\/visionciudadana.com.mx\/oficial\/wp-json\/wp\/v2\/posts"}],"about":[{"href":"https:\/\/visionciudadana.com.mx\/oficial\/wp-json\/wp\/v2\/types\/post"}],"author":[{"embeddable":true,"href":"https:\/\/visionciudadana.com.mx\/oficial\/wp-json\/wp\/v2\/users\/1"}],"replies":[{"embeddable":true,"href":"https:\/\/visionciudadana.com.mx\/oficial\/wp-json\/wp\/v2\/comments?post=16769"}],"version-history":[{"count":1,"href":"https:\/\/visionciudadana.com.mx\/oficial\/wp-json\/wp\/v2\/posts\/16769\/revisions"}],"predecessor-version":[{"id":31116,"href":"https:\/\/visionciudadana.com.mx\/oficial\/wp-json\/wp\/v2\/posts\/16769\/revisions\/31116"}],"wp:featuredmedia":[{"embeddable":true,"href":"https:\/\/visionciudadana.com.mx\/oficial\/wp-json\/wp\/v2\/media\/413"}],"wp:attachment":[{"href":"https:\/\/visionciudadana.com.mx\/oficial\/wp-json\/wp\/v2\/media?parent=16769"}],"wp:term":[{"taxonomy":"category","embeddable":true,"href":"https:\/\/visionciudadana.com.mx\/oficial\/wp-json\/wp\/v2\/categories?post=16769"},{"taxonomy":"post_tag","embeddable":true,"href":"https:\/\/visionciudadana.com.mx\/oficial\/wp-json\/wp\/v2\/tags?post=16769"},{"taxonomy":"author","embeddable":true,"href":"https:\/\/visionciudadana.com.mx\/oficial\/wp-json\/wp\/v2\/ppma_author?post=16769"}],"curies":[{"name":"wp","href":"https:\/\/api.w.org\/{rel}","templated":true}]}}