{"id":16768,"date":"2021-04-23T19:52:19","date_gmt":"2021-04-23T19:52:19","guid":{"rendered":"https:\/\/visionciudadana.com.mx\/chio\/2021\/04\/23\/propuestas-si-difamaciones-no-en-el-debate-de-candidatos-para-la-alcaldia-de-ahome-gerardo-vargas-landeros\/"},"modified":"2025-06-25T00:16:23","modified_gmt":"2025-06-25T00:16:23","slug":"propuestas-si-difamaciones-no-en-el-debate-de-candidatos-para-la-alcaldia-de-ahome-gerardo-vargas-landeros","status":"publish","type":"post","link":"https:\/\/visionciudadana.com.mx\/oficial\/2021\/04\/23\/propuestas-si-difamaciones-no-en-el-debate-de-candidatos-para-la-alcaldia-de-ahome-gerardo-vargas-landeros\/","title":{"rendered":"\u00abPropuestas SI difamaciones NO en el debate de candidatos para la alcald\u00eda de Ahome\u00bb Gerardo Vargas Landeros."},"content":{"rendered":"<p><img decoding=\"async\" src=\"images\/abril21\/propuestas_si.jpg\" alt=\"propuestas si\" style=\"display: block; margin: 20px auto;\" \/><\/p>\n<p>&nbsp;<\/p>\n<p style=\"text-align: justify;\"><span style=\"font-size: 14pt; font-family: arial, helvetica, sans-serif;\">Ante el Lic. Martin Gonz\u00e1lez Burgos, presidente del Comit\u00e9 Municipal Electoral, Gerardo Vargas Landeros, candidato de MORENA y PAS para la alcald\u00eda de Ahome firm\u00f3 la carta compromiso para respetar las reglas establecidas durante su participaci\u00f3n en el debate entre los aspirantes para la presidencia municipal de los diferentes partidos pol\u00edticos.<\/span><\/p>\n<p style=\"text-align: justify;\">&nbsp;<\/p>\n<p style=\"text-align: justify;\"><span style=\"font-size: 14pt; font-family: arial, helvetica, sans-serif;\">En punto de las 11 de la ma\u00f1ana de \u00e9ste viernesse present\u00f3 en las oficinas del Comit\u00e9 Municipal Electoral del municipio de Ahome ubicadas por Heriberto Valdez # 939 en la ciudad de Los Mochis.<\/span><\/p>\n<p style=\"text-align: justify;\">&nbsp;<\/p>\n<p style=\"text-align: justify;\"><span style=\"font-size: 14pt; font-family: arial, helvetica, sans-serif;\">Con mucha seguridad en sus palabras, Gerardo Vargas Landeros ratific\u00f3 su postura y compromiso de conducirse con todo respeto ante los dem\u00e1s candidatos, evitando las descalificaciones y difamaciones.<\/span><\/p>\n<p style=\"text-align: justify;\">&nbsp;<\/p>\n<p style=\"text-align: justify;\"><span style=\"font-size: 14pt; font-family: arial, helvetica, sans-serif;\">\u00abRatifico mi postura de llevarme con todos los candidatos y las candidatas con todo el respeto que me merecen ellos, ellas pero sobre todo la ciudadan\u00eda ahomense y de mi parte ninguna difamaci\u00f3n, no estoy de acuerdo con la guerra sucia, la guerra negra como ya ha empezado\u00bb.<\/span><\/p>\n<p style=\"text-align: justify;\">&nbsp;<\/p>\n<p style=\"text-align: justify;\"><span style=\"font-size: 14pt; font-family: arial, helvetica, sans-serif;\">Gerardo Vargas Landeros exhort\u00f3 en forma respetuosa a las autoridades electorales para que tambi\u00e9n hagan lo mismo y de esa manera evitar las confrontaciones entre los seguidores y simpatizantes de cada uno de los aspirantes.<\/span><\/p>\n<p style=\"text-align: justify;\">&nbsp;<\/p>\n<p style=\"text-align: justify;\"><span style=\"font-size: 14pt; font-family: arial, helvetica, sans-serif;\">\u00abA trav\u00e9s de ustedes ojal\u00e1 que se pueda hacer llegar a los dem\u00e1s candidatos para evitar confrontaciones entre nuestra gente y sobre todo incentivar la participaci\u00f3n ciudadana el d\u00eda 6 de junio\u00bb<\/span><\/p>\n<p style=\"text-align: justify;\">&nbsp;<\/p>\n<p style=\"text-align: justify;\"><span style=\"font-size: 14pt; font-family: arial, helvetica, sans-serif;\">Cabe se\u00f1alar que Gerardo Vargas Landeros fue el primero de todos los candidatos para la alcald\u00eda de Ahome en presentarse a firmar la carta compromiso del debate ante las autoridades electorales.<\/span><\/p>\n<p style=\"text-align: justify;\">&nbsp;<\/p>\n<p style=\"text-align: justify;\">&nbsp;<\/p>\n<p style=\"text-align: justify;\"><span style=\"font-size: 14pt; font-family: arial, helvetica, sans-serif;\">REDACCI\u00d3N\/VISI\u00d3N CIUDADANA.<\/span><\/p>\n","protected":false},"excerpt":{"rendered":"<p>&nbsp; Ante el Lic. Martin Gonz\u00e1lez Burgos, presidente del Comit\u00e9 Municipal Electoral, Gerardo Vargas Landeros, candidato de MORENA y PAS para la alcald\u00eda de Ahome firm\u00f3 la carta compromiso para respetar las reglas establecidas durante su participaci\u00f3n en el debate entre los aspirantes para la presidencia municipal de los diferentes partidos pol\u00edticos. &nbsp; En punto [&hellip;]<\/p>\n","protected":false},"author":1,"featured_media":411,"comment_status":"closed","ping_status":"closed","sticky":false,"template":"","format":"standard","meta":{"footnotes":""},"categories":[24],"tags":[],"ppma_author":[31],"class_list":["post-16768","post","type-post","status-publish","format-standard","has-post-thumbnail","hentry","category-relevantes"],"aioseo_notices":[],"authors":[{"term_id":31,"user_id":1,"is_guest":0,"slug":"ivan3vino","display_name":"Iv\u00e1n Trevi\u00f1o","avatar_url":{"url":"https:\/\/visionciudadana.com.mx\/oficial\/wp-content\/uploads\/2025\/09\/columna-ivan-Trevino.png","url2x":"https:\/\/visionciudadana.com.mx\/oficial\/wp-content\/uploads\/2025\/09\/columna-ivan-Trevino.png"},"0":null,"1":"","2":"","3":"","4":"","5":"","6":"","7":"","8":""}],"_links":{"self":[{"href":"https:\/\/visionciudadana.com.mx\/oficial\/wp-json\/wp\/v2\/posts\/16768","targetHints":{"allow":["GET"]}}],"collection":[{"href":"https:\/\/visionciudadana.com.mx\/oficial\/wp-json\/wp\/v2\/posts"}],"about":[{"href":"https:\/\/visionciudadana.com.mx\/oficial\/wp-json\/wp\/v2\/types\/post"}],"author":[{"embeddable":true,"href":"https:\/\/visionciudadana.com.mx\/oficial\/wp-json\/wp\/v2\/users\/1"}],"replies":[{"embeddable":true,"href":"https:\/\/visionciudadana.com.mx\/oficial\/wp-json\/wp\/v2\/comments?post=16768"}],"version-history":[{"count":1,"href":"https:\/\/visionciudadana.com.mx\/oficial\/wp-json\/wp\/v2\/posts\/16768\/revisions"}],"predecessor-version":[{"id":31117,"href":"https:\/\/visionciudadana.com.mx\/oficial\/wp-json\/wp\/v2\/posts\/16768\/revisions\/31117"}],"wp:featuredmedia":[{"embeddable":true,"href":"https:\/\/visionciudadana.com.mx\/oficial\/wp-json\/wp\/v2\/media\/411"}],"wp:attachment":[{"href":"https:\/\/visionciudadana.com.mx\/oficial\/wp-json\/wp\/v2\/media?parent=16768"}],"wp:term":[{"taxonomy":"category","embeddable":true,"href":"https:\/\/visionciudadana.com.mx\/oficial\/wp-json\/wp\/v2\/categories?post=16768"},{"taxonomy":"post_tag","embeddable":true,"href":"https:\/\/visionciudadana.com.mx\/oficial\/wp-json\/wp\/v2\/tags?post=16768"},{"taxonomy":"author","embeddable":true,"href":"https:\/\/visionciudadana.com.mx\/oficial\/wp-json\/wp\/v2\/ppma_author?post=16768"}],"curies":[{"name":"wp","href":"https:\/\/api.w.org\/{rel}","templated":true}]}}