{"id":16767,"date":"2021-04-23T19:30:43","date_gmt":"2021-04-23T19:30:43","guid":{"rendered":"https:\/\/visionciudadana.com.mx\/chio\/2021\/04\/23\/atender-tema-del-narcotrafico-con-politica-de-estado-propone-ruben-rocha-moya\/"},"modified":"2025-06-25T00:16:23","modified_gmt":"2025-06-25T00:16:23","slug":"atender-tema-del-narcotrafico-con-politica-de-estado-propone-ruben-rocha-moya","status":"publish","type":"post","link":"https:\/\/visionciudadana.com.mx\/oficial\/2021\/04\/23\/atender-tema-del-narcotrafico-con-politica-de-estado-propone-ruben-rocha-moya\/","title":{"rendered":"Atender tema del narcotr\u00e1fico con pol\u00edtica de Estado, propone Rub\u00e9n Rocha Moya"},"content":{"rendered":"<p style=\"text-align: justify;\"><img decoding=\"async\" src=\"images\/abril21\/rocha_moya3.PNG\" alt=\"rocha moya3\" style=\"display: block; margin: 20px auto;\" \/><\/p>\n<div>\n<p style=\"text-align: justify;\">&nbsp;<\/p>\n<p class=\"x_MsoNormal\" style=\"text-align: justify;\"><span style=\"font-size: 14pt; font-family: arial, helvetica, sans-serif;\">El candidato de la alianza Morena-PAS a la gubernatura, Rub\u00e9n Rocha Moya puntualiz\u00f3 que es necesario establecer una pol\u00edtica de Estado para atender el tema del narcotr\u00e1fico y contribuir al abatimiento de la violencia y las adicciones que genera.<\/span><\/p>\n<p style=\"text-align: justify;\">&nbsp;<\/p>\n<p class=\"x_MsoNormal\" style=\"text-align: justify;\"><span style=\"font-size: 14pt; font-family: arial, helvetica, sans-serif;\">\u201cN\u00famero uno, no ando tratando de establecer ni pacto ni relaci\u00f3n, que quede muy claro; no me corresponde a m\u00ed, ni me corresponder\u00eda como gobernador del estado, le corresponde a la Federaci\u00f3n. N\u00famero dos, de haberlo, cualquier orientaci\u00f3n o reorientaci\u00f3n que se d\u00e9 al combate al narcotr\u00e1fico debe de ser para beneficio de la sociedad, que acabemos con la violencia derivada del crimen organizado y, dos, que abatamos en lo posible las adicciones\u201d, aclar\u00f3 entrevistado por los medios en relaci\u00f3n a un tuit del periodista Carlos Loret de Mola sobre el tema.<\/span><\/p>\n<p style=\"text-align: justify;\">&nbsp;<\/p>\n<p class=\"x_MsoNormal\" style=\"text-align: justify;\"><span style=\"font-size: 14pt; font-family: arial, helvetica, sans-serif;\">Durante un recorrido por cruceros del sector Aeropuerto y Barrancos para saludar y dialogar con automovilistas, se\u00f1al\u00f3 que no se puede ser gobernador sin ver la realidad, en la que los gobiernos del PRI y el PAN han negociado con el crimen organizado toda la vida, pero para provecho personal, y puso como ejemplo el caso del exsecretario de Seguridad P\u00fablica, Genaro Garc\u00eda Luna, y por ello, debe haber una pol\u00edtica de Estado, como la que tiene Estados Unidos, para cambiar la forma de atender el narcotr\u00e1fico.<\/span><\/p>\n<p style=\"text-align: justify;\">&nbsp;<\/p>\n<p class=\"x_MsoNormal\" style=\"text-align: justify;\"><span style=\"font-size: 14pt; font-family: arial, helvetica, sans-serif;\">\u201cEn Estados Unidos tienen a los narcotraficantes en los juzgados y les bajan penas en la negociaci\u00f3n porque la ley se los permite. Hay que discutirlo, fuera hipocres\u00eda y fuera corrupciones personales de los gobiernos \u00bfA poco aqu\u00ed no hay contacto con los delincuentes? En todas partes lo hay. El problema es que esos contactos los utilizan los gobernantes para su uso personal, para su beneficio personal; hay que instalar una pol\u00edtica de Estado\u201d, expres\u00f3.<\/span><\/p>\n<p style=\"text-align: justify;\">&nbsp;<\/p>\n<p class=\"x_MsoNormal\" style=\"text-align: justify;\"><span style=\"font-size: 14pt; font-family: arial, helvetica, sans-serif;\">El candidato precis\u00f3 que un gobernador no tiene facultad para establecer una pol\u00edtica de Estado, pues esto corresponde al Gobierno federal, y recalc\u00f3 que no puede haber negociaciones por debajo de la mesa, ni continuar la hipocres\u00eda de toda la vida que han venido haciendo los gobiernos del PRIAN: la negociaci\u00f3n de funcionarios.<\/span><\/p>\n<p style=\"text-align: justify;\">&nbsp;<\/p>\n<p class=\"x_MsoNormal\" style=\"text-align: justify;\"><span style=\"font-size: 14pt; font-family: arial, helvetica, sans-serif;\">\u201cSer\u00eda el momento de que se ensayen otras alternativas al tema, evitando las complicidades de los gobernantes con los criminales, evitando la corrupci\u00f3n, que tiene que ver con los sobornos para efecto de \u2013yo tengo un libro que se llama El Disimulo&#8211; llamarse disimulados, es decir, veo, pero no veo; es el momento de buscar alternativas y ha habido muchas y le han costado mucho a M\u00e9xico \u00bfEl combate frontal al crimen organizado, qu\u00e9 resultados nos dio? Hicimos un solo pante\u00f3n en M\u00e9xico, una tumba com\u00fan, evitemos todo eso\u201d, manifest\u00f3.<\/span><\/p>\n<p style=\"text-align: justify;\">&nbsp;<\/p>\n<p class=\"x_MsoNormal\" style=\"text-align: justify;\"><span style=\"font-size: 14pt; font-family: arial, helvetica, sans-serif;\">En otro tema y a pregunta expresa sobre el debate entre candidatos a la gubernatura que gan\u00f3 en forma contundente, consider\u00f3 que hay que cambiar el formato para hacerlo m\u00e1s atractivo para la sociedad, por ejemplo, que los medios participen de forma espont\u00e1nea con preguntas de inter\u00e9s ciudadano, no sobre infundios.<\/span><\/p>\n<p style=\"text-align: justify;\">&nbsp;<\/p>\n<p class=\"x_MsoNormal\" style=\"text-align: justify;\"><span style=\"font-size: 14pt; font-family: arial, helvetica, sans-serif;\">Rocha Moya dijo que los otros candidatos le quisieron quitar el tiempo, pero no cay\u00f3 en provocaciones y se dedic\u00f3 a presentar sus propuestas, por lo cual, se siente confiado de la percepci\u00f3n de los sinaloenses.<\/span><\/p>\n<p style=\"text-align: justify;\">&nbsp;<\/p>\n<p style=\"text-align: justify;\">&nbsp;<\/p>\n<p style=\"text-align: justify;\"><span style=\"font-size: 14pt; font-family: arial, helvetica, sans-serif;\">REDACCI\u00d3N\/VISI\u00d3N CIUDADANA.<\/span><\/p>\n<\/div>\n<div>&nbsp;<\/div>\n","protected":false},"excerpt":{"rendered":"<p>&nbsp; El candidato de la alianza Morena-PAS a la gubernatura, Rub\u00e9n Rocha Moya puntualiz\u00f3 que es necesario establecer una pol\u00edtica de Estado para atender el tema del narcotr\u00e1fico y contribuir al abatimiento de la violencia y las adicciones que genera. &nbsp; \u201cN\u00famero uno, no ando tratando de establecer ni pacto ni relaci\u00f3n, que quede muy [&hellip;]<\/p>\n","protected":false},"author":1,"featured_media":409,"comment_status":"closed","ping_status":"closed","sticky":false,"template":"","format":"standard","meta":{"footnotes":""},"categories":[24],"tags":[],"ppma_author":[31],"class_list":["post-16767","post","type-post","status-publish","format-standard","has-post-thumbnail","hentry","category-relevantes"],"aioseo_notices":[],"authors":[{"term_id":31,"user_id":1,"is_guest":0,"slug":"ivan3vino","display_name":"Iv\u00e1n Trevi\u00f1o","avatar_url":{"url":"https:\/\/visionciudadana.com.mx\/oficial\/wp-content\/uploads\/2025\/09\/columna-ivan-Trevino.png","url2x":"https:\/\/visionciudadana.com.mx\/oficial\/wp-content\/uploads\/2025\/09\/columna-ivan-Trevino.png"},"0":null,"1":"","2":"","3":"","4":"","5":"","6":"","7":"","8":""}],"_links":{"self":[{"href":"https:\/\/visionciudadana.com.mx\/oficial\/wp-json\/wp\/v2\/posts\/16767","targetHints":{"allow":["GET"]}}],"collection":[{"href":"https:\/\/visionciudadana.com.mx\/oficial\/wp-json\/wp\/v2\/posts"}],"about":[{"href":"https:\/\/visionciudadana.com.mx\/oficial\/wp-json\/wp\/v2\/types\/post"}],"author":[{"embeddable":true,"href":"https:\/\/visionciudadana.com.mx\/oficial\/wp-json\/wp\/v2\/users\/1"}],"replies":[{"embeddable":true,"href":"https:\/\/visionciudadana.com.mx\/oficial\/wp-json\/wp\/v2\/comments?post=16767"}],"version-history":[{"count":1,"href":"https:\/\/visionciudadana.com.mx\/oficial\/wp-json\/wp\/v2\/posts\/16767\/revisions"}],"predecessor-version":[{"id":31118,"href":"https:\/\/visionciudadana.com.mx\/oficial\/wp-json\/wp\/v2\/posts\/16767\/revisions\/31118"}],"wp:featuredmedia":[{"embeddable":true,"href":"https:\/\/visionciudadana.com.mx\/oficial\/wp-json\/wp\/v2\/media\/409"}],"wp:attachment":[{"href":"https:\/\/visionciudadana.com.mx\/oficial\/wp-json\/wp\/v2\/media?parent=16767"}],"wp:term":[{"taxonomy":"category","embeddable":true,"href":"https:\/\/visionciudadana.com.mx\/oficial\/wp-json\/wp\/v2\/categories?post=16767"},{"taxonomy":"post_tag","embeddable":true,"href":"https:\/\/visionciudadana.com.mx\/oficial\/wp-json\/wp\/v2\/tags?post=16767"},{"taxonomy":"author","embeddable":true,"href":"https:\/\/visionciudadana.com.mx\/oficial\/wp-json\/wp\/v2\/ppma_author?post=16767"}],"curies":[{"name":"wp","href":"https:\/\/api.w.org\/{rel}","templated":true}]}}