{"id":16766,"date":"2021-04-23T19:21:11","date_gmt":"2021-04-23T19:21:11","guid":{"rendered":"https:\/\/visionciudadana.com.mx\/chio\/2021\/04\/23\/mario-zamora-llega-fuerte-a-primer-debate-pri-prd-y-pan\/"},"modified":"2025-06-25T00:16:23","modified_gmt":"2025-06-25T00:16:23","slug":"mario-zamora-llega-fuerte-a-primer-debate-pri-prd-y-pan","status":"publish","type":"post","link":"https:\/\/visionciudadana.com.mx\/oficial\/2021\/04\/23\/mario-zamora-llega-fuerte-a-primer-debate-pri-prd-y-pan\/","title":{"rendered":"Mario Zamora llega fuerte a primer debate: PRI, PRD y PAN."},"content":{"rendered":"<p style=\"text-align: justify;\"><span style=\"font-size: 14pt; font-family: arial, helvetica, sans-serif;\"><img fetchpriority=\"high\" decoding=\"async\" src=\"images\/abril21\/mario_gano.jpg\" alt=\"mario gano\" width=\"780\" height=\"420\" style=\"display: block; margin: 20px auto;\" \/><br \/><\/span><\/p>\n<div style=\"text-align: justify;\"><span style=\"font-size: 14pt; font-family: arial, helvetica, sans-serif;\"><\/span><\/div>\n<div style=\"text-align: justify;\"><span style=\"font-size: 14pt; font-family: arial, helvetica, sans-serif;\">Las dirigencias estatales del PRI, PRD y PAN, que integran la coalici\u00f3n \u201cVa por Sinaloa\u201d, resaltaron que Mario Zamora llega fuerte, propositivo y con una campa\u00f1a en pleno ascenso al primer debate entre las y los candidatos a la gubernatura que se llevar\u00e1 a cabo este jueves 22 de abril.<\/span><\/div>\n<div style=\"text-align: justify;\">&nbsp;<\/div>\n<div style=\"text-align: justify;\"><span style=\"font-size: 14pt; font-family: arial, helvetica, sans-serif;\"><\/span><\/div>\n<div style=\"text-align: justify;\"><span style=\"font-size: 14pt; font-family: arial, helvetica, sans-serif;\">Jesus Vald\u00e9s Palazuelos, presidente del PRI en la entidad y coordinador de la campa\u00f1a de Mario Zamora, indic\u00f3 que todos los d\u00edas se suman intelectuales, pescadores, empresarios, mujeres, acad\u00e9micos y j\u00f3venes que creen en las propuestas y la visi\u00f3n de gobierno que Zamora encabeza.<\/span><\/div>\n<div style=\"text-align: justify;\">&nbsp;<\/div>\n<div style=\"text-align: justify;\"><span style=\"font-size: 14pt; font-family: arial, helvetica, sans-serif;\"><\/span><\/div>\n<div style=\"text-align: justify;\"><span style=\"font-size: 14pt; font-family: arial, helvetica, sans-serif;\">\u201cMario est\u00e1 muy echado para adelante. Mario ha caminado el estado ya pr\u00e1cticamente siete veces. Est\u00e1 escuchando a la gente. Ma\u00f1ana la gente escuchar\u00e1 la mejor propuesta y sobre todo compromisos muy claros. Tendremos un candidato, en el caso de Mario Zamora, muy propositivo. Muy comprometido para que lo que se diga se cumpla\u201d.<\/span><\/div>\n<div style=\"text-align: justify;\">&nbsp;<\/div>\n<div style=\"text-align: justify;\"><span style=\"font-size: 14pt; font-family: arial, helvetica, sans-serif;\"><\/span><\/div>\n<div style=\"text-align: justify;\"><span style=\"font-size: 14pt; font-family: arial, helvetica, sans-serif;\">Por su parte, Juan Carlos Estrada Vega, presidente del PAN en el estado, se\u00f1al\u00f3 que Mario Zamora es un hombre muy capaz, servidor p\u00fablico probado, una persona honesta y preparado para concretar el proyecto de gobierno que han venido proponiendo a la ciudadan\u00eda en estos 18 d\u00edas de campa\u00f1a.<\/span><\/div>\n<div style=\"text-align: justify;\">&nbsp;<\/div>\n<div style=\"text-align: justify;\"><span style=\"font-size: 14pt; font-family: arial, helvetica, sans-serif;\"><\/span><\/div>\n<div style=\"text-align: justify;\"><span style=\"font-size: 14pt; font-family: arial, helvetica, sans-serif;\">\u201cVemos a un Mario Zamora que llega fuerte, llega con una aprobaci\u00f3n muy alta de la sociedad sinaloense, con una campa\u00f1a ascendente, que todos los d\u00edas crece y crece, pero sobre todo vemos a un Mario que llega con un amplio conocimiento de la problem\u00e1tica de Sinaloa, con un amplio conocimiento de las soluciones que requiere Sinaloa para seguir adelante\u201d.<\/span><\/div>\n<div style=\"text-align: justify;\">&nbsp;<\/div>\n<div style=\"text-align: justify;\"><span style=\"font-size: 14pt; font-family: arial, helvetica, sans-serif;\"><\/span><\/div>\n<div style=\"text-align: justify;\"><span style=\"font-size: 14pt; font-family: arial, helvetica, sans-serif;\">Marco Aurelio V\u00e1squez L\u00f3pez, delegado nacional y presidente estatal del PRD en Sinaloa, asegur\u00f3 que Mario Zamora llega con mucha fuerza al primer debate organizado por el Instituto Estatal Electoral de Sinaloa (IEES).<\/span><\/div>\n<div style=\"text-align: justify;\">&nbsp;<\/div>\n<div style=\"text-align: justify;\"><span style=\"font-size: 14pt; font-family: arial, helvetica, sans-serif;\"><\/span><\/div>\n<div style=\"text-align: justify;\"><span style=\"font-size: 14pt; font-family: arial, helvetica, sans-serif;\">Asegur\u00f3 que durante su campa\u00f1a Mario Zamora ha logrado una conexi\u00f3n especial con los diferentes sectores empresariales y sociales de Sinaloa.<\/span><\/div>\n<div style=\"text-align: justify;\">&nbsp;<\/div>\n<div style=\"text-align: justify;\"><span style=\"font-size: 14pt; font-family: arial, helvetica, sans-serif;\"><\/span><\/div>\n<div style=\"text-align: justify;\"><span style=\"font-size: 14pt; font-family: arial, helvetica, sans-serif;\">\u201cTodos ellos tienen una plena confianza en que Mario Zamora va a ser su pr\u00f3ximo gobernador. En el PRD tenemos esa certeza por eso este 6 de junio vamos a ganar. Adelante todos con Mario Zamora\u201d, puntualiz\u00f3.&nbsp;<\/span><\/div>\n<div style=\"text-align: justify;\">&nbsp;<\/div>\n<div style=\"text-align: justify;\"><span style=\"font-size: 14pt; font-family: arial, helvetica, sans-serif;\"><\/span><\/div>\n<div style=\"text-align: justify;\"><span style=\"font-size: 14pt; font-family: arial, helvetica, sans-serif;\">Los dirigentes del PRI, PAN y PRD, coincidieron en que Mario Zamora llega a este primer debate con la firme convicci\u00f3n de que ser\u00e1 el pr\u00f3ximo gobernador y plenamente seguro de que saldr\u00e1 adelante con sus propuestas<\/span><\/div>\n<div style=\"text-align: justify;\">&nbsp;<\/div>\n<div style=\"text-align: justify;\">&nbsp;<\/div>\n<div style=\"text-align: justify;\">&nbsp;<\/div>\n<div style=\"text-align: justify;\"><span style=\"font-size: 14pt; font-family: arial, helvetica, sans-serif;\">REDACCI\u00d3N\/VISI\u00d3N CIUDADANA.<\/span><\/div>\n","protected":false},"excerpt":{"rendered":"<p>Las dirigencias estatales del PRI, PRD y PAN, que integran la coalici\u00f3n \u201cVa por Sinaloa\u201d, resaltaron que Mario Zamora llega fuerte, propositivo y con una campa\u00f1a en pleno ascenso al primer debate entre las y los candidatos a la gubernatura que se llevar\u00e1 a cabo este jueves 22 de abril. &nbsp; Jesus Vald\u00e9s Palazuelos, presidente [&hellip;]<\/p>\n","protected":false},"author":1,"featured_media":407,"comment_status":"closed","ping_status":"closed","sticky":false,"template":"","format":"standard","meta":{"footnotes":""},"categories":[24],"tags":[],"ppma_author":[31],"class_list":["post-16766","post","type-post","status-publish","format-standard","has-post-thumbnail","hentry","category-relevantes"],"aioseo_notices":[],"authors":[{"term_id":31,"user_id":1,"is_guest":0,"slug":"ivan3vino","display_name":"Iv\u00e1n Trevi\u00f1o","avatar_url":{"url":"https:\/\/visionciudadana.com.mx\/oficial\/wp-content\/uploads\/2025\/09\/columna-ivan-Trevino.png","url2x":"https:\/\/visionciudadana.com.mx\/oficial\/wp-content\/uploads\/2025\/09\/columna-ivan-Trevino.png"},"0":null,"1":"","2":"","3":"","4":"","5":"","6":"","7":"","8":""}],"_links":{"self":[{"href":"https:\/\/visionciudadana.com.mx\/oficial\/wp-json\/wp\/v2\/posts\/16766","targetHints":{"allow":["GET"]}}],"collection":[{"href":"https:\/\/visionciudadana.com.mx\/oficial\/wp-json\/wp\/v2\/posts"}],"about":[{"href":"https:\/\/visionciudadana.com.mx\/oficial\/wp-json\/wp\/v2\/types\/post"}],"author":[{"embeddable":true,"href":"https:\/\/visionciudadana.com.mx\/oficial\/wp-json\/wp\/v2\/users\/1"}],"replies":[{"embeddable":true,"href":"https:\/\/visionciudadana.com.mx\/oficial\/wp-json\/wp\/v2\/comments?post=16766"}],"version-history":[{"count":1,"href":"https:\/\/visionciudadana.com.mx\/oficial\/wp-json\/wp\/v2\/posts\/16766\/revisions"}],"predecessor-version":[{"id":31119,"href":"https:\/\/visionciudadana.com.mx\/oficial\/wp-json\/wp\/v2\/posts\/16766\/revisions\/31119"}],"wp:featuredmedia":[{"embeddable":true,"href":"https:\/\/visionciudadana.com.mx\/oficial\/wp-json\/wp\/v2\/media\/407"}],"wp:attachment":[{"href":"https:\/\/visionciudadana.com.mx\/oficial\/wp-json\/wp\/v2\/media?parent=16766"}],"wp:term":[{"taxonomy":"category","embeddable":true,"href":"https:\/\/visionciudadana.com.mx\/oficial\/wp-json\/wp\/v2\/categories?post=16766"},{"taxonomy":"post_tag","embeddable":true,"href":"https:\/\/visionciudadana.com.mx\/oficial\/wp-json\/wp\/v2\/tags?post=16766"},{"taxonomy":"author","embeddable":true,"href":"https:\/\/visionciudadana.com.mx\/oficial\/wp-json\/wp\/v2\/ppma_author?post=16766"}],"curies":[{"name":"wp","href":"https:\/\/api.w.org\/{rel}","templated":true}]}}