{"id":16765,"date":"2021-04-23T19:17:02","date_gmt":"2021-04-23T19:17:02","guid":{"rendered":"https:\/\/visionciudadana.com.mx\/chio\/2021\/04\/23\/que-sinaloa-continue-en-semaforo-amarillo-es-mas-compromiso-de-seguir-cuidandonos-efren-encinas\/"},"modified":"2025-06-25T00:16:24","modified_gmt":"2025-06-25T00:16:24","slug":"que-sinaloa-continue-en-semaforo-amarillo-es-mas-compromiso-de-seguir-cuidandonos-efren-encinas","status":"publish","type":"post","link":"https:\/\/visionciudadana.com.mx\/oficial\/2021\/04\/23\/que-sinaloa-continue-en-semaforo-amarillo-es-mas-compromiso-de-seguir-cuidandonos-efren-encinas\/","title":{"rendered":"Que Sinaloa contin\u00fae en sem\u00e1foro amarillo es m\u00e1s compromiso de seguir cuid\u00e1ndonos: Efr\u00e9n Encinas"},"content":{"rendered":"<p><img fetchpriority=\"high\" decoding=\"async\" src=\"images\/abril21\/semaforo_amari.jpg\" alt=\"semaforo amari\" width=\"780\" height=\"420\" style=\"display: block; margin: 20px auto;\" \/><\/p>\n<div>&nbsp;<\/div>\n<div style=\"text-align: justify;\"><span style=\"font-size: 14pt; font-family: arial, helvetica, sans-serif;\">El Estado de Sinaloa no ha presentado mayores incrementos en cuanto a los casos positivos de COVID-19 en las \u00faltimas semanas, lo cual ha permitido que se mantenga en el sem\u00e1foro epidemiol\u00f3gico emitido por la federaci\u00f3n en color amarillo.<\/span><\/div>\n<div style=\"text-align: justify;\">&nbsp;<\/div>\n<div style=\"text-align: justify;\"><span style=\"font-size: 14pt; font-family: arial, helvetica, sans-serif;\"><\/span><\/div>\n<div style=\"text-align: justify;\"><span style=\"font-size: 14pt; font-family: arial, helvetica, sans-serif;\">El Dr. Efr\u00e9n Encinas Torres, Secretario de Salud en la entidad, hizo \u00e9nfasis de que el compromiso es a\u00fan mayor entre toda la poblaci\u00f3n sinaloense de seguirse cuidando, a\u00fan cuando estos resultados nos dan una tranquilidad como estado y no debemos de bajar la guardia ni queremos estar hospitalizando pacientes y sobre todo que no se nos contagien.<\/span><\/div>\n<div style=\"text-align: justify;\">&nbsp;<\/div>\n<div style=\"text-align: justify;\"><span style=\"font-size: 14pt; font-family: arial, helvetica, sans-serif;\"><\/span><\/div>\n<div style=\"text-align: justify;\"><span style=\"font-size: 14pt; font-family: arial, helvetica, sans-serif;\">\u201cEs grato informarles que hemos recibido la notificaci\u00f3n del sem\u00e1foro epidemiol\u00f3gico para Sinaloa, seguimos en color amarillo hasta el 9 de mayo de tal manera que es un reflejo de las tendencias estabilizadoras que tiene el estado de Sinaloa pero reitero es m\u00e1s compromiso de seguir cuid\u00e1ndonos, depender\u00e1 de toda la sociedad, de ese empoderamiento de la poblaci\u00f3n en el cuidado, en los protocolos del auto cuidado que todos debemos llevar y que ya lo hemos expresado en diversas ocasiones\u201d, se\u00f1al\u00f3.<\/span><\/div>\n<div style=\"text-align: justify;\">&nbsp;<\/div>\n<div style=\"text-align: justify;\"><span style=\"font-size: 14pt; font-family: arial, helvetica, sans-serif;\"><\/span><\/div>\n<div style=\"text-align: justify;\"><span style=\"font-size: 14pt; font-family: arial, helvetica, sans-serif;\">Reiterando el lavado de manos con agua y jab\u00f3n por al menos durante 20 segundos o el uso de gel alcoholado, el uso adecuado de cubrebocas y la sana distancia de 1.5 metros o m\u00e1s y quedarse en casa si hay riesgos o si no hay que realizar una actividad esencial.<\/span><\/div>\n<div style=\"text-align: justify;\">&nbsp;<\/div>\n<div style=\"text-align: justify;\"><span style=\"font-size: 14pt; font-family: arial, helvetica, sans-serif;\"><\/span><\/div>\n<div style=\"text-align: justify;\"><span style=\"font-size: 14pt; font-family: arial, helvetica, sans-serif;\">El proceso de vacunaci\u00f3n sigue su curso cubriendo pr\u00e1cticamente todo el estado de Sinaloa en cuanto a personal m\u00e9dico y adultos mayores, esperando la pronta llegada de un lote m\u00e1s de vacunas para continuar complementando los esquemas, sig\u00e1monos cuidando.<\/span><\/div>\n<div style=\"text-align: justify;\">&nbsp;<\/div>\n<div style=\"text-align: justify;\"><span style=\"font-size: 14pt; font-family: arial, helvetica, sans-serif;\"><\/span><\/div>\n<div style=\"text-align: justify;\"><span style=\"font-size: 14pt; font-family: arial, helvetica, sans-serif;\">El Secretario destac\u00f3 que si bien hay disponibilidad de camas en los diferentes hospitales del sector salud para la atenci\u00f3n oportuna de los pacientes con COVID que as\u00ed lo requieran, sin embargo afirm\u00f3 que no se quisiera que hubiese m\u00e1s contagios y por ende m\u00e1s ingresos hospitalarios y depender\u00e1 de todos nosotros con las medidas de prevenci\u00f3n.<\/span><\/div>\n<div style=\"text-align: justify;\">&nbsp;<\/div>\n<div style=\"text-align: justify;\">&nbsp;<\/div>\n<div style=\"text-align: justify;\"><span style=\"font-size: 14pt; font-family: arial, helvetica, sans-serif;\">REDACCI\u00d3N\/VISI\u00d3N CIUDADANA.<\/span><\/div>\n","protected":false},"excerpt":{"rendered":"<p>&nbsp; El Estado de Sinaloa no ha presentado mayores incrementos en cuanto a los casos positivos de COVID-19 en las \u00faltimas semanas, lo cual ha permitido que se mantenga en el sem\u00e1foro epidemiol\u00f3gico emitido por la federaci\u00f3n en color amarillo. &nbsp; El Dr. Efr\u00e9n Encinas Torres, Secretario de Salud en la entidad, hizo \u00e9nfasis de [&hellip;]<\/p>\n","protected":false},"author":1,"featured_media":405,"comment_status":"closed","ping_status":"closed","sticky":false,"template":"","format":"standard","meta":{"footnotes":""},"categories":[24],"tags":[],"ppma_author":[31],"class_list":["post-16765","post","type-post","status-publish","format-standard","has-post-thumbnail","hentry","category-relevantes"],"aioseo_notices":[],"authors":[{"term_id":31,"user_id":1,"is_guest":0,"slug":"ivan3vino","display_name":"Iv\u00e1n Trevi\u00f1o","avatar_url":{"url":"https:\/\/visionciudadana.com.mx\/oficial\/wp-content\/uploads\/2025\/09\/columna-ivan-Trevino.png","url2x":"https:\/\/visionciudadana.com.mx\/oficial\/wp-content\/uploads\/2025\/09\/columna-ivan-Trevino.png"},"0":null,"1":"","2":"","3":"","4":"","5":"","6":"","7":"","8":""}],"_links":{"self":[{"href":"https:\/\/visionciudadana.com.mx\/oficial\/wp-json\/wp\/v2\/posts\/16765","targetHints":{"allow":["GET"]}}],"collection":[{"href":"https:\/\/visionciudadana.com.mx\/oficial\/wp-json\/wp\/v2\/posts"}],"about":[{"href":"https:\/\/visionciudadana.com.mx\/oficial\/wp-json\/wp\/v2\/types\/post"}],"author":[{"embeddable":true,"href":"https:\/\/visionciudadana.com.mx\/oficial\/wp-json\/wp\/v2\/users\/1"}],"replies":[{"embeddable":true,"href":"https:\/\/visionciudadana.com.mx\/oficial\/wp-json\/wp\/v2\/comments?post=16765"}],"version-history":[{"count":1,"href":"https:\/\/visionciudadana.com.mx\/oficial\/wp-json\/wp\/v2\/posts\/16765\/revisions"}],"predecessor-version":[{"id":31120,"href":"https:\/\/visionciudadana.com.mx\/oficial\/wp-json\/wp\/v2\/posts\/16765\/revisions\/31120"}],"wp:featuredmedia":[{"embeddable":true,"href":"https:\/\/visionciudadana.com.mx\/oficial\/wp-json\/wp\/v2\/media\/405"}],"wp:attachment":[{"href":"https:\/\/visionciudadana.com.mx\/oficial\/wp-json\/wp\/v2\/media?parent=16765"}],"wp:term":[{"taxonomy":"category","embeddable":true,"href":"https:\/\/visionciudadana.com.mx\/oficial\/wp-json\/wp\/v2\/categories?post=16765"},{"taxonomy":"post_tag","embeddable":true,"href":"https:\/\/visionciudadana.com.mx\/oficial\/wp-json\/wp\/v2\/tags?post=16765"},{"taxonomy":"author","embeddable":true,"href":"https:\/\/visionciudadana.com.mx\/oficial\/wp-json\/wp\/v2\/ppma_author?post=16765"}],"curies":[{"name":"wp","href":"https:\/\/api.w.org\/{rel}","templated":true}]}}