{"id":16764,"date":"2021-04-23T19:10:13","date_gmt":"2021-04-23T19:10:13","guid":{"rendered":"https:\/\/visionciudadana.com.mx\/chio\/2021\/04\/23\/contra-todo-pronostico-hemos-logrado-cumplirle-a-culiacanenses-asegura-estrada-ferreiro\/"},"modified":"2025-06-25T00:16:24","modified_gmt":"2025-06-25T00:16:24","slug":"contra-todo-pronostico-hemos-logrado-cumplirle-a-culiacanenses-asegura-estrada-ferreiro","status":"publish","type":"post","link":"https:\/\/visionciudadana.com.mx\/oficial\/2021\/04\/23\/contra-todo-pronostico-hemos-logrado-cumplirle-a-culiacanenses-asegura-estrada-ferreiro\/","title":{"rendered":"Contra todo pron\u00f3stico hemos logrado cumplirle a culiacanenses, asegura\u00a0 Estrada Ferreiro"},"content":{"rendered":"<p style=\"text-align: justify;\">&nbsp;<\/p>\n<div style=\"text-align: justify;\"><span style=\"font-size: 14pt; font-family: arial, helvetica, sans-serif;\">&nbsp;<img fetchpriority=\"high\" decoding=\"async\" src=\"images\/abril21\/jef1.PNG\" alt=\"jef1\" width=\"774\" height=\"438\" style=\"display: block; margin: 20px auto;\" \/><\/span><\/div>\n<div style=\"text-align: justify;\"><span style=\"font-size: 14pt; font-family: arial, helvetica, sans-serif;\">Cuando llegamos a la administraci\u00f3n no encontramos recursos, las finanzas estaban muy da\u00f1adas, a pesar de eso y contra todo pron\u00f3stico a la gente de Culiac\u00e1n se le ha cumplido, asegur\u00f3 el Lic. Jes\u00fas Estrada Ferreiro, candidato a presidente municipal por la Alianza MORENA-PAS.&nbsp;<\/span><\/div>\n<div style=\"text-align: justify;\">&nbsp;<\/div>\n<div style=\"text-align: justify;\"><span style=\"font-size: 14pt; font-family: arial, helvetica, sans-serif;\"><\/span><\/div>\n<div style=\"text-align: justify;\"><span style=\"font-size: 14pt; font-family: arial, helvetica, sans-serif;\">Esto durante su visita al sector Humaya, donde salud\u00f3 a los habitantes y les inform\u00f3 sobre lo que ya ha hecho para transformar a Culiac\u00e1n, y lo que seguir\u00e1 haciendo para que se consolide dicha transformaci\u00f3n.&nbsp;<\/span><\/div>\n<div style=\"text-align: justify;\">&nbsp;<\/div>\n<div style=\"text-align: justify;\"><span style=\"font-size: 14pt; font-family: arial, helvetica, sans-serif;\"><\/span><\/div>\n<div style=\"text-align: justify;\"><span style=\"font-size: 14pt; font-family: arial, helvetica, sans-serif;\">Se\u00f1al\u00f3 que recibi\u00f3 el municipio con una deuda de 320 millones de pesos para pago de aguinaldos y prestaciones a la planilla laboral de casi 9 mil trabajadores, y se logr\u00f3 saldar en tiempo y forma mediante la optimizaci\u00f3n de recursos, recaudaci\u00f3n y pr\u00e9stamo del estado que ya totalmente liquidado.<\/span><\/div>\n<div style=\"text-align: justify;\">&nbsp;<\/div>\n<div style=\"text-align: justify;\"><span style=\"font-size: 14pt; font-family: arial, helvetica, sans-serif;\"><\/span><\/div>\n<div style=\"text-align: justify;\"><span style=\"font-size: 14pt; font-family: arial, helvetica, sans-serif;\">Antes, los altos gastos eran una constante, se privilegiaba a los funcionarios de primer nivel con veh\u00edculos nuevos, l\u00edneas telef\u00f3nicas, acceso a restaurantes, hoy todo eso se ha eliminado, dijo al indicar que eso ha permitido ahorrar una buena suma de dinero que se ha usado para m\u00e1s y mejores servicios p\u00fablicos.&nbsp;<\/span><\/div>\n<div style=\"text-align: justify;\">&nbsp;<\/div>\n<div style=\"text-align: justify;\"><span style=\"font-size: 14pt; font-family: arial, helvetica, sans-serif;\"><\/span><\/div>\n<div style=\"text-align: justify;\"><span style=\"font-size: 14pt; font-family: arial, helvetica, sans-serif;\">Reiter\u00f3 que los compromisos realizados en campa\u00f1a para buscar ser alcalde de Culiac\u00e1n, se han cumplido a pesar de las adversidades y todos los pueden ver, la ciudad est\u00e1 iluminada con l\u00e1mparas LED, se mejor\u00f3 la recolecci\u00f3n de la basura con los nuevos camiones adquiridos, las calles se han rehabilitado y se avanza en proyectos como el Metrob\u00fas y el dragado de los r\u00edos Tamazula, Humaya y Culiac\u00e1n para hacerlos navegables.&nbsp;<\/span><\/div>\n<div style=\"text-align: justify;\">&nbsp;<\/div>\n<div style=\"text-align: justify;\"><span style=\"font-size: 14pt; font-family: arial, helvetica, sans-serif;\"><\/span><\/div>\n<div style=\"text-align: justify;\"><span style=\"font-size: 14pt; font-family: arial, helvetica, sans-serif;\">\u00abTodo eso es para beneficio del municipio y por primera vez en la historia las sindicaturas y comisar\u00edas tienen carros de la basura nuevos, tienen luz LED con el predial r\u00fastico que se genera all\u00e1 que ahora se aplica como debe aplicarse por ley, porque antes se generaba el recurso llegaba a Culiac\u00e1n y aqu\u00ed se gastaba y la gente hab\u00eda estado siempre narginada, siempre sin servicios, hoy se ha hecho todo eso y hay m\u00e1s cosas que nos faltan por hacer\u00bb, expres\u00f3.&nbsp;<\/span><\/div>\n<div style=\"text-align: justify;\">&nbsp;<\/div>\n<div style=\"text-align: justify;\"><span style=\"font-size: 14pt; font-family: arial, helvetica, sans-serif;\"><\/span><\/div>\n<div style=\"text-align: justify;\"><span style=\"font-size: 14pt; font-family: arial, helvetica, sans-serif;\">El candidato a presidente municipal Lic. Jes\u00fas Estrada Ferreiro, escuch\u00f3 las necesidades de los vecinos del sector y se comprometi\u00f3 a seguir trabajando para darles la atenci\u00f3n que requieren.<\/span><\/div>\n<div style=\"text-align: justify;\">&nbsp;<\/div>\n<div style=\"text-align: justify;\">&nbsp;<\/div>\n<div style=\"text-align: justify;\">&nbsp;<\/div>\n<div style=\"text-align: justify;\"><span style=\"font-size: 14pt; font-family: arial, helvetica, sans-serif;\">REDACCI\u00d3N\/VISI\u00d3N CIUDADANA.<\/span><\/div>\n","protected":false},"excerpt":{"rendered":"<p>&nbsp; &nbsp; Cuando llegamos a la administraci\u00f3n no encontramos recursos, las finanzas estaban muy da\u00f1adas, a pesar de eso y contra todo pron\u00f3stico a la gente de Culiac\u00e1n se le ha cumplido, asegur\u00f3 el Lic. Jes\u00fas Estrada Ferreiro, candidato a presidente municipal por la Alianza MORENA-PAS.&nbsp; &nbsp; Esto durante su visita al sector Humaya, donde [&hellip;]<\/p>\n","protected":false},"author":1,"featured_media":403,"comment_status":"closed","ping_status":"closed","sticky":false,"template":"","format":"standard","meta":{"footnotes":""},"categories":[13],"tags":[],"ppma_author":[31],"class_list":["post-16764","post","type-post","status-publish","format-standard","has-post-thumbnail","hentry","category-locales"],"aioseo_notices":[],"authors":[{"term_id":31,"user_id":1,"is_guest":0,"slug":"ivan3vino","display_name":"Iv\u00e1n Trevi\u00f1o","avatar_url":{"url":"https:\/\/visionciudadana.com.mx\/oficial\/wp-content\/uploads\/2025\/09\/columna-ivan-Trevino.png","url2x":"https:\/\/visionciudadana.com.mx\/oficial\/wp-content\/uploads\/2025\/09\/columna-ivan-Trevino.png"},"0":null,"1":"","2":"","3":"","4":"","5":"","6":"","7":"","8":""}],"_links":{"self":[{"href":"https:\/\/visionciudadana.com.mx\/oficial\/wp-json\/wp\/v2\/posts\/16764","targetHints":{"allow":["GET"]}}],"collection":[{"href":"https:\/\/visionciudadana.com.mx\/oficial\/wp-json\/wp\/v2\/posts"}],"about":[{"href":"https:\/\/visionciudadana.com.mx\/oficial\/wp-json\/wp\/v2\/types\/post"}],"author":[{"embeddable":true,"href":"https:\/\/visionciudadana.com.mx\/oficial\/wp-json\/wp\/v2\/users\/1"}],"replies":[{"embeddable":true,"href":"https:\/\/visionciudadana.com.mx\/oficial\/wp-json\/wp\/v2\/comments?post=16764"}],"version-history":[{"count":1,"href":"https:\/\/visionciudadana.com.mx\/oficial\/wp-json\/wp\/v2\/posts\/16764\/revisions"}],"predecessor-version":[{"id":31121,"href":"https:\/\/visionciudadana.com.mx\/oficial\/wp-json\/wp\/v2\/posts\/16764\/revisions\/31121"}],"wp:featuredmedia":[{"embeddable":true,"href":"https:\/\/visionciudadana.com.mx\/oficial\/wp-json\/wp\/v2\/media\/403"}],"wp:attachment":[{"href":"https:\/\/visionciudadana.com.mx\/oficial\/wp-json\/wp\/v2\/media?parent=16764"}],"wp:term":[{"taxonomy":"category","embeddable":true,"href":"https:\/\/visionciudadana.com.mx\/oficial\/wp-json\/wp\/v2\/categories?post=16764"},{"taxonomy":"post_tag","embeddable":true,"href":"https:\/\/visionciudadana.com.mx\/oficial\/wp-json\/wp\/v2\/tags?post=16764"},{"taxonomy":"author","embeddable":true,"href":"https:\/\/visionciudadana.com.mx\/oficial\/wp-json\/wp\/v2\/ppma_author?post=16764"}],"curies":[{"name":"wp","href":"https:\/\/api.w.org\/{rel}","templated":true}]}}