{"id":16763,"date":"2021-04-23T19:02:05","date_gmt":"2021-04-23T19:02:05","guid":{"rendered":"https:\/\/visionciudadana.com.mx\/chio\/2021\/04\/23\/el-gobernador-el-pri-y-mario-zamora-me-propusieron-la-alianza-con-ellos-solicitaban-el-apoyo-del-pas\/"},"modified":"2025-06-25T00:16:24","modified_gmt":"2025-06-25T00:16:24","slug":"el-gobernador-el-pri-y-mario-zamora-me-propusieron-la-alianza-con-ellos-solicitaban-el-apoyo-del-pas","status":"publish","type":"post","link":"https:\/\/visionciudadana.com.mx\/oficial\/2021\/04\/23\/el-gobernador-el-pri-y-mario-zamora-me-propusieron-la-alianza-con-ellos-solicitaban-el-apoyo-del-pas\/","title":{"rendered":"El gobernador, el PRI y Mario Zamora me propusieron la alianza con ellos. Solicitaban el apoyo del PAS."},"content":{"rendered":"<p style=\"text-align: justify;\">&nbsp;<\/p>\n<div style=\"text-align: justify;\"><span style=\"font-size: 14pt; font-family: arial, helvetica, sans-serif;\">&nbsp;<img fetchpriority=\"high\" decoding=\"async\" src=\"images\/abril21\/gano_rocha.jpg\" alt=\"gano rocha\" width=\"1280\" height=\"853\" style=\"display: block; margin: 20px auto;\" \/><\/span><\/div>\n<div style=\"text-align: justify;\"><span style=\"font-size: 14pt; font-family: arial, helvetica, sans-serif;\">El debate de ayer lo gan\u00f3 el Dr. Rub\u00e9n Rocha Moya, se dedic\u00f3 a plantear propuestas contenidas en la plataforma pol\u00edtica de MORENA y PAS. El comportamiento del Dr. Rocha fue seria, responsable, lo que merecen los sinaloenses, no como lo hicieron otros fanfarrones, payasos.<\/span><\/div>\n<div style=\"text-align: justify;\">&nbsp;<\/div>\n<div style=\"text-align: justify;\"><span style=\"font-size: 14pt; font-family: arial, helvetica, sans-serif;\"><\/span><\/div>\n<div style=\"text-align: justify;\"><span style=\"font-size: 14pt; font-family: arial, helvetica, sans-serif;\">\u201cSinaloa requiere una persona seria, responsable, que ponga por delante el inter\u00e9s de Sinaloa y esa persona es el Dr. Rub\u00e9n Rocha Moya, por ello eso es lo que tenemos que impulsar en este momento, porque \u00e9l tiene la experiencia de haber recorrido ya el senado la C\u00e1mara de diputados, rector de la Universidad Aut\u00f3noma de Sinaloa, coordinador de asesores del gobierno del estado.<\/span><\/div>\n<div style=\"text-align: justify;\">&nbsp;<\/div>\n<div style=\"text-align: justify;\"><span style=\"font-size: 14pt; font-family: arial, helvetica, sans-serif;\"><\/span><\/div>\n<div style=\"text-align: justify;\"><span style=\"font-size: 14pt; font-family: arial, helvetica, sans-serif;\">Cu\u00e9n Ojeda acept\u00f3 lo que algunos medios manejan en el sentido de que en realidad fueron 9 los candidatos que participaron en el debate, el noveno fue un servidor, pero sin derecho a r\u00e9plica.<\/span><\/div>\n<div style=\"text-align: justify;\">&nbsp;<\/div>\n<div style=\"text-align: justify;\"><span style=\"font-size: 14pt; font-family: arial, helvetica, sans-serif;\"><\/span><\/div>\n<div style=\"text-align: justify;\"><span style=\"font-size: 14pt; font-family: arial, helvetica, sans-serif;\">\u201cSin embargo yo afirmo que en la universidad existe un antes y un despu\u00e9s, y eso lo reconoce la sociedad sinaloense en c\u00f3mo se vincul\u00f3 con los sectores sociales y productivos y para ello tuve que pisar callos y da\u00f1ar intereses, y ello es el dolor que existe.<\/span><\/div>\n<div style=\"text-align: justify;\">&nbsp;<\/div>\n<div style=\"text-align: justify;\"><span style=\"font-size: 14pt; font-family: arial, helvetica, sans-serif;\"><\/span><\/div>\n<div style=\"text-align: justify;\"><span style=\"font-size: 14pt; font-family: arial, helvetica, sans-serif;\">Ciertamente, en este momento estoy participando en pol\u00edtica, \u201cy aqu\u00ed hay algo, a mi me rog\u00f3 el PRI, Mario Zamora, el propio gobernador para que yo estuviera con ellos, pero yo decid\u00ed por Sinaloa y lo hice para que no fuera m\u00e1s de lo mismo\u201d: as\u00ed lo expres\u00f3 Cu\u00e9n Ojeda.<\/span><\/div>\n<div style=\"text-align: justify;\">&nbsp;<\/div>\n<div style=\"text-align: justify;\"><span style=\"font-size: 14pt; font-family: arial, helvetica, sans-serif;\"><\/span><\/div>\n<div style=\"text-align: justify;\"><span style=\"font-size: 14pt; font-family: arial, helvetica, sans-serif;\">Todos lo vieron, en el debate Cu\u00e9n Ojeda fue el noveno candidato, a lo cual comenta \u201ceso pas\u00f3, pero sin derecho a r\u00e9plica, de manera cobarde me tiraron, pero yo puedo contestar cualquier pregunta que se me haga relacionado a ello y viendo a los ojos\u201d, as\u00ed finaliz\u00f3 Cu\u00e9n Ojeda sus comentarios.<\/span><\/div>\n<div style=\"text-align: justify;\">&nbsp;<\/div>\n<div style=\"text-align: justify;\">&nbsp;<\/div>\n<div style=\"text-align: justify;\"><span style=\"font-size: 14pt; font-family: arial, helvetica, sans-serif;\">REDACCI\u00d3N\/VISI\u00d3N CIUDADANA.<\/span><\/div>\n<div>&nbsp;<\/div>\n","protected":false},"excerpt":{"rendered":"<p>&nbsp; &nbsp; El debate de ayer lo gan\u00f3 el Dr. Rub\u00e9n Rocha Moya, se dedic\u00f3 a plantear propuestas contenidas en la plataforma pol\u00edtica de MORENA y PAS. El comportamiento del Dr. Rocha fue seria, responsable, lo que merecen los sinaloenses, no como lo hicieron otros fanfarrones, payasos. &nbsp; \u201cSinaloa requiere una persona seria, responsable, que [&hellip;]<\/p>\n","protected":false},"author":1,"featured_media":401,"comment_status":"closed","ping_status":"closed","sticky":false,"template":"","format":"standard","meta":{"footnotes":""},"categories":[24],"tags":[],"ppma_author":[31],"class_list":["post-16763","post","type-post","status-publish","format-standard","has-post-thumbnail","hentry","category-relevantes"],"aioseo_notices":[],"authors":[{"term_id":31,"user_id":1,"is_guest":0,"slug":"ivan3vino","display_name":"Iv\u00e1n Trevi\u00f1o","avatar_url":{"url":"https:\/\/visionciudadana.com.mx\/oficial\/wp-content\/uploads\/2025\/09\/columna-ivan-Trevino.png","url2x":"https:\/\/visionciudadana.com.mx\/oficial\/wp-content\/uploads\/2025\/09\/columna-ivan-Trevino.png"},"0":null,"1":"","2":"","3":"","4":"","5":"","6":"","7":"","8":""}],"_links":{"self":[{"href":"https:\/\/visionciudadana.com.mx\/oficial\/wp-json\/wp\/v2\/posts\/16763","targetHints":{"allow":["GET"]}}],"collection":[{"href":"https:\/\/visionciudadana.com.mx\/oficial\/wp-json\/wp\/v2\/posts"}],"about":[{"href":"https:\/\/visionciudadana.com.mx\/oficial\/wp-json\/wp\/v2\/types\/post"}],"author":[{"embeddable":true,"href":"https:\/\/visionciudadana.com.mx\/oficial\/wp-json\/wp\/v2\/users\/1"}],"replies":[{"embeddable":true,"href":"https:\/\/visionciudadana.com.mx\/oficial\/wp-json\/wp\/v2\/comments?post=16763"}],"version-history":[{"count":1,"href":"https:\/\/visionciudadana.com.mx\/oficial\/wp-json\/wp\/v2\/posts\/16763\/revisions"}],"predecessor-version":[{"id":31122,"href":"https:\/\/visionciudadana.com.mx\/oficial\/wp-json\/wp\/v2\/posts\/16763\/revisions\/31122"}],"wp:featuredmedia":[{"embeddable":true,"href":"https:\/\/visionciudadana.com.mx\/oficial\/wp-json\/wp\/v2\/media\/401"}],"wp:attachment":[{"href":"https:\/\/visionciudadana.com.mx\/oficial\/wp-json\/wp\/v2\/media?parent=16763"}],"wp:term":[{"taxonomy":"category","embeddable":true,"href":"https:\/\/visionciudadana.com.mx\/oficial\/wp-json\/wp\/v2\/categories?post=16763"},{"taxonomy":"post_tag","embeddable":true,"href":"https:\/\/visionciudadana.com.mx\/oficial\/wp-json\/wp\/v2\/tags?post=16763"},{"taxonomy":"author","embeddable":true,"href":"https:\/\/visionciudadana.com.mx\/oficial\/wp-json\/wp\/v2\/ppma_author?post=16763"}],"curies":[{"name":"wp","href":"https:\/\/api.w.org\/{rel}","templated":true}]}}