{"id":16762,"date":"2021-04-23T18:57:14","date_gmt":"2021-04-23T18:57:14","guid":{"rendered":"https:\/\/visionciudadana.com.mx\/chio\/2021\/04\/23\/no-hay-razon-para-cuestionar-mi-trabajo-publico-y-politico-por-mi-condicion-de-esposa-dip-con-licencia-angelica-diaz-de-cuen\/"},"modified":"2025-06-25T00:16:24","modified_gmt":"2025-06-25T00:16:24","slug":"no-hay-razon-para-cuestionar-mi-trabajo-publico-y-politico-por-mi-condicion-de-esposa-dip-con-licencia-angelica-diaz-de-cuen","status":"publish","type":"post","link":"https:\/\/visionciudadana.com.mx\/oficial\/2021\/04\/23\/no-hay-razon-para-cuestionar-mi-trabajo-publico-y-politico-por-mi-condicion-de-esposa-dip-con-licencia-angelica-diaz-de-cuen\/","title":{"rendered":"No hay raz\u00f3n para cuestionar mi trabajo p\u00fablico y pol\u00edtico por mi condici\u00f3n de esposa:  Ang\u00e9lica D\u00edaz de Cu\u00e9n."},"content":{"rendered":"<p><img fetchpriority=\"high\" decoding=\"async\" src=\"images\/abril21\/angelicad.jpg\" alt=\"angelicad\" width=\"780\" height=\"420\" style=\"display: block; margin-left: auto; margin-right: auto;\" \/><\/p>\n<p>&nbsp;<\/p>\n<div style=\"text-align: justify;\"><span style=\"font-size: 14pt; font-family: arial, helvetica, sans-serif;\">La condici\u00f3n de esposa no debe ser motivo para ataques pol\u00edticos, pues la Ley lo contempla como Violencia Pol\u00edtica en Raz\u00f3n de G\u00e9nero ya que denigra la capacidad, imagen y dignidad de las mujeres que se desempe\u00f1an en el \u00e1mbito p\u00fablico y pol\u00edtico, se\u00f1al\u00f3 la diputada con licencia, Ang\u00e9lica D\u00edaz de Cu\u00e9n tras los ataques que recibi\u00f3 por parte de la candidata de RSP, Yolanda Cabrera, durante el debate de candidatos a gobernador, organizado por el IEES.<\/span><\/div>\n<div style=\"text-align: justify;\">&nbsp;<\/div>\n<div style=\"text-align: justify;\"><span style=\"font-size: 14pt; font-family: arial, helvetica, sans-serif;\"><\/span><\/div>\n<div style=\"text-align: justify;\"><span style=\"font-size: 14pt; font-family: arial, helvetica, sans-serif;\">D\u00edaz de Cu\u00e9n explic\u00f3, ante el cuestionamiento de su reelecci\u00f3n como diputada plurinominal,&nbsp; que la reelecci\u00f3n por la v\u00eda de representaci\u00f3n proporcional no es un hecho que deba reprocharse por su condici\u00f3n de esposa del presidente del Partido Sinaloense, H\u00e9ctor Melesio Cu\u00e9n Ojeda y se deje de lado todo el trabajo como diputada y secretaria de Activismo Social del partido. Asegur\u00f3 que esos juicios atentan contra su dignidad como mujer, mejor conocido como Violencia Pol\u00edtica Contra las Mujeres en Raz\u00f3n de G\u00e9nero.&nbsp;<\/span><\/div>\n<div style=\"text-align: justify;\">&nbsp;<\/div>\n<div style=\"text-align: justify;\"><span style=\"font-size: 14pt; font-family: arial, helvetica, sans-serif;\"><\/span><\/div>\n<div style=\"text-align: justify;\"><span style=\"font-size: 14pt; font-family: arial, helvetica, sans-serif;\">La diputada con licencia, Ang\u00e9lica D\u00edaz de Cu\u00e9n se\u00f1al\u00f3 que tiene derecho hasta tres reelecciones consecutivas y as\u00ed est\u00e1 reconocido por la Ley, en el Art\u00edculo 116, fracci\u00f3n II, de la Constituci\u00f3n Pol\u00edtica de los Estados Unidos Mexicanos, 25 Bis de la Constituci\u00f3n Pol\u00edtica del Estado de Sinaloa y 10, segundo p\u00e1rrafo de la Ley de Instituciones y Procedimientos Electorales del Estado de Sinaloa.&nbsp;<\/span><\/div>\n<div style=\"text-align: justify;\">&nbsp;<\/div>\n<div style=\"text-align: justify;\"><span style=\"font-size: 14pt; font-family: arial, helvetica, sans-serif;\"><\/span><\/div>\n<div style=\"text-align: justify;\"><span style=\"font-size: 14pt; font-family: arial, helvetica, sans-serif;\">\u201cAmbos tenemos mucho&nbsp; trabajo y as\u00ed lo asumen diferentes espacios; \u00e9l como presidente del PAS y yo como diputada y secretaria de Activismo Social. Quiero dejar claro que mi trabajo habla por mi: 321 iniciativas presentadas de las cuales 40 han sido aprobadas, 197 participaciones en tribuna distribuidas en posicionamientos, r\u00e9plicas, contra r\u00e9plicas, puntos de acuerdo, exhortos, exposici\u00f3n de iniciativas, adem\u00e1s de m\u00faltiples gestiones y atenci\u00f3n a la ciudadan\u00eda. Que se defiendan las personas&nbsp; que no tengan trabajo que las respalde en sus aspiraciones pol\u00edticas\u201d.&nbsp;<\/span><\/div>\n<div style=\"text-align: justify;\">&nbsp;<\/div>\n<div style=\"text-align: justify;\"><span style=\"font-size: 14pt; font-family: arial, helvetica, sans-serif;\"><\/span><\/div>\n<div style=\"text-align: justify;\"><span style=\"font-size: 14pt; font-family: arial, helvetica, sans-serif;\">D\u00edaz de Cu\u00e9n a\u00f1adi\u00f3 que su designaci\u00f3n de ocupar el primer puesto plurinominal, lo hizo la Asamblea Estatal del PAS, pues es estrat\u00e9gica, ya que en estas pr\u00f3ximas elecciones se espera que el PAS tenga un grupo parlamentario de varios diputados y diputadas, quienes deber\u00e1n continuar con el ritmo de trabajo que se ha marcado durante la presente Legislatura, pues no hay que olvidar que es la diputada con m\u00e1s iniciativas presentadas y aprobadas en el Congreso del Estado.&nbsp;<\/span><\/div>\n<div style=\"text-align: justify;\">&nbsp;<\/div>\n<div style=\"text-align: justify;\"><span style=\"font-size: 14pt; font-family: arial, helvetica, sans-serif;\"><\/span><\/div>\n<div style=\"text-align: justify;\"><span style=\"font-size: 14pt; font-family: arial, helvetica, sans-serif;\">\u201cMi designaci\u00f3n por la Asamblea, adem\u00e1s de considerarla un reconocimiento a mi labor legislativa y activismo social, es tambi\u00e9n una estrategia. Recordemos que el PAS se ha caracterizado por el arduo trabajo a favor de los sinaloenses, somos un partido que siempre nos hemos preocupado por el pueblo aun cuando no somos gobierno, porque nuestro presidente, H\u00e9ctor Melesio Cu\u00e9n Ojeda,&nbsp; siempre lo ha dicho, en el PAS no somos improvisados y de obtener de nueva cuenta una bancada al interior del Congreso, debemos mantener nuestra productividad legislativa, pues la pauta ya se puso, y mi tarea adem\u00e1s de legislar ser\u00e1 el de capacitar a quienes lleguen para continuar con la confianza del pueblo, y la forma en que legisladores y cualquier servidor p\u00fablico propuesto por el PAS, deben responder a los Sinaloenses con trabajo, es decir que quienes lleguen a los cargos no sean improvisados y su trayectoria sea reconocida\u201d.<\/span><\/div>\n<div style=\"text-align: justify;\">&nbsp;<\/div>\n<div style=\"text-align: justify;\">&nbsp;<\/div>\n<div style=\"text-align: justify;\"><span style=\"font-size: 14pt; font-family: arial, helvetica, sans-serif;\">REDACCI\u00d3N\/VISI\u00d3N CIUDADANA.<\/span><\/div>\n","protected":false},"excerpt":{"rendered":"<p>&nbsp; La condici\u00f3n de esposa no debe ser motivo para ataques pol\u00edticos, pues la Ley lo contempla como Violencia Pol\u00edtica en Raz\u00f3n de G\u00e9nero ya que denigra la capacidad, imagen y dignidad de las mujeres que se desempe\u00f1an en el \u00e1mbito p\u00fablico y pol\u00edtico, se\u00f1al\u00f3 la diputada con licencia, Ang\u00e9lica D\u00edaz de Cu\u00e9n tras los [&hellip;]<\/p>\n","protected":false},"author":1,"featured_media":399,"comment_status":"closed","ping_status":"closed","sticky":false,"template":"","format":"standard","meta":{"footnotes":""},"categories":[24],"tags":[],"ppma_author":[31],"class_list":["post-16762","post","type-post","status-publish","format-standard","has-post-thumbnail","hentry","category-relevantes"],"aioseo_notices":[],"authors":[{"term_id":31,"user_id":1,"is_guest":0,"slug":"ivan3vino","display_name":"Iv\u00e1n Trevi\u00f1o","avatar_url":{"url":"https:\/\/visionciudadana.com.mx\/oficial\/wp-content\/uploads\/2025\/09\/columna-ivan-Trevino.png","url2x":"https:\/\/visionciudadana.com.mx\/oficial\/wp-content\/uploads\/2025\/09\/columna-ivan-Trevino.png"},"0":null,"1":"","2":"","3":"","4":"","5":"","6":"","7":"","8":""}],"_links":{"self":[{"href":"https:\/\/visionciudadana.com.mx\/oficial\/wp-json\/wp\/v2\/posts\/16762","targetHints":{"allow":["GET"]}}],"collection":[{"href":"https:\/\/visionciudadana.com.mx\/oficial\/wp-json\/wp\/v2\/posts"}],"about":[{"href":"https:\/\/visionciudadana.com.mx\/oficial\/wp-json\/wp\/v2\/types\/post"}],"author":[{"embeddable":true,"href":"https:\/\/visionciudadana.com.mx\/oficial\/wp-json\/wp\/v2\/users\/1"}],"replies":[{"embeddable":true,"href":"https:\/\/visionciudadana.com.mx\/oficial\/wp-json\/wp\/v2\/comments?post=16762"}],"version-history":[{"count":1,"href":"https:\/\/visionciudadana.com.mx\/oficial\/wp-json\/wp\/v2\/posts\/16762\/revisions"}],"predecessor-version":[{"id":31123,"href":"https:\/\/visionciudadana.com.mx\/oficial\/wp-json\/wp\/v2\/posts\/16762\/revisions\/31123"}],"wp:featuredmedia":[{"embeddable":true,"href":"https:\/\/visionciudadana.com.mx\/oficial\/wp-json\/wp\/v2\/media\/399"}],"wp:attachment":[{"href":"https:\/\/visionciudadana.com.mx\/oficial\/wp-json\/wp\/v2\/media?parent=16762"}],"wp:term":[{"taxonomy":"category","embeddable":true,"href":"https:\/\/visionciudadana.com.mx\/oficial\/wp-json\/wp\/v2\/categories?post=16762"},{"taxonomy":"post_tag","embeddable":true,"href":"https:\/\/visionciudadana.com.mx\/oficial\/wp-json\/wp\/v2\/tags?post=16762"},{"taxonomy":"author","embeddable":true,"href":"https:\/\/visionciudadana.com.mx\/oficial\/wp-json\/wp\/v2\/ppma_author?post=16762"}],"curies":[{"name":"wp","href":"https:\/\/api.w.org\/{rel}","templated":true}]}}