{"id":16756,"date":"2021-04-22T16:36:59","date_gmt":"2021-04-22T16:36:59","guid":{"rendered":"https:\/\/visionciudadana.com.mx\/chio\/2021\/04\/22\/secretaria-de-salud-y-sepyc-habilitan-centros-comunitarios-de-aprendizaje\/"},"modified":"2025-06-25T00:16:24","modified_gmt":"2025-06-25T00:16:24","slug":"secretaria-de-salud-y-sepyc-habilitan-centros-comunitarios-de-aprendizaje","status":"publish","type":"post","link":"https:\/\/visionciudadana.com.mx\/oficial\/2021\/04\/22\/secretaria-de-salud-y-sepyc-habilitan-centros-comunitarios-de-aprendizaje\/","title":{"rendered":"Secretar\u00eda de Salud y Sepyc habilitan Centros Comunitarios de Aprendizaje"},"content":{"rendered":"<div style=\"text-align: justify;\"><img decoding=\"async\" src=\"images\/abril21\/Habilitan.jpg\" alt=\"Habilitan\" style=\"display: block; margin: 20px auto;\" \/><\/div>\n<div style=\"text-align: justify;\">&nbsp;<\/div>\n<div style=\"text-align: justify;\"><span style=\"font-size: 14pt; font-family: arial, helvetica, sans-serif;\">La Secretar\u00eda de Salud, a trav\u00e9s de la Comisi\u00f3n Estatal para la Protecci\u00f3n contra Riesgos Sanitarios de Sinaloa (Coepriss), acompa\u00f1a a la Secretar\u00eda de Educaci\u00f3n P\u00fablica y Cultura&nbsp; (SEPyC) en la habilitaci\u00f3n de escuelas como Centros Comunitarios de Aprendizaje (CCA) en la entidad, mismos que cumplir\u00e1n con protocolos espec\u00edficos para evitar la transmisi\u00f3n del COVID-19.<\/span><\/div>\n<div style=\"text-align: justify;\">&nbsp;<\/div>\n<div style=\"text-align: justify;\"><span style=\"font-size: 14pt; font-family: arial, helvetica, sans-serif;\"><\/span><\/div>\n<div style=\"text-align: justify;\"><span style=\"font-size: 14pt; font-family: arial, helvetica, sans-serif;\">El comisionado Jorge Alan Urbina Vidales inform\u00f3 que la habilitaci\u00f3n de los CCA representa una medida para brindar tutor\u00eda presencial y voluntaria a alumnas y alumnos que requieren atenci\u00f3n por motivo de rezago acad\u00e9mico, o bien, por alguna situaci\u00f3n socioemocional, por tal raz\u00f3n capacitar\u00e1 a personal en los planteles para que estos cumplan con los lineamientos para la limpieza y desinfecci\u00f3n de los espacios escolares.<\/span><\/div>\n<div style=\"text-align: justify;\">&nbsp;<\/div>\n<div style=\"text-align: justify;\"><span style=\"font-size: 14pt; font-family: arial, helvetica, sans-serif;\"><\/span><\/div>\n<div style=\"text-align: justify;\"><span style=\"font-size: 14pt; font-family: arial, helvetica, sans-serif;\">Inform\u00f3 que por instrucciones del gobernador Quirino Ordaz Coppel se estableci\u00f3 una coordinaci\u00f3n entre el titular de SEPyC, Juan Alfonso Mej\u00eda L\u00f3pez, y el secretario de Salud Dr. Efr\u00e9n Encinas Torres.<\/span><\/div>\n<div style=\"text-align: justify;\">&nbsp;<\/div>\n<div style=\"text-align: justify;\"><span style=\"font-size: 14pt; font-family: arial, helvetica, sans-serif;\"><\/span><\/div>\n<div style=\"text-align: justify;\"><span style=\"font-size: 14pt; font-family: arial, helvetica, sans-serif;\">\u201cPersonal de la Comisi\u00f3n Estatal para la Protecci\u00f3n Contra Riesgos Sanitarios de Sinaloa capacitar\u00e1 v\u00eda zoom a directivos y padres de familia sobre los lineamientos para limpiar y desinfectar los espacios escolares que funcionar\u00e1n como CCA en la etapa inicial con el prop\u00f3sito de brindar asesor\u00eda para la regularizaci\u00f3n de estudiantes\u201d, dijo.<\/span><\/div>\n<div style=\"text-align: justify;\">&nbsp;<\/div>\n<div style=\"text-align: justify;\">&nbsp;<\/div>\n<div style=\"text-align: justify;\"><span style=\"font-size: 14pt; font-family: arial, helvetica, sans-serif;\">Precis\u00f3 que en esta labor participan expertos sanitarios que han dise\u00f1ado un plan de acci\u00f3n con medidas sanitarias orientadas a cuidar la salud de alumnos, docentes y padres de familia.<\/span><\/div>\n<div style=\"text-align: justify;\">&nbsp;<\/div>\n<div style=\"text-align: justify;\"><span style=\"font-size: 14pt; font-family: arial, helvetica, sans-serif;\"><\/span><\/div>\n<div style=\"text-align: justify;\"><span style=\"font-size: 14pt; font-family: arial, helvetica, sans-serif;\">\u201cLa principal v\u00eda de contagio del Covid-19 es de persona a persona, pero tambi\u00e9n puede transmitirse por contacto con superficies y objetos contaminados, por lo que la sana distancia debe ir de la mano de la higiene personal y la limpieza del entorno con agua y jab\u00f3n y la desinfecci\u00f3n de superficies y objetos de contacto con cloro o alcohol\u201d, subray\u00f3.<\/span><\/div>\n<div style=\"text-align: justify;\">&nbsp;<\/div>\n<div style=\"text-align: justify;\"><span style=\"font-size: 14pt; font-family: arial, helvetica, sans-serif;\"><\/span><\/div>\n<div style=\"text-align: justify;\"><span style=\"font-size: 14pt; font-family: arial, helvetica, sans-serif;\">\u201cEs fundamental la operaci\u00f3n de filtros sanitarios, el lavado de manos, uso obligatorio de cubrebocas, no tocar nariz, ojos y boca para evitar la autoinoculaci\u00f3n, limpieza individual diaria de pupitres antes de iniciar actividades, limpieza y desinfecci\u00f3n del sal\u00f3n de clases y de toda la escuela, as\u00ed como la sana distancia que forma parte del tri\u00e1ngulo de la vida\u201d, coment\u00f3.<\/span><\/div>\n<div style=\"text-align: justify;\">&nbsp;<\/div>\n<div style=\"text-align: justify;\"><span style=\"font-size: 14pt; font-family: arial, helvetica, sans-serif;\"><\/span><\/div>\n<div style=\"text-align: justify;\"><span style=\"font-size: 14pt; font-family: arial, helvetica, sans-serif;\">Explic\u00f3 que un Centro Comunitario de Aprendizaje es un centro escolar que voluntariamente decide brindar asesor\u00edas a las y los alumnos en condiciones de desventaja. Se integra de grupos de nueve estudiantes, quienes acuden de&nbsp; manera voluntaria.&nbsp;<\/span><\/div>\n<div style=\"text-align: justify;\">&nbsp;<\/div>\n<div style=\"text-align: justify;\"><span style=\"font-size: 14pt; font-family: arial, helvetica, sans-serif;\"><\/span><\/div>\n<div style=\"text-align: justify;\"><span style=\"font-size: 14pt; font-family: arial, helvetica, sans-serif;\">Los CCA que se pondr\u00e1n en operaci\u00f3n ser\u00e1n desde educaci\u00f3n&nbsp; inicial, preescolar, primaria, secundaria, preparatoria y universidad en la modalidad de escuelas p\u00fablicas y privadas.<\/span><\/div>\n<div style=\"text-align: justify;\">&nbsp;<\/div>\n<div style=\"text-align: justify;\"><span style=\"font-size: 14pt; font-family: arial, helvetica, sans-serif;\"><\/span><\/div>\n<div style=\"text-align: justify;\"><span style=\"font-size: 14pt; font-family: arial, helvetica, sans-serif;\">En este esfuerzo participan los directivos de las instituciones educativas con el respaldo de los comit\u00e9s de padres de familia y se espera el apoyo de los 18 Ayuntamientos municipales de la entidad<\/span><\/div>\n<div style=\"text-align: justify;\">&nbsp;<\/div>\n<div style=\"text-align: justify;\">&nbsp;<\/div>\n<div style=\"text-align: justify;\">&nbsp;<\/div>\n<div style=\"text-align: justify;\"><span style=\"font-size: 14pt; font-family: arial, helvetica, sans-serif;\">REDACCI\u00d3N\/VISI\u00d3N CIUDADANA.<\/span><\/div>\n","protected":false},"excerpt":{"rendered":"<p>&nbsp; La Secretar\u00eda de Salud, a trav\u00e9s de la Comisi\u00f3n Estatal para la Protecci\u00f3n contra Riesgos Sanitarios de Sinaloa (Coepriss), acompa\u00f1a a la Secretar\u00eda de Educaci\u00f3n P\u00fablica y Cultura&nbsp; (SEPyC) en la habilitaci\u00f3n de escuelas como Centros Comunitarios de Aprendizaje (CCA) en la entidad, mismos que cumplir\u00e1n con protocolos espec\u00edficos para evitar la transmisi\u00f3n del [&hellip;]<\/p>\n","protected":false},"author":1,"featured_media":389,"comment_status":"closed","ping_status":"closed","sticky":false,"template":"","format":"standard","meta":{"footnotes":""},"categories":[24],"tags":[],"ppma_author":[31],"class_list":["post-16756","post","type-post","status-publish","format-standard","has-post-thumbnail","hentry","category-relevantes"],"aioseo_notices":[],"authors":[{"term_id":31,"user_id":1,"is_guest":0,"slug":"ivan3vino","display_name":"Iv\u00e1n Trevi\u00f1o","avatar_url":{"url":"https:\/\/visionciudadana.com.mx\/oficial\/wp-content\/uploads\/2025\/09\/columna-ivan-Trevino.png","url2x":"https:\/\/visionciudadana.com.mx\/oficial\/wp-content\/uploads\/2025\/09\/columna-ivan-Trevino.png"},"0":null,"1":"","2":"","3":"","4":"","5":"","6":"","7":"","8":""}],"_links":{"self":[{"href":"https:\/\/visionciudadana.com.mx\/oficial\/wp-json\/wp\/v2\/posts\/16756","targetHints":{"allow":["GET"]}}],"collection":[{"href":"https:\/\/visionciudadana.com.mx\/oficial\/wp-json\/wp\/v2\/posts"}],"about":[{"href":"https:\/\/visionciudadana.com.mx\/oficial\/wp-json\/wp\/v2\/types\/post"}],"author":[{"embeddable":true,"href":"https:\/\/visionciudadana.com.mx\/oficial\/wp-json\/wp\/v2\/users\/1"}],"replies":[{"embeddable":true,"href":"https:\/\/visionciudadana.com.mx\/oficial\/wp-json\/wp\/v2\/comments?post=16756"}],"version-history":[{"count":1,"href":"https:\/\/visionciudadana.com.mx\/oficial\/wp-json\/wp\/v2\/posts\/16756\/revisions"}],"predecessor-version":[{"id":31127,"href":"https:\/\/visionciudadana.com.mx\/oficial\/wp-json\/wp\/v2\/posts\/16756\/revisions\/31127"}],"wp:featuredmedia":[{"embeddable":true,"href":"https:\/\/visionciudadana.com.mx\/oficial\/wp-json\/wp\/v2\/posts\/389"}],"wp:attachment":[{"href":"https:\/\/visionciudadana.com.mx\/oficial\/wp-json\/wp\/v2\/media?parent=16756"}],"wp:term":[{"taxonomy":"category","embeddable":true,"href":"https:\/\/visionciudadana.com.mx\/oficial\/wp-json\/wp\/v2\/categories?post=16756"},{"taxonomy":"post_tag","embeddable":true,"href":"https:\/\/visionciudadana.com.mx\/oficial\/wp-json\/wp\/v2\/tags?post=16756"},{"taxonomy":"author","embeddable":true,"href":"https:\/\/visionciudadana.com.mx\/oficial\/wp-json\/wp\/v2\/ppma_author?post=16756"}],"curies":[{"name":"wp","href":"https:\/\/api.w.org\/{rel}","templated":true}]}}